{"id":13542,"date":"2022-08-29T12:21:27","date_gmt":"2022-08-29T10:21:27","guid":{"rendered":"https:\/\/www.czechcyclingfederation.com\/?p=13542"},"modified":"2022-08-29T12:21:29","modified_gmt":"2022-08-29T10:21:29","slug":"tomas-konecny-na-konci-srpna-skonci-jako-reprezentacni-trener-silnicnich-cyklistu","status":"publish","type":"post","link":"https:\/\/www.czechcyclingfederation.com\/en\/tomas-konecny-na-konci-srpna-skonci-jako-reprezentacni-trener-silnicnich-cyklistu\/","title":{"rendered":"Tom\u00e1\u0161 Kone\u010dn\u00fd na konci srpna skon\u010d\u00ed jako reprezenta\u010dn\u00ed tren\u00e9r silni\u010dn\u00edch cyklist\u016f"},"content":{"rendered":"\n<p>Tren\u00e9r \u010desk\u00e9 reprezentace v silni\u010dn\u00ed cyklistice Tom\u00e1\u0161 Kone\u010dn\u00fd skon\u010d\u00ed po 8 letech ve sv\u00e9 funkci. Na vlastn\u00ed \u017e\u00e1dost odejde po vz\u00e1jemn\u00e9 dohod\u011b s veden\u00edm \u010cesk\u00e9ho svazu cyklistiky na konci srpna leto\u0161n\u00edho roku z rodinn\u00fdch d\u016fvod\u016f. Jeho posledn\u00ed akc\u00ed byl etapov\u00fd z\u00e1vod Tour de l\u00b4Avenir ve Francii s&nbsp;reprezentac\u00ed U23.<\/p>\n\n\n\n<p>\u201eR\u00e1d bych \u010cesk\u00e9mu svazu cyklistiky pod\u011bkoval za d\u016fv\u011bru a velmi p\u0159\u00ednosnou spolupr\u00e1ci. Za\u017eil jsem s&nbsp;reprezentac\u00ed spoustu kr\u00e1sn\u00fdch moment\u016f a z\u00edskal mnoho cenn\u00fdch zku\u0161enost\u00ed, kter\u00e9 m\u011b posunuly zase o kus d\u00e1l. Navzdory tomu, jak m\u011b tato \u010dinnost napl\u0148ovala, je to pr\u00e1ce \u010dasov\u011b velmi n\u00e1ro\u010dn\u00e1. \u010clov\u011bk je v&nbsp;sezon\u011b po\u0159\u00e1d na cest\u00e1ch a j\u00e1 c\u00edt\u00edm, \u017ee pot\u0159ebuji trochu p\u0159ibrzdit. Chci tr\u00e1vit v\u00edce \u010dasu s&nbsp;rodinou, proto jsem se rozhodl skon\u010dit. Samoz\u0159ejm\u011b, \u017ee reprezentaci budu bedliv\u011b sledovat d\u00e1l a s&nbsp;cyklistikou jako takovou se nelou\u010d\u00edm. Sv\u00e9mu n\u00e1stupci i reprezentant\u016fm p\u0159eji hodn\u011b \u00fasp\u011bch\u016f,\u201c \u0159ekl Tom\u00e1\u0161 Kone\u010dn\u00fd.<\/p>\n\n\n\n<p>\u201eTom\u00e1\u0161ovi mus\u00edme za ty roky moc pod\u011bkovat. Pod jeho veden\u00edm dos\u00e1hli z\u00e1vodn\u00edci nap\u0159\u00ed\u010d kategoriemi \u0159ady skv\u011bl\u00fdch v\u00fdsledk\u016f i na nejv\u011bt\u0161\u00edch akc\u00edch jako jsou mistrovstv\u00ed sv\u011bta, Evropy nebo dokonce olympi\u00e1da,\u201c uvedl prezident \u010cesk\u00e9ho svazu cyklistiky Petr Marek.<\/p>\n\n\n\n<figure class=\"wp-block-image size-large\"><img loading=\"lazy\" decoding=\"async\" width=\"1024\" height=\"682\" src=\"https:\/\/www.czechcyclingfederation.com\/wp-content\/uploads\/2022\/08\/BrychtaJan_VelkaBites_Brno_VelkaBites_20220327_145347_DSC_4504-1024x682.jpg\" alt=\"\" class=\"wp-image-13544\" srcset=\"https:\/\/www.czechcyclingfederation.com\/wp-content\/uploads\/2022\/08\/BrychtaJan_VelkaBites_Brno_VelkaBites_20220327_145347_DSC_4504-1024x682.jpg 1024w, https:\/\/www.czechcyclingfederation.com\/wp-content\/uploads\/2022\/08\/BrychtaJan_VelkaBites_Brno_VelkaBites_20220327_145347_DSC_4504-300x200.jpg 300w, https:\/\/www.czechcyclingfederation.com\/wp-content\/uploads\/2022\/08\/BrychtaJan_VelkaBites_Brno_VelkaBites_20220327_145347_DSC_4504-768x511.jpg 768w, https:\/\/www.czechcyclingfederation.com\/wp-content\/uploads\/2022\/08\/BrychtaJan_VelkaBites_Brno_VelkaBites_20220327_145347_DSC_4504-1536x1022.jpg 1536w, https:\/\/www.czechcyclingfederation.com\/wp-content\/uploads\/2022\/08\/BrychtaJan_VelkaBites_Brno_VelkaBites_20220327_145347_DSC_4504-2048x1363.jpg 2048w, https:\/\/www.czechcyclingfederation.com\/wp-content\/uploads\/2022\/08\/BrychtaJan_VelkaBites_Brno_VelkaBites_20220327_145347_DSC_4504-1320x879.jpg 1320w\" sizes=\"auto, (max-width: 1024px) 100vw, 1024px\" \/><\/figure>\n\n\n\n<p>V&nbsp;kalend\u00e1\u0159i \u010desk\u00e9 silni\u010dn\u00ed reprezentace v\u0161ak do konce sezony zb\u00fdv\u00e1 je\u0161t\u011b jedna v\u00fdznamn\u00e1 akce. Je j\u00edm mistrovstv\u00ed sv\u011bta, kter\u00e9 na konci z\u00e1\u0159\u00ed host\u00ed australsk\u00fd Wollongong. Podle Lu\u010fka Teleck\u00e9ho, p\u0159edsedy silni\u010dn\u00ed komise \u010cSC, v\u0161ak nen\u00ed pro \u010desk\u00e9 reprezentanty nijak ohro\u017eeno. \u201eTento vrchol sez\u00f3ny zajist\u00ed v pozici reprezenta\u010dn\u00edho tren\u00e9ra Ren\u00e9 Anderle, kter\u00fd p\u016fsob\u00ed dlouhodob\u011b v profesion\u00e1ln\u00ed silni\u010dn\u00ed cyklistice jako sportovn\u00ed \u0159editel a s\u00e1m byl i v\u00fdborn\u00fd z\u00e1vodn\u00edk,\u201c uvedl Teleck\u00fd.&nbsp;<\/p>\n\n\n\n<p>\u201eTom\u00e1\u0161ovi bych cht\u011bl velice pod\u011bkovat za \u00fasil\u00ed, kter\u00e9 v\u011bnoval reprezentaci jako takov\u00e9. Je tak\u00e9 d\u016fle\u017eit\u00e9, \u017ee rozvinul funk\u010dn\u00ed syst\u00e9m podpory reprezentant\u016f zejm\u00e9na s orientac\u00ed na mlad\u00e9 talenty, na kter\u00fd bychom cht\u011bli d\u00e1le nav\u00e1zat. Tom\u00e1\u0161ova n\u00e1stupce budeme s&nbsp;rozmyslem vyb\u00edrat po skon\u010den\u00ed t\u00e9to sezony,\u201c doplnil je\u0161t\u011b Lud\u011bk Teleck\u00fd.<\/p>\n\n\n\n<p>FOTO: Michal \u010cerven\u00fd\/Jan Brychta<\/p>\n","protected":false},"excerpt":{"rendered":"<p>Tren\u00e9r \u010desk\u00e9 reprezentace v silni\u010dn\u00ed cyklistice Tom\u00e1\u0161 Kone\u010dn\u00fd skon\u010d\u00ed po 8 letech ve sv\u00e9 funkci. Na vlastn\u00ed \u017e\u00e1dost odejde po vz\u00e1jemn\u00e9 dohod\u011b s veden\u00edm \u010cesk\u00e9ho svazu cyklistiky na konci srpna leto\u0161n\u00edho roku z rodinn\u00fdch d\u016fvod\u016f. Jeho posledn\u00ed akc\u00ed byl etapov\u00fd z\u00e1vod Tour de l\u00b4Avenir ve Francii s&nbsp;reprezentac\u00ed U23. \u201eR\u00e1d bych \u010cesk\u00e9mu svazu cyklistiky pod\u011bkoval za [&hellip;]<\/p>\n","protected":false},"author":1,"featured_media":13543,"comment_status":"closed","ping_status":"open","sticky":false,"template":"","format":"standard","meta":{"footnotes":""},"categories":[17,2,18],"tags":[11],"class_list":["post-13542","post","type-post","status-publish","format-standard","has-post-thumbnail","hentry","category-discipliny","category-novinky","category-silnice","tag-silnice"],"_links":{"self":[{"href":"https:\/\/www.czechcyclingfederation.com\/en\/wp-json\/wp\/v2\/posts\/13542","targetHints":{"allow":["GET"]}}],"collection":[{"href":"https:\/\/www.czechcyclingfederation.com\/en\/wp-json\/wp\/v2\/posts"}],"about":[{"href":"https:\/\/www.czechcyclingfederation.com\/en\/wp-json\/wp\/v2\/types\/post"}],"author":[{"embeddable":true,"href":"https:\/\/www.czechcyclingfederation.com\/en\/wp-json\/wp\/v2\/users\/1"}],"replies":[{"embeddable":true,"href":"https:\/\/www.czechcyclingfederation.com\/en\/wp-json\/wp\/v2\/comments?post=13542"}],"version-history":[{"count":1,"href":"https:\/\/www.czechcyclingfederation.com\/en\/wp-json\/wp\/v2\/posts\/13542\/revisions"}],"predecessor-version":[{"id":13545,"href":"https:\/\/www.czechcyclingfederation.com\/en\/wp-json\/wp\/v2\/posts\/13542\/revisions\/13545"}],"wp:featuredmedia":[{"embeddable":true,"href":"https:\/\/www.czechcyclingfederation.com\/en\/wp-json\/wp\/v2\/media\/13543"}],"wp:attachment":[{"href":"https:\/\/www.czechcyclingfederation.com\/en\/wp-json\/wp\/v2\/media?parent=13542"}],"wp:term":[{"taxonomy":"category","embeddable":true,"href":"https:\/\/www.czechcyclingfederation.com\/en\/wp-json\/wp\/v2\/categories?post=13542"},{"taxonomy":"post_tag","embeddable":true,"href":"https:\/\/www.czechcyclingfederation.com\/en\/wp-json\/wp\/v2\/tags?post=13542"}],"curies":[{"name":"wp","href":"https:\/\/api.w.org\/{rel}","templated":true}]}}