{"id":13531,"date":"2022-08-28T20:34:30","date_gmt":"2022-08-28T18:34:30","guid":{"rendered":"https:\/\/www.czechcyclingfederation.com\/?p=13531"},"modified":"2022-08-28T20:34:32","modified_gmt":"2022-08-28T18:34:32","slug":"mathias-vacek-desaty-na-aveniru","status":"publish","type":"post","link":"https:\/\/www.czechcyclingfederation.com\/en\/mathias-vacek-desaty-na-aveniru\/","title":{"rendered":"Mathias Vacek des\u00e1t\u00fd na Aveniru"},"content":{"rendered":"\n<p>\u010cesk\u00fd reprezentant do 23 let <strong>Mathias Vacek<\/strong> skon\u010dil des\u00e1t\u00fd na 58. ro\u010dn\u00edku etapov\u00e9ho z\u00e1vodu Tour de l\u00b4Avenir, kter\u00e9mu se p\u0159ezd\u00edv\u00e1 mal\u00e1 Tour de France. Celkov\u00fdm v\u00edt\u011bzem se stal 19let\u00fd belgick\u00fd talent Cian Uijtdebroeks.<\/p>\n\n\n\n<p>Z\u00e1v\u011bre\u010dnou etapu vyhr\u00e1l Ital Milesi, ale z\u00e1sadn\u00ed zm\u011bny v&nbsp;po\u0159ad\u00ed u\u017e nep\u0159inesla. Vacek v&nbsp;n\u00ed obsadil jako nejlep\u0161\u00ed z&nbsp;\u010cech\u016f 25.m\u00edsto se ztr\u00e1tou t\u00e9m\u011b\u0159 4 minut. V&nbsp;po\u0159ad\u00ed ale z\u016fstal na stejn\u00e9 pozici, kter\u00e1 mu pat\u0159ila po sobotn\u00ed etap\u011b.<\/p>\n\n\n\n<p><strong><em>\u201eKdy\u017e jsme na Avenir odj\u00ed\u017ed\u011bli, tak jsem vn\u00edmal, \u017ee prvn\u00ed des\u00edtka je hranic\u00ed \u00fasp\u011bchu. A cokoliv lep\u0161\u00edho by bylo super. Tak\u017ee za m\u011b des\u00e1t\u00e9 m\u00edsto dobr\u00e9,\u201c <\/em><\/strong>\u0159ekl reprezenta\u010dn\u00ed tren\u00e9r <strong>Tom\u00e1\u0161 Kone\u010dn\u00fd<\/strong>.<\/p>\n\n\n\n<p><strong><em>\u201ePo p\u00e1te\u010dn\u00ed etap\u011b, kdy Mathias p\u0159ijel vp\u0159edu a byl pr\u016fb\u011b\u017en\u011b sedm\u00fd, jsme v\u011b\u0159ili na prvn\u00ed p\u011btku, ale sobotn\u00ed etapa mu zase moc nesedla a ztratil. Odpadl v\u00a0prvn\u00edm kopci, ale cen\u00edm si toho, \u017ee se nezlomil a bojoval. To sam\u00e9 v\u00a0ned\u011bli. N\u011bkdy je cenn\u011bj\u0161\u00ed to urvat, i kdy\u017e mi to nejde \u00fapln\u011b optim\u00e1ln\u011b. Bylo vid\u011bt, \u017ee Mathiasovi chyb\u00ed z\u00e1vodn\u00ed kilometry, ti ostatn\u00ed kluci jsou v\u00edce rozz\u00e1vod\u011bni. \u00a0Ale celkov\u011b mus\u00edme jeho des\u00e1t\u00e9 m\u00edsto hodnotit jako \u00fasp\u011bch,\u201c<\/em><\/strong> dodal Kone\u010dn\u00fd.<\/p>\n\n\n\n<p><strong>V\u00fdsledky 9. etapy <\/strong>(Bessans\u2013Villaroger, 134,1 km): 1. Milesi (It.) 3:23:59, 2. Segaert (Belg.) -37 s, 3. Costiou (Fr.) -39, 4. Svestad-Bardseng (Nor.) -47, 5. Wilksch (N\u011bm.) -49, \u2026 <strong>25. M. Vacek <\/strong>-3:59, <strong>35. \u0158eha <\/strong>-12:00, <strong>61. Kopeck\u00fd <\/strong>(v\u0161. \u010cR)-16:27.<\/p>\n\n\n\n<p><strong>Kone\u010dn\u00e9 po\u0159ad\u00ed: <\/strong>1. Uijtdebroeks (Belg.) 26:50:12, 2. Staune-Mittet (Nor.) -1:23, 3. Hessmann (N\u011bm.) -2:00, 4. Ryan (Ir.) -2:49, 5. Piganzoli (It.) -3:17, \u2026 <strong>10. M. Vacek <\/strong>-9:38, <strong>28. Kopeck\u00fd <\/strong>-39:56, <strong>52. \u0158eha <\/strong>-1:04:35.<\/p>\n","protected":false},"excerpt":{"rendered":"<p>\u010cesk\u00fd reprezentant do 23 let Mathias Vacek skon\u010dil des\u00e1t\u00fd na 58. ro\u010dn\u00edku etapov\u00e9ho z\u00e1vodu Tour de l\u00b4Avenir, kter\u00e9mu se p\u0159ezd\u00edv\u00e1 mal\u00e1 Tour de France. Celkov\u00fdm v\u00edt\u011bzem se stal 19let\u00fd belgick\u00fd talent Cian Uijtdebroeks. Z\u00e1v\u011bre\u010dnou etapu vyhr\u00e1l Ital Milesi, ale z\u00e1sadn\u00ed zm\u011bny v&nbsp;po\u0159ad\u00ed u\u017e nep\u0159inesla. Vacek v&nbsp;n\u00ed obsadil jako nejlep\u0161\u00ed z&nbsp;\u010cech\u016f 25.m\u00edsto se ztr\u00e1tou t\u00e9m\u011b\u0159 4 [&hellip;]<\/p>\n","protected":false},"author":15,"featured_media":13483,"comment_status":"closed","ping_status":"open","sticky":false,"template":"","format":"standard","meta":{"footnotes":""},"categories":[17,2,18],"tags":[11],"class_list":["post-13531","post","type-post","status-publish","format-standard","has-post-thumbnail","hentry","category-discipliny","category-novinky","category-silnice","tag-silnice"],"_links":{"self":[{"href":"https:\/\/www.czechcyclingfederation.com\/en\/wp-json\/wp\/v2\/posts\/13531","targetHints":{"allow":["GET"]}}],"collection":[{"href":"https:\/\/www.czechcyclingfederation.com\/en\/wp-json\/wp\/v2\/posts"}],"about":[{"href":"https:\/\/www.czechcyclingfederation.com\/en\/wp-json\/wp\/v2\/types\/post"}],"author":[{"embeddable":true,"href":"https:\/\/www.czechcyclingfederation.com\/en\/wp-json\/wp\/v2\/users\/15"}],"replies":[{"embeddable":true,"href":"https:\/\/www.czechcyclingfederation.com\/en\/wp-json\/wp\/v2\/comments?post=13531"}],"version-history":[{"count":1,"href":"https:\/\/www.czechcyclingfederation.com\/en\/wp-json\/wp\/v2\/posts\/13531\/revisions"}],"predecessor-version":[{"id":13532,"href":"https:\/\/www.czechcyclingfederation.com\/en\/wp-json\/wp\/v2\/posts\/13531\/revisions\/13532"}],"wp:featuredmedia":[{"embeddable":true,"href":"https:\/\/www.czechcyclingfederation.com\/en\/wp-json\/wp\/v2\/media\/13483"}],"wp:attachment":[{"href":"https:\/\/www.czechcyclingfederation.com\/en\/wp-json\/wp\/v2\/media?parent=13531"}],"wp:term":[{"taxonomy":"category","embeddable":true,"href":"https:\/\/www.czechcyclingfederation.com\/en\/wp-json\/wp\/v2\/categories?post=13531"},{"taxonomy":"post_tag","embeddable":true,"href":"https:\/\/www.czechcyclingfederation.com\/en\/wp-json\/wp\/v2\/tags?post=13531"}],"curies":[{"name":"wp","href":"https:\/\/api.w.org\/{rel}","templated":true}]}}