{"id":13527,"date":"2022-08-28T18:39:42","date_gmt":"2022-08-28T16:39:42","guid":{"rendered":"https:\/\/www.czechcyclingfederation.com\/?p=13527"},"modified":"2022-08-28T18:40:25","modified_gmt":"2022-08-28T16:40:25","slug":"cink-na-mistrovstvi-sveta-v-elitni-desitce-cabelicka-dvacata","status":"publish","type":"post","link":"https:\/\/www.czechcyclingfederation.com\/en\/cink-na-mistrovstvi-sveta-v-elitni-desitce-cabelicka-dvacata\/","title":{"rendered":"Cink na mistrovstv\u00ed sv\u011bta v elitn\u00ed des\u00edtce, \u010c\u00e1belick\u00e1 dvac\u00e1t\u00e1"},"content":{"rendered":"\n<p><strong>Des\u00e1t\u00fdm m\u00edstem v elitn\u00ed kategorii mu\u017e\u016f zakon\u010dil Ond\u0159ej Cink program sv\u011btov\u00e9ho \u0161ampion\u00e1tu ve francouzsk\u00e9m Les Gets. Mistrem sv\u011bta se stal ji\u017e podes\u00e1t\u00e9 \u0160v\u00fdcar Nino Schurter. St\u0159\u00edbro z\u00edskal \u0160pan\u011bl David Valero, bronz Ital Luca Braidot.<\/strong><\/p>\n\n\n\n<p>Mistr \u010cesk\u00e9 republiky Ond\u0159ej Cink se pohyboval mezi nejlep\u0161\u00edmi ji\u017e od sam\u00e9ho \u00favodu, kdy\u017e ve fini\u0161i vybojoval pro \u010deskou reprezentaci nejv\u00fdrazn\u011bj\u0161\u00ed v\u00fdsledek dne, des\u00e1t\u00e9 m\u00edsto. Na v\u00edt\u011bzn\u00e9ho \u0160v\u00fdcara ztratil necel\u00e9 t\u0159i minuty. Ze \u010dtve\u0159ice \u010desk\u00fdch reprezentant\u016f fini\u0161ovali se ztr\u00e1tou p\u0159es dev\u011bt minut jako 56. Luk\u00e1\u0161 Kobes a 59. Jan \u0160karnitzl. Marek Rauchfuss zaostal o jedno kolo na 73. m\u00edst\u011b.<\/p>\n\n\n\n<p><em>\u201cOndrej Cink dnes bojoval do posledn\u00edho metru a my slav\u00edme um\u00edst\u011bn\u00ed v elitn\u00ed des\u00edtce a postaral se tak, spole\u010dn\u011b se \u0161tafetou, kde fini\u0161oval o nejlep\u0161\u00ed \u010desk\u00fd v\u00fdsledek v Les Gets,\u201d <\/em>komentoval v\u00fdsledek \u010desk\u00e9 jedni\u010dky reprezenta\u010dn\u00ed tren\u00e9r Viktor Zapletal.<\/p>\n\n\n\n<p>Z\u00e1vod elitn\u00edch \u017een zcela ovl\u00e1dla dom\u00e1c\u00ed Pauline Ferrand Pr\u00e9vot, kter\u00e1 dominovala p\u0159ed \u0160v\u00fdcarkou Jolandou Neff a Haley Batten ze Spojen\u00fdch st\u00e1tu. Dvac\u00e1t\u00e9 m\u00edsto a ztr\u00e1tu necel\u00fdch dev\u011bt minut obsadila Jitka \u010c\u00e1belick\u00e1, na 37. m\u00edst\u011b se ztr\u00e1tou kola fini\u0161ovala Tereza Tvar\u016f\u017ekov\u00e1 a 62. ze ztr\u00e1tou dvou kol Karla \u0160t\u011bp\u00e1nov\u00e1.<\/p>\n\n\n\n<p><em>\u201cJitka \u010c\u00e1belick\u00e1 p\u0159edvedla v Les Gets kvalitn\u00ed v\u00fdkon a dvac\u00e1t\u00e9 m\u00edsto v c\u00edli elitn\u00edho z\u00e1vodu \u017een je pro \u010ceskou republiku v\u00edce ne\u017e dobr\u00e9,\u201d<\/em> doplnil v\u00fdsledek \u017een Viktor Zapletal.<\/p>\n\n\n\n<p>\u00da\u010dast v mistrovsk\u00e9m z\u00e1vod\u011b se rozhodla vynechat ze zdravotn\u00edch d\u016fvod\u016f \u010desk\u00e1 \u0161ampionka Jana Czeczinkarov\u00e1.&nbsp;<\/p>\n\n\n\n<p>V z\u00e1vod\u011b do t\u0159iadvaceti let se p\u0159edstavila nad\u011bjn\u00e1 \u010dtve\u0159ice \u010desk\u00fdch reprezentantek, ze kter\u00fdch zajela nejv\u00fdrazn\u011bj\u0161\u00ed v\u00fdsledek na 11. m\u00edst\u011b Ad\u00e9la Holubov\u00e1 se ztr\u00e1tou p\u0159es \u010dty\u0159i minuty. 29. m\u00edsto s mankem p\u0159es dev\u011bt minut obsadila Aneta Novotn\u00e1. Z titulu se radovala dom\u00e1c\u00ed reprezentantka Line Burquier.&nbsp;<\/p>\n\n\n\n<p><em>\u201cV\u00fdborn\u00fd z\u00e1vod jela Ad\u00e9la Holubov\u00e1 v kategorii do t\u0159iadvaceti let, kdy jeden\u00e1ct\u00e9 m\u00edsto na sv\u011bt\u011b je jej\u00ed dosavadn\u00ed \u017eivotn\u00ed maximum,\u201d<\/em> up\u0159esnil reprezenta\u010dn\u00ed tren\u00e9r Viktor Zapletal.<\/p>\n\n\n\n<p>Mezi mu\u017ei z\u00edskal titul sv\u011btov\u00e9ho \u0161ampiona Ital Simone Avondetto. Z trojice \u010cech\u016f se nejv\u00edce p\u0159ibl\u00ed\u017eil na 25. m\u00edst\u011b Jan Zatloukal se ztr\u00e1tou 4:28. Filip Kone\u010dn\u00fd obsadil 36. m\u00edsto, kdy\u017e dojel do c\u00edle \u0161est minut po v\u00edt\u011bzi.&nbsp;<\/p>\n\n\n\n<p><em>\u201cV mu\u017e\u00edch do t\u0159iadvaceti dob\u0159e odstartoval Jan S\u00e1ska, ale postupn\u011b se bohu\u017eel propadal a\u017e na kone\u010dnou 49. p\u0159\u00ed\u010dku. Prav\u00fd opak absolvovali Jan Zatloukal s Filipem Kone\u010dn\u00fdm, kte\u0159\u00ed byli u\u017e na startu \u00fa\u010dastn\u00edky hromadn\u00e9 kolize, kter\u00e1 je zbrzdila, nicm\u00e9n\u011b pak u\u017e jenom stahovali vzniklou ztr\u00e1tu,\u201d<\/em> okomentoval v\u00fdsledky mu\u017e\u016f Viktor Zapletal.<\/p>\n\n\n\n<p><strong>V\u00fdsledky:<\/strong><\/p>\n\n\n\n<p>\u017deny U23:<\/p>\n\n\n\n<p>1. Line Burquier (Fr.) 1:11:09, 2. Puck Pieterse (Niz.) +0:43, 3. Sophie Pedersen (D\u00e1n.) +0:59, &#8230; <strong>11. Ad\u00e9la Holubov\u00e1 +4:26, 29. Aneta Novotn\u00e1 +9:35, 47. Zuzana \u0160af\u00e1\u0159ov\u00e1 -1 kolo, 51. Karol\u00edna Bedrn\u00edkov\u00e1 -1 kolo.<\/strong><\/p>\n\n\n\n<p>Mu\u017ei U23:&nbsp;<\/p>\n\n\n\n<p>1. Simone Avondetto (It.) 1:10:35, 2. Mathis Azzaro (Fr.) +0:28, 3. Luca Schatti (\u0160v\u00fdc.) +0:57, &#8230; <strong>25. Jan Zatloukal +4:28, 36. Filip Kone\u010dn\u00fd +6:16, 49. Jan S\u00e1ska +7:34.&nbsp;<\/strong><\/p>\n\n\n\n<p>\u017deny Elite:<\/p>\n\n\n\n<p>1. Pauline Ferrand Pr\u00e9vot (Fr.) 1:22:08, 2. Jolanda Neff (\u0160v\u00fdc.) +1:35 3. Haley Batten (USA) +2:13 <strong>&#8230; 20. Jitka \u010c\u00e1belick\u00e1 +8:55, 37. Tereza Tvar\u016f\u017ekov\u00e1 -1 kolo, 62. Karla \u0160t\u011bp\u00e1nov\u00e1 -2 kola, DNS Jana Czeczinkarov\u00e1.<\/strong><\/p>\n\n\n\n<p>Mu\u017ei Elite:&nbsp;<\/p>\n\n\n\n<p>1. Nino Schurter (\u0160v\u00fdc.) 1:21:13, 2. David Valero Serrano (\u0160p.) +0:09 3. Luca Braidot (It.) +0:29, \u2026 <strong>10. Ond\u0159ej Cink +2:51, 56. Luk\u00e1\u0161 Kobes +9:27, 59. Jan \u0160karnitzl +9:39, 73. Marek Rauchfuss -1 kolo.<\/strong><\/p>\n","protected":false},"excerpt":{"rendered":"<p>Des\u00e1t\u00fdm m\u00edstem v elitn\u00ed kategorii mu\u017e\u016f zakon\u010dil Ond\u0159ej Cink program sv\u011btov\u00e9ho \u0161ampion\u00e1tu ve francouzsk\u00e9m Les Gets. Mistrem sv\u011bta se stal ji\u017e podes\u00e1t\u00e9 \u0160v\u00fdcar Nino Schurter. St\u0159\u00edbro z\u00edskal \u0160pan\u011bl David Valero, bronz Ital Luca Braidot. Mistr \u010cesk\u00e9 republiky Ond\u0159ej Cink se pohyboval mezi nejlep\u0161\u00edmi ji\u017e od sam\u00e9ho \u00favodu, kdy\u017e ve fini\u0161i vybojoval pro \u010deskou reprezentaci nejv\u00fdrazn\u011bj\u0161\u00ed [&hellip;]<\/p>\n","protected":false},"author":9,"featured_media":13528,"comment_status":"closed","ping_status":"open","sticky":false,"template":"","format":"standard","meta":{"footnotes":""},"categories":[6,2,1],"tags":[10],"class_list":["post-13527","post","type-post","status-publish","format-standard","has-post-thumbnail","hentry","category-mtb","category-novinky","category-uncategorized-cs","tag-mtb"],"_links":{"self":[{"href":"https:\/\/www.czechcyclingfederation.com\/en\/wp-json\/wp\/v2\/posts\/13527","targetHints":{"allow":["GET"]}}],"collection":[{"href":"https:\/\/www.czechcyclingfederation.com\/en\/wp-json\/wp\/v2\/posts"}],"about":[{"href":"https:\/\/www.czechcyclingfederation.com\/en\/wp-json\/wp\/v2\/types\/post"}],"author":[{"embeddable":true,"href":"https:\/\/www.czechcyclingfederation.com\/en\/wp-json\/wp\/v2\/users\/9"}],"replies":[{"embeddable":true,"href":"https:\/\/www.czechcyclingfederation.com\/en\/wp-json\/wp\/v2\/comments?post=13527"}],"version-history":[{"count":1,"href":"https:\/\/www.czechcyclingfederation.com\/en\/wp-json\/wp\/v2\/posts\/13527\/revisions"}],"predecessor-version":[{"id":13529,"href":"https:\/\/www.czechcyclingfederation.com\/en\/wp-json\/wp\/v2\/posts\/13527\/revisions\/13529"}],"wp:featuredmedia":[{"embeddable":true,"href":"https:\/\/www.czechcyclingfederation.com\/en\/wp-json\/wp\/v2\/media\/13528"}],"wp:attachment":[{"href":"https:\/\/www.czechcyclingfederation.com\/en\/wp-json\/wp\/v2\/media?parent=13527"}],"wp:term":[{"taxonomy":"category","embeddable":true,"href":"https:\/\/www.czechcyclingfederation.com\/en\/wp-json\/wp\/v2\/categories?post=13527"},{"taxonomy":"post_tag","embeddable":true,"href":"https:\/\/www.czechcyclingfederation.com\/en\/wp-json\/wp\/v2\/tags?post=13527"}],"curies":[{"name":"wp","href":"https:\/\/api.w.org\/{rel}","templated":true}]}}