{"id":13495,"date":"2022-08-26T21:55:15","date_gmt":"2022-08-26T19:55:15","guid":{"rendered":"https:\/\/www.czechcyclingfederation.com\/?p=13495"},"modified":"2022-08-26T21:55:17","modified_gmt":"2022-08-26T19:55:17","slug":"dan-pedersen-vyhral-omnium-na-memorialu-otmara-malecka","status":"publish","type":"post","link":"https:\/\/www.czechcyclingfederation.com\/en\/dan-pedersen-vyhral-omnium-na-memorialu-otmara-malecka\/","title":{"rendered":"D\u00e1n Pedersen vyhr\u00e1l omnium na Memori\u00e1lu Otmara Male\u010dka"},"content":{"rendered":"\n<p>D\u00e1nsk\u00fd dr\u00e1ha\u0159 Rasmus Pedersen vyhr\u00e1l v \u00favodn\u00edm dnu GP Prost\u011bjov &#8211; Memori\u00e1lu Otmara Male\u010dka omnium, kdy\u017e nasb\u00edral 143 bod\u016f. Za n\u00edm skon\u010dil polsk\u00fd jezdec Kacper Majewski se 135 body a t\u0159et\u00ed byl Ar\u0165jom Zacharov z Kazachst\u00e1nu se 100 body. nejlep\u0161\u00ed z \u010desk\u00fdch z\u00e1vodn\u00edk\u016f byl Adam K\u0159enek z Favoritu Brno se 64 body.<\/p>\n\n\n\n<p>Mezi \u017eenami vyhr\u00e1la Polka Karolina Karasiewiczov\u00e1, Petra \u0160ev\u010d\u00edkov\u00e1 z Dukly Praha obsadila \u0161est\u00e9 m\u00edsto.<\/p>\n\n\n\n<p>V\u00fdsledky:<\/p>\n\n\n\n<p>Omnium:<\/p>\n\n\n\n<p>Mu\u017ei:<\/p>\n\n\n\n<p>1. Pedersen (D\u00e1n.) 143, 2. Majewski (Pol.) 135, 3. Zacharov (Kaz.) 100, 4. Slawek (Pol.) 92, 5. Crista (Rum.) 90, 6. Dik (N\u011bm.) 86, &#8230;10. K\u0159enek 64, 11. \u0160irok\u00fd (oba Favorit Brno) 63.<\/p>\n\n\n\n<p>\u017d\u00e1ci, \u017e\u00e1kyn\u011b, kadetky:<\/p>\n\n\n\n<p>1. Sobota (SR) 4, 2. La Carbonara (TJ Favorit Brno) 5, 3. Lal\u00e1kov\u00e1 (Dukla Praha) 10.<\/p>\n\n\n\n<p>Kadeti:<\/p>\n\n\n\n<p>1. Mat\u011bjek 5, 2. Richter (oba Favorit Brno) 6, 3. A. Icha (Dukla Praha) 9.<\/p>\n\n\n\n<p>\u017deny:<\/p>\n\n\n\n<p>1. Karasiewiczov\u00e1 153, 2. Plosajov\u00e1 132, 3. Majewsk\u00e1 (v\u0161echny Pol.) 118, &#8230;6. \u0160ev\u010d\u00edkov\u00e1 (Dukla Praha) 91.<\/p>\n\n\n\n<p>Junio\u0159i:<\/p>\n\n\n\n<p>Scratch:<\/p>\n\n\n\n<p>1. Poda\u0159il, 2. Kr\u00e1l (oba Dukla Praha), 3. Soukup (TUFO Pardus Prost\u011bjov).<\/p>\n\n\n\n<p>Madison:<\/p>\n\n\n\n<p>1. Poda\u0159il, Kr\u00e1l 45, 2. Soukup, Pokorn\u00fd (TUFO Pardus Prost\u011bjov) 25, 3. Vyso\u010dan, Pad\u011blek (Favorit Brno) 20.<\/p>\n\n\n\n<p>FOTO Ond\u0159ej Va\u010dk\u00e1\u0159<\/p>\n","protected":false},"excerpt":{"rendered":"<p>D\u00e1nsk\u00fd dr\u00e1ha\u0159 Rasmus Pedersen vyhr\u00e1l v \u00favodn\u00edm dnu GP Prost\u011bjov &#8211; Memori\u00e1lu Otmara Male\u010dka omnium, kdy\u017e nasb\u00edral 143 bod\u016f. Za n\u00edm skon\u010dil polsk\u00fd jezdec Kacper Majewski se 135 body a t\u0159et\u00ed byl Ar\u0165jom Zacharov z Kazachst\u00e1nu se 100 body. nejlep\u0161\u00ed z \u010desk\u00fdch z\u00e1vodn\u00edk\u016f byl Adam K\u0159enek z Favoritu Brno se 64 body. Mezi \u017eenami vyhr\u00e1la [&hellip;]<\/p>\n","protected":false},"author":8,"featured_media":13497,"comment_status":"closed","ping_status":"open","sticky":false,"template":"","format":"standard","meta":{"footnotes":""},"categories":[54,2],"tags":[9],"class_list":["post-13495","post","type-post","status-publish","format-standard","has-post-thumbnail","hentry","category-draha","category-novinky","tag-draha"],"_links":{"self":[{"href":"https:\/\/www.czechcyclingfederation.com\/en\/wp-json\/wp\/v2\/posts\/13495","targetHints":{"allow":["GET"]}}],"collection":[{"href":"https:\/\/www.czechcyclingfederation.com\/en\/wp-json\/wp\/v2\/posts"}],"about":[{"href":"https:\/\/www.czechcyclingfederation.com\/en\/wp-json\/wp\/v2\/types\/post"}],"author":[{"embeddable":true,"href":"https:\/\/www.czechcyclingfederation.com\/en\/wp-json\/wp\/v2\/users\/8"}],"replies":[{"embeddable":true,"href":"https:\/\/www.czechcyclingfederation.com\/en\/wp-json\/wp\/v2\/comments?post=13495"}],"version-history":[{"count":1,"href":"https:\/\/www.czechcyclingfederation.com\/en\/wp-json\/wp\/v2\/posts\/13495\/revisions"}],"predecessor-version":[{"id":13498,"href":"https:\/\/www.czechcyclingfederation.com\/en\/wp-json\/wp\/v2\/posts\/13495\/revisions\/13498"}],"wp:featuredmedia":[{"embeddable":true,"href":"https:\/\/www.czechcyclingfederation.com\/en\/wp-json\/wp\/v2\/media\/13497"}],"wp:attachment":[{"href":"https:\/\/www.czechcyclingfederation.com\/en\/wp-json\/wp\/v2\/media?parent=13495"}],"wp:term":[{"taxonomy":"category","embeddable":true,"href":"https:\/\/www.czechcyclingfederation.com\/en\/wp-json\/wp\/v2\/categories?post=13495"},{"taxonomy":"post_tag","embeddable":true,"href":"https:\/\/www.czechcyclingfederation.com\/en\/wp-json\/wp\/v2\/tags?post=13495"}],"curies":[{"name":"wp","href":"https:\/\/api.w.org\/{rel}","templated":true}]}}