{"id":13492,"date":"2022-08-26T21:42:13","date_gmt":"2022-08-26T19:42:13","guid":{"rendered":"https:\/\/www.czechcyclingfederation.com\/?p=13492"},"modified":"2022-08-27T07:28:18","modified_gmt":"2022-08-27T05:28:18","slug":"mistry-sveta-v-short-tracku-jsou-gaze-a-ferrand-prevot","status":"publish","type":"post","link":"https:\/\/www.czechcyclingfederation.com\/en\/mistry-sveta-v-short-tracku-jsou-gaze-a-ferrand-prevot\/","title":{"rendered":"Mistry sv\u011bta v short tracku jsou Gaze a Ferrand-Pr\u00e9vot"},"content":{"rendered":"\n<p><strong>P\u00e1te\u010dn\u00ed program na Mistrovstv\u00ed sv\u011bta ve francouzsk\u00e9m Les Gets pokra\u010doval z\u00e1vody e-biku a short tracku.<\/strong><\/p>\n\n\n\n<p>V short tracku z \u010desk\u00fdch reprezentant\u016f p\u011bkn\u00e9 19. m\u00edsto obsadila v dramatick\u00e9m de\u0161tiv\u00e9m z\u00e1vod\u011b p\u0159ed davem div\u00e1ku Jitka \u010c\u00e1belick\u00e1. Jej\u00ed bratr Jan \u0160karnitzl p\u0159edvedl nem\u00e9n\u011b kvalitn\u00ed v\u00fdkon a 22. m\u00edsto ve sv\u011btov\u00e9 konkurenci je \u00fasp\u011bchem. Zaj\u00edmav\u00e9 je, \u017ee &#8220;\u0160karna&#8221; v Les Gets startoval na sv\u011btov\u00e9m \u0161ampion\u00e1tu ji\u017e p\u0159ed osmn\u00e1cti lety, jako nad\u011bjn\u00fd junior. Luk\u00e1\u0161 Kobes obsadil v t\u011b\u017eko popsateln\u00e9 bou\u0159liv\u00e9 atmosf\u00e9\u0159e 33. a Marek Rauchfuss 38. m\u00edsto.<\/p>\n\n\n\n<p>V z\u00e1vodech e-biku, kter\u00e9 se jely bez \u010desk\u00e9 \u00fa\u010dasti, se ze sv\u011btov\u00fdch titul\u016f radovali \u0160v\u00fdcarka Nicole G\u00f6ldi a Francouz Jerome Gilloux. Z\u00e1vod absolvoval i hv\u011bzdn\u00fd Slov\u00e1k Peter Sagan, kter\u00fd obsadil 16. m\u00edsto se ztr\u00e1tou p\u0159es p\u011bt minut.<\/p>\n\n\n\n<p><strong>V\u00fdsledky:<\/strong><\/p>\n\n\n\n<p>XCC:<\/p>\n\n\n\n<p>\u017deny: 1. Pauline Ferrand Prevot (Fr.) 21:56, 2. Alessandra Keller (\u0160v\u00fdc.) +0:18, 3. Gwendalyn Gibson (USA) +0:21 &#8230; 19. Jitka \u010c\u00e1belick\u00e1 -1 kolo.<\/p>\n\n\n\n<p>Mu\u017ei: 1. Samuel Gaze (NZL) 22:21, 2. Filippo Colombo (\u0160v\u00fdc.) +0:03, 3. Thomas Litscher (\u0160v\u00fdc.) +0:07, &#8230; 22. Jan \u0160karnitzl +0:39, 33. Luk\u00e1\u0161 Kobes +1:20, 38. Marek Rauchfuss -1 kolo.<\/p>\n\n\n\n<p>E-bike:<\/p>\n\n\n\n<p>\u017deny: 1. Nicole Goldi (\u0160v\u00fdc.) 47:00, 2. Justine Tonso (Fr.) +1:15 3. Nathalie Schneitter (\u0160v\u00fdc.) +1:25.<\/p>\n\n\n\n<p>Mu\u017ei: 1. Jerome Gilloux (Fr.) 52:21, 2. Hugo Pigeon (Fr.) +0:29, 3. Joris Ryf (\u0160v\u00fdc.) +0:42.<\/p>\n\n\n\n<p><em>Foto: Jan Brychta<\/em><\/p>\n\n\n\n<figure class=\"wp-block-gallery columns-2 is-cropped wp-block-gallery-1 is-layout-flex wp-block-gallery-is-layout-flex\"><ul class=\"blocks-gallery-grid\"><li class=\"blocks-gallery-item\"><figure><img loading=\"lazy\" decoding=\"async\" width=\"1024\" height=\"681\" src=\"http:\/\/www.czechcyclingfederation.com\/wp-content\/uploads\/2022\/08\/BrychtaJan_UCI_MTB_WorldChampionship_LesGets_20220826_175902_DSC_6790-1024x681.jpg\" alt=\"\" data-id=\"13504\" data-full-url=\"http:\/\/www.czechcyclingfederation.com\/wp-content\/uploads\/2022\/08\/BrychtaJan_UCI_MTB_WorldChampionship_LesGets_20220826_175902_DSC_6790.jpg\" data-link=\"https:\/\/www.czechcyclingfederation.com\/mistry-sveta-v-short-tracku-jsou-gaze-a-ferrand-prevot\/brychtajan_uci_mtb_worldchampionship_lesgets_20220826_175902_dsc_6790\/\" class=\"wp-image-13504\" srcset=\"https:\/\/www.czechcyclingfederation.com\/wp-content\/uploads\/2022\/08\/BrychtaJan_UCI_MTB_WorldChampionship_LesGets_20220826_175902_DSC_6790-1024x681.jpg 1024w, https:\/\/www.czechcyclingfederation.com\/wp-content\/uploads\/2022\/08\/BrychtaJan_UCI_MTB_WorldChampionship_LesGets_20220826_175902_DSC_6790-300x200.jpg 300w, https:\/\/www.czechcyclingfederation.com\/wp-content\/uploads\/2022\/08\/BrychtaJan_UCI_MTB_WorldChampionship_LesGets_20220826_175902_DSC_6790-768x511.jpg 768w, https:\/\/www.czechcyclingfederation.com\/wp-content\/uploads\/2022\/08\/BrychtaJan_UCI_MTB_WorldChampionship_LesGets_20220826_175902_DSC_6790-1536x1022.jpg 1536w, https:\/\/www.czechcyclingfederation.com\/wp-content\/uploads\/2022\/08\/BrychtaJan_UCI_MTB_WorldChampionship_LesGets_20220826_175902_DSC_6790-1320x878.jpg 1320w, https:\/\/www.czechcyclingfederation.com\/wp-content\/uploads\/2022\/08\/BrychtaJan_UCI_MTB_WorldChampionship_LesGets_20220826_175902_DSC_6790.jpg 2000w\" sizes=\"auto, (max-width: 1024px) 100vw, 1024px\" \/><\/figure><\/li><li class=\"blocks-gallery-item\"><figure><img loading=\"lazy\" decoding=\"async\" width=\"1024\" height=\"681\" src=\"http:\/\/www.czechcyclingfederation.com\/wp-content\/uploads\/2022\/08\/BrychtaJan_UCI_MTB_WorldChampionship_LesGets_20220826_175847_DSC_6786-1024x681.jpg\" alt=\"\" data-id=\"13503\" data-full-url=\"http:\/\/www.czechcyclingfederation.com\/wp-content\/uploads\/2022\/08\/BrychtaJan_UCI_MTB_WorldChampionship_LesGets_20220826_175847_DSC_6786.jpg\" data-link=\"https:\/\/www.czechcyclingfederation.com\/mistry-sveta-v-short-tracku-jsou-gaze-a-ferrand-prevot\/brychtajan_uci_mtb_worldchampionship_lesgets_20220826_175847_dsc_6786\/\" class=\"wp-image-13503\" srcset=\"https:\/\/www.czechcyclingfederation.com\/wp-content\/uploads\/2022\/08\/BrychtaJan_UCI_MTB_WorldChampionship_LesGets_20220826_175847_DSC_6786-1024x681.jpg 1024w, https:\/\/www.czechcyclingfederation.com\/wp-content\/uploads\/2022\/08\/BrychtaJan_UCI_MTB_WorldChampionship_LesGets_20220826_175847_DSC_6786-300x200.jpg 300w, https:\/\/www.czechcyclingfederation.com\/wp-content\/uploads\/2022\/08\/BrychtaJan_UCI_MTB_WorldChampionship_LesGets_20220826_175847_DSC_6786-768x511.jpg 768w, https:\/\/www.czechcyclingfederation.com\/wp-content\/uploads\/2022\/08\/BrychtaJan_UCI_MTB_WorldChampionship_LesGets_20220826_175847_DSC_6786-1536x1022.jpg 1536w, https:\/\/www.czechcyclingfederation.com\/wp-content\/uploads\/2022\/08\/BrychtaJan_UCI_MTB_WorldChampionship_LesGets_20220826_175847_DSC_6786-1320x878.jpg 1320w, https:\/\/www.czechcyclingfederation.com\/wp-content\/uploads\/2022\/08\/BrychtaJan_UCI_MTB_WorldChampionship_LesGets_20220826_175847_DSC_6786.jpg 2000w\" sizes=\"auto, (max-width: 1024px) 100vw, 1024px\" \/><\/figure><\/li><li class=\"blocks-gallery-item\"><figure><img loading=\"lazy\" decoding=\"async\" width=\"1024\" height=\"681\" src=\"http:\/\/www.czechcyclingfederation.com\/wp-content\/uploads\/2022\/08\/BrychtaJan_UCI_MTB_WorldChampionship_LesGets_20220826_174521_DSC_6654-1024x681.jpg\" alt=\"\" data-id=\"13501\" data-full-url=\"http:\/\/www.czechcyclingfederation.com\/wp-content\/uploads\/2022\/08\/BrychtaJan_UCI_MTB_WorldChampionship_LesGets_20220826_174521_DSC_6654.jpg\" data-link=\"https:\/\/www.czechcyclingfederation.com\/mistry-sveta-v-short-tracku-jsou-gaze-a-ferrand-prevot\/brychtajan_uci_mtb_worldchampionship_lesgets_20220826_174521_dsc_6654\/\" class=\"wp-image-13501\" srcset=\"https:\/\/www.czechcyclingfederation.com\/wp-content\/uploads\/2022\/08\/BrychtaJan_UCI_MTB_WorldChampionship_LesGets_20220826_174521_DSC_6654-1024x681.jpg 1024w, https:\/\/www.czechcyclingfederation.com\/wp-content\/uploads\/2022\/08\/BrychtaJan_UCI_MTB_WorldChampionship_LesGets_20220826_174521_DSC_6654-300x200.jpg 300w, https:\/\/www.czechcyclingfederation.com\/wp-content\/uploads\/2022\/08\/BrychtaJan_UCI_MTB_WorldChampionship_LesGets_20220826_174521_DSC_6654-768x511.jpg 768w, https:\/\/www.czechcyclingfederation.com\/wp-content\/uploads\/2022\/08\/BrychtaJan_UCI_MTB_WorldChampionship_LesGets_20220826_174521_DSC_6654-1536x1022.jpg 1536w, https:\/\/www.czechcyclingfederation.com\/wp-content\/uploads\/2022\/08\/BrychtaJan_UCI_MTB_WorldChampionship_LesGets_20220826_174521_DSC_6654-1320x878.jpg 1320w, https:\/\/www.czechcyclingfederation.com\/wp-content\/uploads\/2022\/08\/BrychtaJan_UCI_MTB_WorldChampionship_LesGets_20220826_174521_DSC_6654.jpg 2000w\" sizes=\"auto, (max-width: 1024px) 100vw, 1024px\" \/><\/figure><\/li><li class=\"blocks-gallery-item\"><figure><img loading=\"lazy\" decoding=\"async\" width=\"1024\" height=\"681\" src=\"http:\/\/www.czechcyclingfederation.com\/wp-content\/uploads\/2022\/08\/BrychtaJan_UCI_MTB_WorldChampionship_LesGets_20220826_170650_DSC_6410-1024x681.jpg\" alt=\"\" data-id=\"13500\" data-full-url=\"http:\/\/www.czechcyclingfederation.com\/wp-content\/uploads\/2022\/08\/BrychtaJan_UCI_MTB_WorldChampionship_LesGets_20220826_170650_DSC_6410.jpg\" data-link=\"https:\/\/www.czechcyclingfederation.com\/mistry-sveta-v-short-tracku-jsou-gaze-a-ferrand-prevot\/brychtajan_uci_mtb_worldchampionship_lesgets_20220826_170650_dsc_6410\/\" class=\"wp-image-13500\" srcset=\"https:\/\/www.czechcyclingfederation.com\/wp-content\/uploads\/2022\/08\/BrychtaJan_UCI_MTB_WorldChampionship_LesGets_20220826_170650_DSC_6410-1024x681.jpg 1024w, https:\/\/www.czechcyclingfederation.com\/wp-content\/uploads\/2022\/08\/BrychtaJan_UCI_MTB_WorldChampionship_LesGets_20220826_170650_DSC_6410-300x200.jpg 300w, https:\/\/www.czechcyclingfederation.com\/wp-content\/uploads\/2022\/08\/BrychtaJan_UCI_MTB_WorldChampionship_LesGets_20220826_170650_DSC_6410-768x511.jpg 768w, https:\/\/www.czechcyclingfederation.com\/wp-content\/uploads\/2022\/08\/BrychtaJan_UCI_MTB_WorldChampionship_LesGets_20220826_170650_DSC_6410-1536x1022.jpg 1536w, https:\/\/www.czechcyclingfederation.com\/wp-content\/uploads\/2022\/08\/BrychtaJan_UCI_MTB_WorldChampionship_LesGets_20220826_170650_DSC_6410-1320x878.jpg 1320w, https:\/\/www.czechcyclingfederation.com\/wp-content\/uploads\/2022\/08\/BrychtaJan_UCI_MTB_WorldChampionship_LesGets_20220826_170650_DSC_6410.jpg 2000w\" sizes=\"auto, (max-width: 1024px) 100vw, 1024px\" \/><\/figure><\/li><li class=\"blocks-gallery-item\"><figure><img loading=\"lazy\" decoding=\"async\" width=\"1024\" height=\"684\" src=\"http:\/\/www.czechcyclingfederation.com\/wp-content\/uploads\/2022\/08\/BrychtaJan_UCI_MTB_WorldChampionship_LesGets_20220826_170422_DSC_0708-1024x684.jpg\" alt=\"\" data-id=\"13499\" data-full-url=\"http:\/\/www.czechcyclingfederation.com\/wp-content\/uploads\/2022\/08\/BrychtaJan_UCI_MTB_WorldChampionship_LesGets_20220826_170422_DSC_0708.jpg\" data-link=\"https:\/\/www.czechcyclingfederation.com\/mistry-sveta-v-short-tracku-jsou-gaze-a-ferrand-prevot\/brychtajan_uci_mtb_worldchampionship_lesgets_20220826_170422_dsc_0708\/\" class=\"wp-image-13499\" srcset=\"https:\/\/www.czechcyclingfederation.com\/wp-content\/uploads\/2022\/08\/BrychtaJan_UCI_MTB_WorldChampionship_LesGets_20220826_170422_DSC_0708-1024x684.jpg 1024w, https:\/\/www.czechcyclingfederation.com\/wp-content\/uploads\/2022\/08\/BrychtaJan_UCI_MTB_WorldChampionship_LesGets_20220826_170422_DSC_0708-300x200.jpg 300w, https:\/\/www.czechcyclingfederation.com\/wp-content\/uploads\/2022\/08\/BrychtaJan_UCI_MTB_WorldChampionship_LesGets_20220826_170422_DSC_0708-768x513.jpg 768w, https:\/\/www.czechcyclingfederation.com\/wp-content\/uploads\/2022\/08\/BrychtaJan_UCI_MTB_WorldChampionship_LesGets_20220826_170422_DSC_0708-1536x1025.jpg 1536w, https:\/\/www.czechcyclingfederation.com\/wp-content\/uploads\/2022\/08\/BrychtaJan_UCI_MTB_WorldChampionship_LesGets_20220826_170422_DSC_0708-1320x881.jpg 1320w, https:\/\/www.czechcyclingfederation.com\/wp-content\/uploads\/2022\/08\/BrychtaJan_UCI_MTB_WorldChampionship_LesGets_20220826_170422_DSC_0708.jpg 2000w\" sizes=\"auto, (max-width: 1024px) 100vw, 1024px\" \/><\/figure><\/li><\/ul><\/figure>\n","protected":false},"excerpt":{"rendered":"<p>P\u00e1te\u010dn\u00ed program na Mistrovstv\u00ed sv\u011bta ve francouzsk\u00e9m Les Gets pokra\u010doval z\u00e1vody e-biku a short tracku. V short tracku z \u010desk\u00fdch reprezentant\u016f p\u011bkn\u00e9 19. m\u00edsto obsadila v dramatick\u00e9m de\u0161tiv\u00e9m z\u00e1vod\u011b p\u0159ed davem div\u00e1ku Jitka \u010c\u00e1belick\u00e1. Jej\u00ed bratr Jan \u0160karnitzl p\u0159edvedl nem\u00e9n\u011b kvalitn\u00ed v\u00fdkon a 22. m\u00edsto ve sv\u011btov\u00e9 konkurenci je \u00fasp\u011bchem. Zaj\u00edmav\u00e9 je, \u017ee &#8220;\u0160karna&#8221; v [&hellip;]<\/p>\n","protected":false},"author":9,"featured_media":13500,"comment_status":"closed","ping_status":"open","sticky":false,"template":"","format":"standard","meta":{"footnotes":""},"categories":[6,2],"tags":[10],"class_list":["post-13492","post","type-post","status-publish","format-standard","has-post-thumbnail","hentry","category-mtb","category-novinky","tag-mtb"],"_links":{"self":[{"href":"https:\/\/www.czechcyclingfederation.com\/en\/wp-json\/wp\/v2\/posts\/13492","targetHints":{"allow":["GET"]}}],"collection":[{"href":"https:\/\/www.czechcyclingfederation.com\/en\/wp-json\/wp\/v2\/posts"}],"about":[{"href":"https:\/\/www.czechcyclingfederation.com\/en\/wp-json\/wp\/v2\/types\/post"}],"author":[{"embeddable":true,"href":"https:\/\/www.czechcyclingfederation.com\/en\/wp-json\/wp\/v2\/users\/9"}],"replies":[{"embeddable":true,"href":"https:\/\/www.czechcyclingfederation.com\/en\/wp-json\/wp\/v2\/comments?post=13492"}],"version-history":[{"count":2,"href":"https:\/\/www.czechcyclingfederation.com\/en\/wp-json\/wp\/v2\/posts\/13492\/revisions"}],"predecessor-version":[{"id":13506,"href":"https:\/\/www.czechcyclingfederation.com\/en\/wp-json\/wp\/v2\/posts\/13492\/revisions\/13506"}],"wp:featuredmedia":[{"embeddable":true,"href":"https:\/\/www.czechcyclingfederation.com\/en\/wp-json\/wp\/v2\/media\/13500"}],"wp:attachment":[{"href":"https:\/\/www.czechcyclingfederation.com\/en\/wp-json\/wp\/v2\/media?parent=13492"}],"wp:term":[{"taxonomy":"category","embeddable":true,"href":"https:\/\/www.czechcyclingfederation.com\/en\/wp-json\/wp\/v2\/categories?post=13492"},{"taxonomy":"post_tag","embeddable":true,"href":"https:\/\/www.czechcyclingfederation.com\/en\/wp-json\/wp\/v2\/tags?post=13492"}],"curies":[{"name":"wp","href":"https:\/\/api.w.org\/{rel}","templated":true}]}}