{"id":13487,"date":"2022-08-26T19:50:25","date_gmt":"2022-08-26T17:50:25","guid":{"rendered":"https:\/\/www.czechcyclingfederation.com\/?p=13487"},"modified":"2022-08-28T22:09:17","modified_gmt":"2022-08-28T20:09:17","slug":"ctyri-umisteni-mladych-draharu-v-desitce-na-ms","status":"publish","type":"post","link":"https:\/\/www.czechcyclingfederation.com\/en\/ctyri-umisteni-mladych-draharu-v-desitce-na-ms\/","title":{"rendered":"\u010cty\u0159i um\u00edst\u011bn\u00ed mlad\u00fdch dr\u00e1ha\u0159\u016f v des\u00edtce na MS"},"content":{"rendered":"\n<p>\u010cty\u0159i u um\u00edst\u011bn\u00ed v elitn\u00ed des\u00edtce vybojovli dnes \u010de\u0161t\u00ed junio\u0159i a juniorky na sv\u011btov\u00e9m dr\u00e1hov\u00e9m \u0161ampion\u00e1tu v Tel Avivu v Izraeli. Nejv\u00fd\u0161e sko\u010dila p\u00e1t\u00e1 Nat\u00e1lie Mik\u0161an\u00edkov\u00e1 v z\u00e1vodu na 500 m s pevn\u00fdm startem, ve stejn\u00e9 discipl\u00edn\u011b byla S\u00e1ra Peterkov\u00e1 osm\u00e1.<\/p>\n\n\n\n<p>Sprinter Jakub Mal\u00e1\u0161ek ve \u010dtvrtfin\u00e1le nesta\u010dil na Luku Spiegela z N\u011bmecka, kter\u00fd nakonec vybojoval bronz. Zlat\u00fd byl Mattia Predomo z It\u00e1lie, Mal\u00e1\u0161ek byl klasifikov\u00e1n na \u0161est\u00e9 p\u0159\u00ed\u010dce a rovn\u011b\u017e \u0161est\u00e1 byla Ad\u00e9la Markov\u00e1 v bodovac\u00edm z\u00e1vodu. Radovan \u0160tec skon\u010dil v omniu t\u0159in\u00e1ct\u00fd.<\/p>\n\n\n\n<p>Omnium junior\u016f vyhr\u00e1l Carson Mattern z Kanady, st\u00edhac\u00ed z\u00e1vod juniorek Italka Federica Ventureliov\u00e1, bodovac\u00ed z\u00e1vod Heidi Gaugainov\u00e1 z Francie a 500 m s pevn\u00fdm startem Korejka Kim Cha-jong.&nbsp;<\/p>\n\n\n\n<p>V\u00fdsledky:<\/p>\n\n\n\n<p>Junio\u0159i:<\/p>\n\n\n\n<p>Sprint:<\/p>\n\n\n\n<p>Fin\u00e1le: Predomo (It.) &#8211; Elliott (Austr.) 2:0, o 3. m\u00edsto: Spiegel (N\u011bm.) &#8211; Camacho (Kol.) 2:1, &#8230;6. Mal\u00e1\u0161ek (\u010cR) &nbsp;&nbsp;&nbsp;&nbsp;&nbsp;&nbsp;&nbsp;&nbsp;&nbsp;&nbsp;<\/p>\n\n\n\n<p>Omnium:<\/p>\n\n\n\n<p>1. Mattern (Kan.) 120, 2. Ratajczak (Pol.) 111, 3. M\u00fcller (N\u011bm.) 109, &#8230;13. \u0160tec (\u010cR) 58.<\/p>\n\n\n\n<p>Juniorky:<\/p>\n\n\n\n<p>St\u00edhac\u00ed z\u00e1vod:<\/p>\n\n\n\n<p>Fin\u00e1le: Ventureliov\u00e1 (It.) 2:20,701 &#8211; Sharpov\u00e1 (Brit.) 2:23,669, o 3. m\u00edsto: Lallemantov\u00e1 (Fr.) 2:23,734 &#8211; Littbarskiov\u00e1 (N\u011bm.) 2:24,103.<\/p>\n\n\n\n<p>500 m s pevn\u00fdm startem:<\/p>\n\n\n\n<p>1. Kim Cha-jong (Kor.) 35,103, 2. Schneiderov\u00e1 (N\u011bm.) 35,173, 3. Nicolaesov\u00e1 (Belg.) 35,389, &#8230;5. Mik\u0161an\u00edkov\u00e1 36,120, 8. Peterkov\u00e1 (ob\u011b \u010cR) 36,465,<\/p>\n\n\n\n<p>Bodovac\u00ed z\u00e1vod:<\/p>\n\n\n\n<p>1. Gaugainov\u00e1 (Fr.) 45, 2. Patrickov\u00e1 (USA) 30, 3. Koly\u017eukov\u00e1 (Ukr.) 26, &#8230;6. Markov\u00e1 (\u010cR) 10.<\/p>\n\n\n\n<p>FOTO Martin Cetkovsk\u00fd<\/p>\n\n\n\n<figure class=\"wp-block-image size-large\"><img decoding=\"async\" src=\"http:\/\/www.czechcyclingfederation.com\/wp-content\/uploads\/2022\/08\/95e521f2-9d9d-4f54-a976-e88e0b98e3a1-1024x766.jpg\" alt=\"\" class=\"wp-image-13489\" width=\"NaN\" height=\"NaN\" srcset=\"https:\/\/www.czechcyclingfederation.com\/wp-content\/uploads\/2022\/08\/95e521f2-9d9d-4f54-a976-e88e0b98e3a1-1024x766.jpg 1024w, https:\/\/www.czechcyclingfederation.com\/wp-content\/uploads\/2022\/08\/95e521f2-9d9d-4f54-a976-e88e0b98e3a1-267x200.jpg 267w, https:\/\/www.czechcyclingfederation.com\/wp-content\/uploads\/2022\/08\/95e521f2-9d9d-4f54-a976-e88e0b98e3a1-768x575.jpg 768w, https:\/\/www.czechcyclingfederation.com\/wp-content\/uploads\/2022\/08\/95e521f2-9d9d-4f54-a976-e88e0b98e3a1-1536x1149.jpg 1536w, https:\/\/www.czechcyclingfederation.com\/wp-content\/uploads\/2022\/08\/95e521f2-9d9d-4f54-a976-e88e0b98e3a1-1320x987.jpg 1320w, https:\/\/www.czechcyclingfederation.com\/wp-content\/uploads\/2022\/08\/95e521f2-9d9d-4f54-a976-e88e0b98e3a1.jpg 2048w\" sizes=\"(max-width: 1024px) 100vw, 1024px\" \/><\/figure>\n\n\n\n<figure class=\"wp-block-image size-large\"><img decoding=\"async\" src=\"http:\/\/www.czechcyclingfederation.com\/wp-content\/uploads\/2022\/08\/dbe4b8d8-3259-49a8-84a2-8e8bb29e9a60-1024x633.jpg\" alt=\"\" class=\"wp-image-13488\" width=\"NaN\" height=\"NaN\" srcset=\"https:\/\/www.czechcyclingfederation.com\/wp-content\/uploads\/2022\/08\/dbe4b8d8-3259-49a8-84a2-8e8bb29e9a60-1024x633.jpg 1024w, https:\/\/www.czechcyclingfederation.com\/wp-content\/uploads\/2022\/08\/dbe4b8d8-3259-49a8-84a2-8e8bb29e9a60-300x185.jpg 300w, https:\/\/www.czechcyclingfederation.com\/wp-content\/uploads\/2022\/08\/dbe4b8d8-3259-49a8-84a2-8e8bb29e9a60-768x474.jpg 768w, https:\/\/www.czechcyclingfederation.com\/wp-content\/uploads\/2022\/08\/dbe4b8d8-3259-49a8-84a2-8e8bb29e9a60-1536x949.jpg 1536w, https:\/\/www.czechcyclingfederation.com\/wp-content\/uploads\/2022\/08\/dbe4b8d8-3259-49a8-84a2-8e8bb29e9a60-1320x815.jpg 1320w, https:\/\/www.czechcyclingfederation.com\/wp-content\/uploads\/2022\/08\/dbe4b8d8-3259-49a8-84a2-8e8bb29e9a60.jpg 2048w\" sizes=\"(max-width: 1024px) 100vw, 1024px\" \/><\/figure>\n","protected":false},"excerpt":{"rendered":"<p>\u010cty\u0159i u um\u00edst\u011bn\u00ed v elitn\u00ed des\u00edtce vybojovli dnes \u010de\u0161t\u00ed junio\u0159i a juniorky na sv\u011btov\u00e9m dr\u00e1hov\u00e9m \u0161ampion\u00e1tu v Tel Avivu v Izraeli. Nejv\u00fd\u0161e sko\u010dila p\u00e1t\u00e1 Nat\u00e1lie Mik\u0161an\u00edkov\u00e1 v z\u00e1vodu na 500 m s pevn\u00fdm startem, ve stejn\u00e9 discipl\u00edn\u011b byla S\u00e1ra Peterkov\u00e1 osm\u00e1. Sprinter Jakub Mal\u00e1\u0161ek ve \u010dtvrtfin\u00e1le nesta\u010dil na Luku Spiegela z N\u011bmecka, kter\u00fd nakonec vybojoval [&hellip;]<\/p>\n","protected":false},"author":8,"featured_media":13490,"comment_status":"closed","ping_status":"open","sticky":false,"template":"","format":"standard","meta":{"footnotes":""},"categories":[54,2,103],"tags":[9],"class_list":["post-13487","post","type-post","status-publish","format-standard","has-post-thumbnail","hentry","category-draha","category-novinky","category-reprezentace","tag-draha"],"_links":{"self":[{"href":"https:\/\/www.czechcyclingfederation.com\/en\/wp-json\/wp\/v2\/posts\/13487","targetHints":{"allow":["GET"]}}],"collection":[{"href":"https:\/\/www.czechcyclingfederation.com\/en\/wp-json\/wp\/v2\/posts"}],"about":[{"href":"https:\/\/www.czechcyclingfederation.com\/en\/wp-json\/wp\/v2\/types\/post"}],"author":[{"embeddable":true,"href":"https:\/\/www.czechcyclingfederation.com\/en\/wp-json\/wp\/v2\/users\/8"}],"replies":[{"embeddable":true,"href":"https:\/\/www.czechcyclingfederation.com\/en\/wp-json\/wp\/v2\/comments?post=13487"}],"version-history":[{"count":7,"href":"https:\/\/www.czechcyclingfederation.com\/en\/wp-json\/wp\/v2\/posts\/13487\/revisions"}],"predecessor-version":[{"id":13540,"href":"https:\/\/www.czechcyclingfederation.com\/en\/wp-json\/wp\/v2\/posts\/13487\/revisions\/13540"}],"wp:featuredmedia":[{"embeddable":true,"href":"https:\/\/www.czechcyclingfederation.com\/en\/wp-json\/wp\/v2\/media\/13490"}],"wp:attachment":[{"href":"https:\/\/www.czechcyclingfederation.com\/en\/wp-json\/wp\/v2\/media?parent=13487"}],"wp:term":[{"taxonomy":"category","embeddable":true,"href":"https:\/\/www.czechcyclingfederation.com\/en\/wp-json\/wp\/v2\/categories?post=13487"},{"taxonomy":"post_tag","embeddable":true,"href":"https:\/\/www.czechcyclingfederation.com\/en\/wp-json\/wp\/v2\/tags?post=13487"}],"curies":[{"name":"wp","href":"https:\/\/api.w.org\/{rel}","templated":true}]}}