{"id":13481,"date":"2022-08-26T18:45:00","date_gmt":"2022-08-26T16:45:00","guid":{"rendered":"https:\/\/www.czechcyclingfederation.com\/?p=13481"},"modified":"2022-08-28T13:37:06","modified_gmt":"2022-08-28T11:37:06","slug":"mathias-vacek-sedmy-v-horske-etape-tour-de-lavenir","status":"publish","type":"post","link":"https:\/\/www.czechcyclingfederation.com\/en\/mathias-vacek-sedmy-v-horske-etape-tour-de-lavenir\/","title":{"rendered":"Mathias Vacek sedm\u00fd v horsk\u00e9 etap\u011b Tour de l\u00b4Avenir"},"content":{"rendered":"\n<p>\u010cesk\u00fd reprezentant Mathias Vacek obsadil velmi dobr\u00e9 sedm\u00e9 m\u00edsto v&nbsp;t\u011b\u017ek\u00e9 7. etap\u011b z\u00e1vodu Tour de l\u00b4Avenir, b\u011bhem n\u00ed\u017e z\u00e1vodn\u00edci museli zdolat t\u0159i n\u00e1ro\u010dn\u00e1 stoup\u00e1n\u00ed v\u010detn\u011b toho c\u00edlov\u00e9ho kategorie HC do Saint-Francois-Longchamp v nadmo\u0159sk\u00e9 v\u00fd\u0161ce 1&nbsp;600 metr\u016f.<\/p>\n\n\n\n<p>V&nbsp;pr\u016fb\u011b\u017en\u00e9m po\u0159ad\u00ed se Vacek posunul na sedmou p\u0159\u00ed\u010dku. Na n\u011bmeck\u00e9ho l\u00eddra z\u00e1vodu Hessmanna ztr\u00e1c\u00ed 2:11 min., na t\u0159et\u00ed m\u00edsto p\u0159esn\u011b minutu. Etapu vyhr\u00e1l po skv\u011bl\u00e9m v\u00fdkonu 19let\u00fd belgick\u00fd talent Cian Uijtdebroeks, kter\u00fd u\u017e jezd\u00ed za st\u00e1j Bora-Hansgrohe. Do c\u00edle p\u0159ijel osamocen s&nbsp;n\u00e1skokem v\u00edce ne\u017e minutu a posunul se na druh\u00e9 m\u00edsto pr\u016fb\u011b\u017en\u00e9ho po\u0159ad\u00ed.<\/p>\n\n\n\n<p>Nejdel\u0161\u00ed etapu leto\u0161n\u00edho ro\u010dn\u00edku (175,4 km) poznamenal v&nbsp;\u00favodu d\u00e9\u0161\u0165. <em>\u201eJ\u00e1 bohu\u017eel ud\u011blal chybu na druh\u00e9 vrcha\u0159sk\u00e9 pr\u00e9mii, kdy jsem si bral bidon a z\u016fstal jsem hodn\u011b vzadu. Nad\u011blilo se to na t\u0159i skupiny a nezb\u00fdvalo mi ne\u017e jet doraz, abych se dot\u00e1hl dop\u0159edu. Ztratil jsem dost sil,\u201c<\/em> popsal Vacek.<\/p>\n\n\n\n<p>St\u00edha\u010dka se mu na\u0161t\u011bst\u00ed poda\u0159ila, ale v\u011bd\u011bl, \u017ee posledn\u00ed skoro patn\u00e1ctikilometrov\u00e9 stoup\u00e1n\u00ed do c\u00edle mus\u00ed jet hlavou. <em>\u201e\u0158\u00edkal jsem si, \u017ee nebudu bl\u00e1znit a zkou\u0161et chytat n\u011bjak\u00e9 n\u00e1stupy nebo s\u00e1m nastupovat. P\u00e1r lid\u00ed za n\u00e1stupy zaplatilo a jsem r\u00e1d, \u017ee mi ta taktika vy\u0161la. Jsem spokojen\u00fd, posunul jsem se v&nbsp;po\u0159ad\u00ed, na prvn\u00ed p\u011btku skoro nic neztr\u00e1c\u00edm a chci je\u0161t\u011b \u00fato\u010dit d\u00e1l,\u201c<\/em> dodal M. Vacek.<\/p>\n\n\n\n<figure class=\"wp-block-image size-large\"><img loading=\"lazy\" decoding=\"async\" width=\"757\" height=\"536\" src=\"https:\/\/www.czechcyclingfederation.com\/wp-content\/uploads\/2022\/08\/vacek-jedna.jpg\" alt=\"\" class=\"wp-image-13483\" srcset=\"https:\/\/www.czechcyclingfederation.com\/wp-content\/uploads\/2022\/08\/vacek-jedna.jpg 757w, https:\/\/www.czechcyclingfederation.com\/wp-content\/uploads\/2022\/08\/vacek-jedna-282x200.jpg 282w\" sizes=\"auto, (max-width: 757px) 100vw, 757px\" \/><\/figure>\n\n\n\n<p>\u010ce\u0161i \u0161li do etapy oslabeni, Jakub \u0164oupal\u00edk a Petr Kelemen na start nenastoupili. <em>\u201eOba dostali n\u011bjakou vir\u00f3zu, ve \u010dtvrtek ve\u010der m\u011bli teplotu a r\u00e1no se c\u00edtili zesl\u00e1bl\u00ed. Nebylo to k&nbsp;tomu, aby jeli tak t\u011b\u017ekou etapu,\u201c vysv\u011btlil tren\u00e9r Tom\u00e1\u0161 Kone\u010dn\u00fd. \u201eAle ostatn\u00ed kluci se s&nbsp;t\u00edm dneska popasovali se ct\u00ed. Pracovali pro Matesa, vytvo\u0159ili mu dobrou pozici a on to pak dokon\u010dil,\u201c <\/em>dodal.<\/p>\n\n\n\n<p>S&nbsp;um\u00edst\u011bn\u00edm i v\u00fdkonem l\u00eddra \u010desk\u00e9 sestavy Mathiase Vacka byl spokojen. <em>\u201eTa chybi\u010dka ho st\u00e1la dost sil, ale nakonec to zvl\u00e1dl v\u00fdborn\u011b. Posledn\u00ed kopec si vyhodnotil dob\u0159e, bylo pot\u0159eba nebl\u00e1znit a jet sv\u00fdm tempem,\u201c <\/em>p\u0159iznal tren\u00e9r.<\/p>\n\n\n\n<p>Do konce z\u00e1vodu jsou na programu je\u0161t\u011b dv\u011b t\u011b\u017ek\u00e9 etapy. <em>\u201eM\u00e1me to dob\u0159e rozehran\u00e9. V\u0161echno jsou to po\u0159\u00e1d mlad\u00ed kluci bez velk\u00fdch zku\u0161enost\u00ed a st\u00e1t se m\u016f\u017ee je\u0161t\u011b spousta v\u011bc\u00ed. Douf\u00e1m, \u017ee to pro na\u0161e barvy bude dobr\u00e9. \u010cek\u00e1 n\u00e1s n\u00e1ro\u010dn\u00fd v\u00edkend a v\u0161e je otev\u0159en\u00e9,\u201c <\/em>dodal Tom\u00e1\u0161 Kone\u010dn\u00fd.<\/p>\n\n\n\n<p><strong>V\u00fdsledky \u2013 7. etapa <\/strong>(Thonon-les-Bains \u2013 Saint-Francois-Longchamp, 175,4km): 1. Uijtdebroeks (Belg.) 4:27:28, 2. Pignanzoli (It.) -1:16 min., 3. Hessmann (N\u011bm.) -1:25, 4. Francellu (It.), 5. Ryan (Ir.) oba -1:36, 6. Staune-Mittet (Nor.), <strong>7. M. Vacek <\/strong>oba -1:40, \u2026 <strong>25. Kopeck\u00fd <\/strong>-7:39, <strong>44. \u0158eha <\/strong>-15:45, <strong>66. K. Vacek<\/strong> (v\u0161. \u010cR) -22:27.<\/p>\n\n\n\n<p><strong>Pr\u016fb\u011b\u017en\u00e9 po\u0159ad\u00ed: <\/strong>1. Hessmann 20:37:36, 2. Uijtdebroeks -11, 3. Staune-Mittet -1:11, 4. Pignanzoli -1:20, 5. van Belle (Niz.) -1:58, 6. Fancellu (It.), <strong>7. M. Vacek <\/strong>oba -2:11, \u2026 <strong>28. Kopeck\u00fd <\/strong>-14:11, <strong>44. K. Vacek <\/strong>-24:31, <strong>72. \u0158eha <\/strong>-34:25.<\/p>\n","protected":false},"excerpt":{"rendered":"<p>\u010cesk\u00fd reprezentant Mathias Vacek obsadil velmi dobr\u00e9 sedm\u00e9 m\u00edsto v&nbsp;t\u011b\u017ek\u00e9 7. etap\u011b z\u00e1vodu Tour de l\u00b4Avenir, b\u011bhem n\u00ed\u017e z\u00e1vodn\u00edci museli zdolat t\u0159i n\u00e1ro\u010dn\u00e1 stoup\u00e1n\u00ed v\u010detn\u011b toho c\u00edlov\u00e9ho kategorie HC do Saint-Francois-Longchamp v nadmo\u0159sk\u00e9 v\u00fd\u0161ce 1&nbsp;600 metr\u016f. V&nbsp;pr\u016fb\u011b\u017en\u00e9m po\u0159ad\u00ed se Vacek posunul na sedmou p\u0159\u00ed\u010dku. Na n\u011bmeck\u00e9ho l\u00eddra z\u00e1vodu Hessmanna ztr\u00e1c\u00ed 2:11 min., na t\u0159et\u00ed m\u00edsto [&hellip;]<\/p>\n","protected":false},"author":15,"featured_media":13482,"comment_status":"closed","ping_status":"open","sticky":false,"template":"","format":"standard","meta":{"footnotes":""},"categories":[17,2,103,18],"tags":[11],"class_list":["post-13481","post","type-post","status-publish","format-standard","has-post-thumbnail","hentry","category-discipliny","category-novinky","category-reprezentace","category-silnice","tag-silnice"],"_links":{"self":[{"href":"https:\/\/www.czechcyclingfederation.com\/en\/wp-json\/wp\/v2\/posts\/13481","targetHints":{"allow":["GET"]}}],"collection":[{"href":"https:\/\/www.czechcyclingfederation.com\/en\/wp-json\/wp\/v2\/posts"}],"about":[{"href":"https:\/\/www.czechcyclingfederation.com\/en\/wp-json\/wp\/v2\/types\/post"}],"author":[{"embeddable":true,"href":"https:\/\/www.czechcyclingfederation.com\/en\/wp-json\/wp\/v2\/users\/15"}],"replies":[{"embeddable":true,"href":"https:\/\/www.czechcyclingfederation.com\/en\/wp-json\/wp\/v2\/comments?post=13481"}],"version-history":[{"count":3,"href":"https:\/\/www.czechcyclingfederation.com\/en\/wp-json\/wp\/v2\/posts\/13481\/revisions"}],"predecessor-version":[{"id":13524,"href":"https:\/\/www.czechcyclingfederation.com\/en\/wp-json\/wp\/v2\/posts\/13481\/revisions\/13524"}],"wp:featuredmedia":[{"embeddable":true,"href":"https:\/\/www.czechcyclingfederation.com\/en\/wp-json\/wp\/v2\/media\/13482"}],"wp:attachment":[{"href":"https:\/\/www.czechcyclingfederation.com\/en\/wp-json\/wp\/v2\/media?parent=13481"}],"wp:term":[{"taxonomy":"category","embeddable":true,"href":"https:\/\/www.czechcyclingfederation.com\/en\/wp-json\/wp\/v2\/categories?post=13481"},{"taxonomy":"post_tag","embeddable":true,"href":"https:\/\/www.czechcyclingfederation.com\/en\/wp-json\/wp\/v2\/tags?post=13481"}],"curies":[{"name":"wp","href":"https:\/\/api.w.org\/{rel}","templated":true}]}}