{"id":13448,"date":"2022-08-25T22:35:43","date_gmt":"2022-08-25T20:35:43","guid":{"rendered":"https:\/\/www.czechcyclingfederation.com\/?p=13448"},"modified":"2022-08-25T22:35:45","modified_gmt":"2022-08-25T20:35:45","slug":"dve-treti-mista-sevcikove-na-gp-tufo-vc-olomouckeho-kraje","status":"publish","type":"post","link":"https:\/\/www.czechcyclingfederation.com\/en\/dve-treti-mista-sevcikove-na-gp-tufo-vc-olomouckeho-kraje\/","title":{"rendered":"Dv\u011b t\u0159et\u00ed m\u00edsta \u0160ev\u010d\u00edkov\u00e9 na GP Tufo &#8211; VC Olomouck\u00e9ho kraje"},"content":{"rendered":"\n<p>Nej\u00fasp\u011b\u0161n\u011bj\u0161\u00ed z \u010desk\u00fdch jezdc\u016f na GP Tufo &#8211; VC Olomouck\u00e9ho kraje, podniku druh\u00e9 kategorie kalend\u00e1\u0159e UCI v Prost\u011bjov\u011b, byla Petra \u0160ev\u010d\u00edkov\u00e1 z Dukly Praha, kter\u00e1 dvakr\u00e1t vystoupila na stupn\u011b v\u00edt\u011bzek. T\u0159et\u00ed skon\u010dila ve v bodovac\u00edm z\u00e1vodu a spolu s Hankou He\u0159manovskou i v madisonu, nav\u00edc byla \u010dtvrt\u00e1 ve scratchi.<\/p>\n\n\n\n<p>Na stupn\u011b v\u00edt\u011bz\u016f, rovn\u011b\u017e na t\u0159et\u00ed m\u00edsto, se dostali i Adam K\u0159enek se \u0160t\u011bp\u00e1nem \u0160irok\u00fdm (TJ Favorit Brno) v madisonu, kter\u00fd bezpe\u010dn\u011b vyhr\u00e1li D\u00e1nov\u00e9 Niklas Larsen a Rasmus Pedersen.<\/p>\n\n\n\n<p>Na prost\u011bjovsk\u00e9m ov\u00e1lu se bude z\u00e1vodit i v p\u00e1tek, kdy je na programu dal\u0161\u00ed z\u00e1vod kategorie 2 UCI Memori\u00e1l Otmara Male\u010dka.<\/p>\n\n\n\n<p>V\u00fdsledky:<\/p>\n\n\n\n<p>Mu\u017ei:<\/p>\n\n\n\n<p>Madison:<\/p>\n\n\n\n<p>1. Larsen, Pedersen (D\u00e1n.) 60, 2. Lezica, Ruiz (Arg.) 28, 3. K\u0159enek, \u0160irok\u00fd (TJ Favorit Brno) 19.<\/p>\n\n\n\n<p>Bodovac\u00ed z\u00e1vod:<\/p>\n\n\n\n<p>1. Crista (Rum.) 82, 2. Dik (N\u011bm.) 66, 3. Krawczyk (Pol.) 66, &#8230;10. \u0160irok\u00fd 3.<\/p>\n\n\n\n<p>Scratch:<\/p>\n\n\n\n<p>1. Wozniak (Pol.), 2. \u017dhumakan, 3. Zacharov (oba Kaz.), &#8230;9. K\u0159enek.<\/p>\n\n\n\n<p>\u017deny:<\/p>\n\n\n\n<p>Madison:<\/p>\n\n\n\n<p>1. Plosajov\u00e1, Karasiewiczov\u00e1 (Pol.) 38, 2. Gschwentnerov\u00e1, Eberhardtov\u00e1 (Rak.) 0, 3. \u0160ev\u010d\u00edkov\u00e1, He\u0159manovsk\u00e1 (Dukla Praha) -5.<\/p>\n\n\n\n<p>Bodovac\u00ed z\u00e1vod:<\/p>\n\n\n\n<p>1. Karaszewiczov\u00e1 36, 2. Majewsk\u00e1 (Pol.) 27, 3. \u0160ev\u010d\u00edkov\u00e1 25.<\/p>\n\n\n\n<p>Scratch:<\/p>\n\n\n\n<p>1. Wielowsk\u00e1 (Pol.), 2. Ba\u010d\u00edkov\u00e1 (SR), 3. Eberhardtov\u00e1, 4. \u0160ev\u010d\u00edkov\u00e1.<\/p>\n\n\n\n<p>Junio\u0159i:<\/p>\n\n\n\n<p>Omnium:<\/p>\n\n\n\n<p>1. Poda\u0159il (Dukla Praha) 137, 2. Soukup (TUFO Pardus Prost\u011bjov) 121, 3. Kr\u00e1l (Dukla Praha) 114.<\/p>\n\n\n\n<p>FOTO Jan Brychta<\/p>\n","protected":false},"excerpt":{"rendered":"<p>Nej\u00fasp\u011b\u0161n\u011bj\u0161\u00ed z \u010desk\u00fdch jezdc\u016f na GP Tufo &#8211; VC Olomouck\u00e9ho kraje, podniku druh\u00e9 kategorie kalend\u00e1\u0159e UCI v Prost\u011bjov\u011b, byla Petra \u0160ev\u010d\u00edkov\u00e1 z Dukly Praha, kter\u00e1 dvakr\u00e1t vystoupila na stupn\u011b v\u00edt\u011bzek. T\u0159et\u00ed skon\u010dila ve v bodovac\u00edm z\u00e1vodu a spolu s Hankou He\u0159manovskou i v madisonu, nav\u00edc byla \u010dtvrt\u00e1 ve scratchi. Na stupn\u011b v\u00edt\u011bz\u016f, rovn\u011b\u017e na t\u0159et\u00ed [&hellip;]<\/p>\n","protected":false},"author":8,"featured_media":13450,"comment_status":"closed","ping_status":"open","sticky":false,"template":"","format":"standard","meta":{"footnotes":""},"categories":[54,2],"tags":[9],"class_list":["post-13448","post","type-post","status-publish","format-standard","has-post-thumbnail","hentry","category-draha","category-novinky","tag-draha"],"_links":{"self":[{"href":"https:\/\/www.czechcyclingfederation.com\/en\/wp-json\/wp\/v2\/posts\/13448","targetHints":{"allow":["GET"]}}],"collection":[{"href":"https:\/\/www.czechcyclingfederation.com\/en\/wp-json\/wp\/v2\/posts"}],"about":[{"href":"https:\/\/www.czechcyclingfederation.com\/en\/wp-json\/wp\/v2\/types\/post"}],"author":[{"embeddable":true,"href":"https:\/\/www.czechcyclingfederation.com\/en\/wp-json\/wp\/v2\/users\/8"}],"replies":[{"embeddable":true,"href":"https:\/\/www.czechcyclingfederation.com\/en\/wp-json\/wp\/v2\/comments?post=13448"}],"version-history":[{"count":1,"href":"https:\/\/www.czechcyclingfederation.com\/en\/wp-json\/wp\/v2\/posts\/13448\/revisions"}],"predecessor-version":[{"id":13451,"href":"https:\/\/www.czechcyclingfederation.com\/en\/wp-json\/wp\/v2\/posts\/13448\/revisions\/13451"}],"wp:featuredmedia":[{"embeddable":true,"href":"https:\/\/www.czechcyclingfederation.com\/en\/wp-json\/wp\/v2\/media\/13450"}],"wp:attachment":[{"href":"https:\/\/www.czechcyclingfederation.com\/en\/wp-json\/wp\/v2\/media?parent=13448"}],"wp:term":[{"taxonomy":"category","embeddable":true,"href":"https:\/\/www.czechcyclingfederation.com\/en\/wp-json\/wp\/v2\/categories?post=13448"},{"taxonomy":"post_tag","embeddable":true,"href":"https:\/\/www.czechcyclingfederation.com\/en\/wp-json\/wp\/v2\/tags?post=13448"}],"curies":[{"name":"wp","href":"https:\/\/api.w.org\/{rel}","templated":true}]}}