{"id":13438,"date":"2022-08-25T21:16:52","date_gmt":"2022-08-25T19:16:52","guid":{"rendered":"https:\/\/www.czechcyclingfederation.com\/?p=13438"},"modified":"2022-08-26T14:57:24","modified_gmt":"2022-08-26T12:57:24","slug":"ms-mtb-les-gets-novotny-na-21-spesna-22","status":"publish","type":"post","link":"https:\/\/www.czechcyclingfederation.com\/en\/ms-mtb-les-gets-novotny-na-21-spesna-22\/","title":{"rendered":"MS MTB Les Gets: Novotn\u00fd 21., Sp\u011b\u0161n\u00e1 22."},"content":{"rendered":"\n<p><strong>Mistrovstv\u00ed sv\u011bta biker\u016f ve francouzsk\u00e9m Les Gets pokra\u010dovalo ve \u010dtvrtek z\u00e1vody juniorsk\u00fdch kategori\u00ed. V z\u00e1vod\u011b junior\u016f se nejl\u00e9pe prosadil Ondra Novotn\u00fd, kter\u00fd i p\u0159es start ze zadn\u00edch pozic dokon\u010dil z\u00e1vod na 21. m\u00edst\u011b.&nbsp;<\/strong><\/p>\n\n\n\n<p><em>\u201cJunio\u0159i tentokr\u00e1t zvl\u00e1dli z\u00e1vod na sam\u00e9 hranici sv\u00fdch mo\u017enost\u00ed. A\u017e \u0161edes\u00e1t\u00fd mu\u017e na startu, Ondra Novotn\u00fd, v ka\u017ed\u00e9m kole p\u0159edjel \u0159adu sv\u00fdch soupe\u0159\u016f a v c\u00edli z toho bylo 21. m\u00edsto. Patrik \u010cern\u00fd pak vyu\u017eil lep\u0161\u00ed startovn\u00ed pozici, u\u017e v prvn\u00edm kole se dostal z 39. startovn\u00edho m\u00edsta na pozici mezi 20. &#8211; 25. m\u00edstem a v c\u00edli se radoval ze sv\u00e9ho \u017eivotn\u00edho maxima, 24. m\u00edsta,\u201d <\/em>okomentoval z\u00e1vod junior\u016f reprezenta\u010dn\u00ed tren\u00e9r Viktor Zapletal.&nbsp;<\/p>\n\n\n\n<p>Z\u00e1vod junior\u016f ovl\u00e1dl Paul Schehl z N\u011bmecka p\u0159ed \u0160v\u00fdcarem Janem Christenem a Paulem Magnierem z Francie.&nbsp;<\/p>\n\n\n\n<p>V z\u00e1vod\u011b juniorek se nejl\u00e9pe prosadila Simona Sp\u011b\u0161n\u00e1 na 22. m\u00edst\u011b. 32. m\u00edsto obsadila Eli\u0161ka Han\u00e1kov\u00e1. V z\u00e1vod\u011b slavila titul Monique Halter ze \u0160v\u00fdcarska p\u0159ed krajankou Leou Huber a Natali\u00ed Grzegorzewskou z Polska.<\/p>\n\n\n\n<p><strong>V\u00fdsledky:<\/strong><\/p>\n\n\n\n<p>Juniorky:&nbsp;<\/p>\n\n\n\n<p>1. Monique Halter (\u0160v\u00fdc.) 59:37, 2. Lea Huber (\u0160v\u00fdc.) +1:16 3. Natalia Grzegorzewska (Pol.) +1:26, \u2026 <strong>22. Simona Sp\u011b\u0161n\u00e1 +7:17 32. Eli\u0161ka Han\u00e1kov\u00e1 +9:17.<\/strong><\/p>\n\n\n\n<p>Junio\u0159i:&nbsp;<\/p>\n\n\n\n<p>1. Paul Schehl (N\u011bm.) 1:02:48 hod. 2. Jan Christen (\u0160v\u00fdc.) +0:18, 3. Paul Magnier (Fr.) +0:24, \u2026 <strong>21. Ond\u0159ej Novotn\u00fd +4:54, 24. Patrik \u010cern\u00fd +5:22.&nbsp;<\/strong><\/p>\n","protected":false},"excerpt":{"rendered":"<p>Mistrovstv\u00ed sv\u011bta biker\u016f ve francouzsk\u00e9m Les Gets pokra\u010dovalo ve \u010dtvrtek z\u00e1vody juniorsk\u00fdch kategori\u00ed. V z\u00e1vod\u011b junior\u016f se nejl\u00e9pe prosadil Ondra Novotn\u00fd, kter\u00fd i p\u0159es start ze zadn\u00edch pozic dokon\u010dil z\u00e1vod na 21. m\u00edst\u011b.&nbsp; \u201cJunio\u0159i tentokr\u00e1t zvl\u00e1dli z\u00e1vod na sam\u00e9 hranici sv\u00fdch mo\u017enost\u00ed. A\u017e \u0161edes\u00e1t\u00fd mu\u017e na startu, Ondra Novotn\u00fd, v ka\u017ed\u00e9m kole p\u0159edjel \u0159adu sv\u00fdch [&hellip;]<\/p>\n","protected":false},"author":9,"featured_media":13440,"comment_status":"closed","ping_status":"open","sticky":false,"template":"","format":"standard","meta":{"footnotes":""},"categories":[6,2,103],"tags":[10],"class_list":["post-13438","post","type-post","status-publish","format-standard","has-post-thumbnail","hentry","category-mtb","category-novinky","category-reprezentace","tag-mtb"],"_links":{"self":[{"href":"https:\/\/www.czechcyclingfederation.com\/en\/wp-json\/wp\/v2\/posts\/13438","targetHints":{"allow":["GET"]}}],"collection":[{"href":"https:\/\/www.czechcyclingfederation.com\/en\/wp-json\/wp\/v2\/posts"}],"about":[{"href":"https:\/\/www.czechcyclingfederation.com\/en\/wp-json\/wp\/v2\/types\/post"}],"author":[{"embeddable":true,"href":"https:\/\/www.czechcyclingfederation.com\/en\/wp-json\/wp\/v2\/users\/9"}],"replies":[{"embeddable":true,"href":"https:\/\/www.czechcyclingfederation.com\/en\/wp-json\/wp\/v2\/comments?post=13438"}],"version-history":[{"count":2,"href":"https:\/\/www.czechcyclingfederation.com\/en\/wp-json\/wp\/v2\/posts\/13438\/revisions"}],"predecessor-version":[{"id":13442,"href":"https:\/\/www.czechcyclingfederation.com\/en\/wp-json\/wp\/v2\/posts\/13438\/revisions\/13442"}],"wp:featuredmedia":[{"embeddable":true,"href":"https:\/\/www.czechcyclingfederation.com\/en\/wp-json\/wp\/v2\/media\/13440"}],"wp:attachment":[{"href":"https:\/\/www.czechcyclingfederation.com\/en\/wp-json\/wp\/v2\/media?parent=13438"}],"wp:term":[{"taxonomy":"category","embeddable":true,"href":"https:\/\/www.czechcyclingfederation.com\/en\/wp-json\/wp\/v2\/categories?post=13438"},{"taxonomy":"post_tag","embeddable":true,"href":"https:\/\/www.czechcyclingfederation.com\/en\/wp-json\/wp\/v2\/tags?post=13438"}],"curies":[{"name":"wp","href":"https:\/\/api.w.org\/{rel}","templated":true}]}}