{"id":13420,"date":"2022-08-24T17:16:00","date_gmt":"2022-08-24T15:16:00","guid":{"rendered":"https:\/\/www.czechcyclingfederation.com\/?p=13420"},"modified":"2022-08-26T14:58:09","modified_gmt":"2022-08-26T12:58:09","slug":"cesti-bikeri-dojeli-ve-stafete-na-mistrovstvi-sveta-devati","status":"publish","type":"post","link":"https:\/\/www.czechcyclingfederation.com\/en\/cesti-bikeri-dojeli-ve-stafete-na-mistrovstvi-sveta-devati\/","title":{"rendered":"\u010ce\u0161t\u00ed bike\u0159i dojeli ve \u0161tafet\u011b na mistrovstv\u00ed sv\u011bta dev\u00e1t\u00ed"},"content":{"rendered":"\n<p><strong>\u010cesk\u00e1 reprezentace na Mistrovstv\u00ed sv\u011bta ve francouzsk\u00e9m Les Gets dojela v z\u00e1vod\u011b \u0161tafet na dev\u00e1t\u00e9m m\u00edst\u011b.&nbsp;<\/strong><\/p>\n\n\n\n<p>Ze zlata se raduj\u00ed \u0160v\u00fdca\u0159i, st\u0159\u00edbro z\u00edskali Italov\u00e9 a bronzov\u00e9 medaile si odv\u00e1\u017eej\u00ed Ameri\u010dan\u00e9.&nbsp;<\/p>\n\n\n\n<p>\u010cesk\u00fd t\u00fdm, ve slo\u017een\u00ed Jan Zatloukal, Ond\u0159ej Novotn\u00fd, Ad\u00e9la Holubov\u00e1, Simona Sp\u011b\u0161n\u00e1, Tereza Tvar\u016f\u017ekov\u00e1 a Ond\u0159ej Cink, ztratil na stupn\u011b v\u00edt\u011bz\u016f p\u0159es t\u0159i minuty.&nbsp;<\/p>\n\n\n\n<p><em>\u201cS ohledem na absolutn\u00ed sv\u011btovou konkurenci pova\u017eujeme um\u00edst\u011bn\u00ed v elitn\u00ed des\u00edtce za dobr\u00e9 a t\u011b\u0161\u00ed n\u00e1s i individu\u00e1ln\u00ed v\u00fdkony \u010dlen\u016f \u010desk\u00e9 \u0161tafety. \u0160koda p\u00e1du do t\u00e9 doby dob\u0159e jedouc\u00edho juniora Ondry Novotn\u00e9ho, v\u00fdsledek mohl b\u00fdt je\u0161t\u011b lep\u0161\u00ed,\u201d <\/em>okomentoval reprezenta\u010dn\u00ed tren\u00e9r Viktor Zapletal.<\/p>\n\n\n\n<p>Ve \u010dtvrtek pokra\u010duje sv\u011btov\u00fd \u0161ampion\u00e1t z\u00e1vody junior\u016f v olympijsk\u00e9 discipl\u00edn\u011b cross country. V p\u00e1tek jsou na programu z\u00e1vody e-bik\u016f a short track. V sobotu zabojuj\u00ed o medaile sjezda\u0159i a hlavn\u00ed program vyvrchol\u00ed v ned\u011bli z\u00e1vodem cross country kategori\u00ed U23 a Elite.<\/p>\n\n\n\n<p><strong>V\u00fdsledky:<\/strong><\/p>\n\n\n\n<p>1. \u0160v\u00fdcarsko 1:17:14, 2. It\u00e1lie -6, 3. USA -14, 4. D\u00e1nsko -1:19, 5. Francie -1:35, 6. Nizozemsko -2:13, &#8230;<strong>9. \u010cR (Zatloukal, Novotn\u00fd, Holubov\u00e1, Sp\u011b\u0161n\u00e1, Tvar\u016f\u017ekov\u00e1, Cink) -3:17.<\/strong><\/p>\n\n\n\n<iframe loading=\"lazy\" src=\"https:\/\/www.facebook.com\/plugins\/post.php?href=https%3A%2F%2Fwww.facebook.com%2FreprezentaceMTB%2Fposts%2Fpfbid03mS455vAyndpVmGQpNWWreSUUqVaB92fWtFRKLkpavm8bxEMHZkDhgNvTG2qEbTMl&amp;show_text=true&amp;width=500\" width=\"500\" height=\"666\" style=\"border:none;overflow:hidden\" scrolling=\"no\" frameborder=\"0\" allowfullscreen=\"true\" allow=\"autoplay; clipboard-write; encrypted-media; picture-in-picture; web-share\"><\/iframe>\n\n\n\n<p>Foto: Michal \u010cerven\u00fd<\/p>\n","protected":false},"excerpt":{"rendered":"<p>\u010cesk\u00e1 reprezentace na Mistrovstv\u00ed sv\u011bta ve francouzsk\u00e9m Les Gets dojela v z\u00e1vod\u011b \u0161tafet na dev\u00e1t\u00e9m m\u00edst\u011b.&nbsp; Ze zlata se raduj\u00ed \u0160v\u00fdca\u0159i, st\u0159\u00edbro z\u00edskali Italov\u00e9 a bronzov\u00e9 medaile si odv\u00e1\u017eej\u00ed Ameri\u010dan\u00e9.&nbsp; \u010cesk\u00fd t\u00fdm, ve slo\u017een\u00ed Jan Zatloukal, Ond\u0159ej Novotn\u00fd, Ad\u00e9la Holubov\u00e1, Simona Sp\u011b\u0161n\u00e1, Tereza Tvar\u016f\u017ekov\u00e1 a Ond\u0159ej Cink, ztratil na stupn\u011b v\u00edt\u011bz\u016f p\u0159es t\u0159i minuty.&nbsp; \u201cS [&hellip;]<\/p>\n","protected":false},"author":9,"featured_media":13421,"comment_status":"closed","ping_status":"open","sticky":false,"template":"","format":"standard","meta":{"footnotes":""},"categories":[6,2,103],"tags":[10],"class_list":["post-13420","post","type-post","status-publish","format-standard","has-post-thumbnail","hentry","category-mtb","category-novinky","category-reprezentace","tag-mtb"],"_links":{"self":[{"href":"https:\/\/www.czechcyclingfederation.com\/en\/wp-json\/wp\/v2\/posts\/13420","targetHints":{"allow":["GET"]}}],"collection":[{"href":"https:\/\/www.czechcyclingfederation.com\/en\/wp-json\/wp\/v2\/posts"}],"about":[{"href":"https:\/\/www.czechcyclingfederation.com\/en\/wp-json\/wp\/v2\/types\/post"}],"author":[{"embeddable":true,"href":"https:\/\/www.czechcyclingfederation.com\/en\/wp-json\/wp\/v2\/users\/9"}],"replies":[{"embeddable":true,"href":"https:\/\/www.czechcyclingfederation.com\/en\/wp-json\/wp\/v2\/comments?post=13420"}],"version-history":[{"count":2,"href":"https:\/\/www.czechcyclingfederation.com\/en\/wp-json\/wp\/v2\/posts\/13420\/revisions"}],"predecessor-version":[{"id":13423,"href":"https:\/\/www.czechcyclingfederation.com\/en\/wp-json\/wp\/v2\/posts\/13420\/revisions\/13423"}],"wp:featuredmedia":[{"embeddable":true,"href":"https:\/\/www.czechcyclingfederation.com\/en\/wp-json\/wp\/v2\/media\/13421"}],"wp:attachment":[{"href":"https:\/\/www.czechcyclingfederation.com\/en\/wp-json\/wp\/v2\/media?parent=13420"}],"wp:term":[{"taxonomy":"category","embeddable":true,"href":"https:\/\/www.czechcyclingfederation.com\/en\/wp-json\/wp\/v2\/categories?post=13420"},{"taxonomy":"post_tag","embeddable":true,"href":"https:\/\/www.czechcyclingfederation.com\/en\/wp-json\/wp\/v2\/tags?post=13420"}],"curies":[{"name":"wp","href":"https:\/\/api.w.org\/{rel}","templated":true}]}}