{"id":13407,"date":"2022-08-23T20:45:08","date_gmt":"2022-08-23T18:45:08","guid":{"rendered":"https:\/\/www.czechcyclingfederation.com\/?p=13407"},"modified":"2022-08-26T14:58:54","modified_gmt":"2022-08-26T12:58:54","slug":"sedme-misto-ceska-v-tymove-casovce-na-aveniru","status":"publish","type":"post","link":"https:\/\/www.czechcyclingfederation.com\/en\/sedme-misto-ceska-v-tymove-casovce-na-aveniru\/","title":{"rendered":"Sedm\u00e9 m\u00edsto \u010ceska v t\u00fdmov\u00e9 \u010dasovce na Aveniru"},"content":{"rendered":"\n<p>\u010cesk\u00e1 reprezentace do 23 let obsadila v&nbsp;t\u00fdmov\u00e9 \u010dasovce na 28 km \u2013 p\u00e1t\u00e9 etap\u011b z\u00e1vodu Tour de l\u00b4Avenir, sedm\u00e9 m\u00edsto z&nbsp;27 t\u00fdm\u016f. Na v\u00edt\u011bznou sestavu N\u011bmecka ztratili sv\u011b\u0159enci tren\u00e9ra Tom\u00e1\u0161e Kone\u010dn\u00e9ho 52 vte\u0159in.<\/p>\n\n\n\n<p>\u201eV\u00fdsledek je dobr\u00fd. M\u011bli jsme i sm\u016flu, proto\u017ee Petrovi Kelemenovi bouchl t\u011bsn\u011b p\u0159ed startem disk. Bylo to v&nbsp;momentu, kdy se kolo sundalo z&nbsp;trena\u017eeru a u\u017e s&nbsp;t\u00edm ne\u0161lo nic d\u011blat. Vzadu tak m\u011bl jen vysok\u00fd r\u00e1fek. On je zrovna \u010dlov\u011bk, kter\u00fd \u010dasovku um\u00ed a ten disk mu hodn\u011b chyb\u011bl, proto\u017ee by tam jinak odvedl daleko v\u00edc pr\u00e1ce a v\u00edc by toho odt\u00e1hl. Podle m\u011b jsme d\u00edky tomu ztratili tak patn\u00e1ct, mo\u017en\u00e1 dvacet vte\u0159in,\u201c prozradil Tom\u00e1\u0161 Kone\u010dn\u00fd.<\/p>\n\n\n\n<p>\u010casovka byla dost t\u011b\u017ek\u00e1 s&nbsp;n\u011bkolika t\u00e1hl\u00fdmi, a\u017e t\u0159\u00edkilometrov\u00fdmi stoup\u00e1n\u00edmi. \u201eA ne moc technick\u00e1, sp\u00ed\u0161 rovinat\u00e9 \u00faseky a ka\u017ed\u00fd \u010dlov\u011bk by se hodil. Prvn\u00ed dva t\u00fdmy, N\u011bmci a Belgi\u010dan\u00e9, to zvl\u00e1dli excelentn\u011b, ale neb\u00fdt t\u00e9 sm\u016fly, mohli jsme b\u00fdt k&nbsp;p\u00f3diu daleko bl\u00ed\u017e,\u201c litoval tren\u00e9r.<\/p>\n\n\n\n<p>P\u0159esto v\u0161ak s&nbsp;t\u00fdmem vzhl\u00ed\u017eej\u00ed do dal\u0161\u00edch dn\u00ed s&nbsp;optimismem. \u201eAni trochu jsme neslevili z&nbsp;c\u00edle, se kter\u00fdm jsme se p\u0159ijeli, to znamen\u00e1 bojovat o p\u00f3dium v&nbsp;celkov\u00e9m po\u0159ad\u00ed. Jdeme se rv\u00e1t, kluci jsou na\u017ehaveni. \u010cekaj\u00ed n\u00e1s opravdu \u010dty\u0159i t\u011b\u017ek\u00e9 etapy, u\u017e ta st\u0159ede\u010dn\u00ed je takov\u00e1 klasik\u00e1\u0159sk\u00e1 a podle m\u011b odsko\u010d\u00ed n\u011bjak\u00e1 skupina. Mus\u00edme to pohl\u00eddat a d\u00e1l v&nbsp;t\u011bch kopc\u00edch u\u017e to bude jen o noh\u00e1ch,\u201c dodal Kone\u010dn\u00fd.<\/p>\n\n\n\n<p><strong>V\u00fdsledky \u2013 5. etapa&nbsp;<\/strong>(Gueugnon &#8211; Saint Vallier, \u010dasovka t\u00fdm\u016f na 28 km): 1. N\u011bmecko (Wilksch, Hessmann, L\u00fchrs, Steinhauser, Keup, Engelhardt) 32:43 (pr\u016fm\u011br 51,167 km\/h), 2. Belgie -2s, 3. Norsko -23, \u2026&nbsp;<strong>7. \u010cR (Kelemen, M. Vacek, K. Vacek, \u0158eha, Kopeck\u00fd, J. \u0164oupal\u00edk)&nbsp;<\/strong>-52.<\/p>\n\n\n\n<p><strong>Pr\u016fb\u011b\u017en\u00e9 po\u0159ad\u00ed:&nbsp;<\/strong>1. Hessmann 13:04:35, 2. Gloag (Brit.) -5. 3. Wilksch -33, \u2026&nbsp;<strong>18. Kelemen, 19. M. Vacek<\/strong>&nbsp;oba -1:25,&nbsp;<strong>24. K. Vacek&nbsp;<\/strong>-1:38,&nbsp;<strong>27. \u0164oupal\u00edk&nbsp;<\/strong>-1:43,&nbsp;<strong>29. \u0158eha&nbsp;<\/strong>-1:47,&nbsp;<strong>32. Kopeck\u00fd&nbsp;<\/strong>-1:57.<\/p>\n\n\n\n<p>FOTO: Tom\u00e1\u0161 Kone\u010dn\u00fd<\/p>\n","protected":false},"excerpt":{"rendered":"<p>\u010cesk\u00e1 reprezentace do 23 let obsadila v&nbsp;t\u00fdmov\u00e9 \u010dasovce na 28 km \u2013 p\u00e1t\u00e9 etap\u011b z\u00e1vodu Tour de l\u00b4Avenir, sedm\u00e9 m\u00edsto z&nbsp;27 t\u00fdm\u016f. Na v\u00edt\u011bznou sestavu N\u011bmecka ztratili sv\u011b\u0159enci tren\u00e9ra Tom\u00e1\u0161e Kone\u010dn\u00e9ho 52 vte\u0159in. \u201eV\u00fdsledek je dobr\u00fd. M\u011bli jsme i sm\u016flu, proto\u017ee Petrovi Kelemenovi bouchl t\u011bsn\u011b p\u0159ed startem disk. Bylo to v&nbsp;momentu, kdy se kolo sundalo [&hellip;]<\/p>\n","protected":false},"author":15,"featured_media":13235,"comment_status":"closed","ping_status":"open","sticky":false,"template":"","format":"standard","meta":{"footnotes":""},"categories":[17,2,103,18],"tags":[11],"class_list":["post-13407","post","type-post","status-publish","format-standard","has-post-thumbnail","hentry","category-discipliny","category-novinky","category-reprezentace","category-silnice","tag-silnice"],"_links":{"self":[{"href":"https:\/\/www.czechcyclingfederation.com\/en\/wp-json\/wp\/v2\/posts\/13407","targetHints":{"allow":["GET"]}}],"collection":[{"href":"https:\/\/www.czechcyclingfederation.com\/en\/wp-json\/wp\/v2\/posts"}],"about":[{"href":"https:\/\/www.czechcyclingfederation.com\/en\/wp-json\/wp\/v2\/types\/post"}],"author":[{"embeddable":true,"href":"https:\/\/www.czechcyclingfederation.com\/en\/wp-json\/wp\/v2\/users\/15"}],"replies":[{"embeddable":true,"href":"https:\/\/www.czechcyclingfederation.com\/en\/wp-json\/wp\/v2\/comments?post=13407"}],"version-history":[{"count":3,"href":"https:\/\/www.czechcyclingfederation.com\/en\/wp-json\/wp\/v2\/posts\/13407\/revisions"}],"predecessor-version":[{"id":13465,"href":"https:\/\/www.czechcyclingfederation.com\/en\/wp-json\/wp\/v2\/posts\/13407\/revisions\/13465"}],"wp:featuredmedia":[{"embeddable":true,"href":"https:\/\/www.czechcyclingfederation.com\/en\/wp-json\/wp\/v2\/media\/13235"}],"wp:attachment":[{"href":"https:\/\/www.czechcyclingfederation.com\/en\/wp-json\/wp\/v2\/media?parent=13407"}],"wp:term":[{"taxonomy":"category","embeddable":true,"href":"https:\/\/www.czechcyclingfederation.com\/en\/wp-json\/wp\/v2\/categories?post=13407"},{"taxonomy":"post_tag","embeddable":true,"href":"https:\/\/www.czechcyclingfederation.com\/en\/wp-json\/wp\/v2\/tags?post=13407"}],"curies":[{"name":"wp","href":"https:\/\/api.w.org\/{rel}","templated":true}]}}