{"id":13396,"date":"2022-08-23T14:43:34","date_gmt":"2022-08-23T12:43:34","guid":{"rendered":"https:\/\/www.czechcyclingfederation.com\/?p=13396"},"modified":"2022-08-23T14:47:20","modified_gmt":"2022-08-23T12:47:20","slug":"do-harrachova-opet-miri-domaci-bikova-spicka","status":"publish","type":"post","link":"https:\/\/www.czechcyclingfederation.com\/en\/do-harrachova-opet-miri-domaci-bikova-spicka\/","title":{"rendered":"Do Harrachova op\u011bt m\u00ed\u0159\u00ed dom\u00e1c\u00ed bikov\u00e1 \u0161pi\u010dka"},"content":{"rendered":"\n<p><strong>Ji\u017e po druh\u00e9 v roce, po \u010cesk\u00e9m poh\u00e1ru v cross country, zav\u00edt\u00e1 \u010desk\u00e1 bikov\u00e1 \u0161pi\u010dka do Harrachova.&nbsp;<\/strong><\/p>\n\n\n\n<p>3. z\u00e1\u0159\u00ed se uskute\u010dn\u00ed z\u00e1vod Kross Harrachov, kter\u00e9ho se m\u016f\u017eou z\u00fa\u010dastnit amat\u00e9\u0159i i ost\u0159\u00edlen\u00ed bike\u0159i. Sedm\u00fd ro\u010dn\u00edk z\u00e1vodu vedouc\u00ed p\u0159es \u010desko-polskou stranu Krkono\u0161 je za\u0159azen do nejvy\u0161\u0161\u00ed dom\u00e1c\u00ed sout\u011b\u017ee <a href=\"https:\/\/www.poharmtb.cz\/skoda-auto-cp-xcm\">\u0160KODA AUTO \u010cesk\u00fd poh\u00e1r v maratonu<\/a>, jeho\u017e patronem nen\u00ed nikdo jin\u00fd ne\u017e <strong>\u010cesk\u00fd svaz cyklistiky<\/strong>.&nbsp;<\/p>\n\n\n\n<div class=\"wp-block-image\"><figure class=\"aligncenter size-large\"><img loading=\"lazy\" decoding=\"async\" width=\"1024\" height=\"682\" src=\"https:\/\/www.czechcyclingfederation.com\/wp-content\/uploads\/2022\/08\/Prima-CUP-Kross-Harrachov-elite-na-startu-1024x682.jpg\" alt=\"\" class=\"wp-image-13398\" srcset=\"https:\/\/www.czechcyclingfederation.com\/wp-content\/uploads\/2022\/08\/Prima-CUP-Kross-Harrachov-elite-na-startu-1024x682.jpg 1024w, https:\/\/www.czechcyclingfederation.com\/wp-content\/uploads\/2022\/08\/Prima-CUP-Kross-Harrachov-elite-na-startu-300x200.jpg 300w, https:\/\/www.czechcyclingfederation.com\/wp-content\/uploads\/2022\/08\/Prima-CUP-Kross-Harrachov-elite-na-startu-768x512.jpg 768w, https:\/\/www.czechcyclingfederation.com\/wp-content\/uploads\/2022\/08\/Prima-CUP-Kross-Harrachov-elite-na-startu-1536x1024.jpg 1536w, https:\/\/www.czechcyclingfederation.com\/wp-content\/uploads\/2022\/08\/Prima-CUP-Kross-Harrachov-elite-na-startu-1320x880.jpg 1320w, https:\/\/www.czechcyclingfederation.com\/wp-content\/uploads\/2022\/08\/Prima-CUP-Kross-Harrachov-elite-na-startu.jpg 1994w\" sizes=\"auto, (max-width: 1024px) 100vw, 1024px\" \/><\/figure><\/div>\n\n\n\n<p>Trasa z\u00e1vodu navazuje na ji\u017e zn\u00e1m\u00fd maraton z p\u0159ede\u0161l\u00fdch let. Na \u010desk\u00e9 stran\u011b Krkono\u0161 odstartuj\u00ed jezdci stoup\u00e1n\u00edm na <strong>\u010certovu horu (1.021 m n. m.), <\/strong>pot\u00e9 se vydaj\u00ed na Dvora\u010dky (<strong>1.140 m n. m.)<\/strong>, <strong>Horn\u00ed M\u00edse\u010dky (1.024 m n. m.) <\/strong>a z\u00e1v\u011bre\u010dn\u00fd \u010desk\u00fd vrchol <strong>Slezsk\u00e9 sedlo (\u0160pindlerovka) (1.197 m n. m.)<\/strong>. Polsk\u00e1 strana Krkono\u0161 nab\u00eddne n\u011bkolik des\u00edtek kilometr\u016f z\u00e1bavn\u00fdch trail\u016f v okol\u00ed Borowice. Z\u00e1v\u011bre\u010dn\u00fdm stoup\u00e1n\u00edm je <strong>Wysoki Kamie\u0144 (1.058 m n. m.)<\/strong>, odkud se pomalu kles\u00e1 do Harrachova.<\/p>\n\n\n\n<div class=\"wp-block-image\"><figure class=\"aligncenter size-large\"><img loading=\"lazy\" decoding=\"async\" width=\"1024\" height=\"682\" src=\"https:\/\/www.czechcyclingfederation.com\/wp-content\/uploads\/2022\/08\/Prima-CUP-Kross-Harrachov-start-1024x682.jpg\" alt=\"\" class=\"wp-image-13399\" srcset=\"https:\/\/www.czechcyclingfederation.com\/wp-content\/uploads\/2022\/08\/Prima-CUP-Kross-Harrachov-start-1024x682.jpg 1024w, https:\/\/www.czechcyclingfederation.com\/wp-content\/uploads\/2022\/08\/Prima-CUP-Kross-Harrachov-start-300x200.jpg 300w, https:\/\/www.czechcyclingfederation.com\/wp-content\/uploads\/2022\/08\/Prima-CUP-Kross-Harrachov-start-768x512.jpg 768w, https:\/\/www.czechcyclingfederation.com\/wp-content\/uploads\/2022\/08\/Prima-CUP-Kross-Harrachov-start-1536x1024.jpg 1536w, https:\/\/www.czechcyclingfederation.com\/wp-content\/uploads\/2022\/08\/Prima-CUP-Kross-Harrachov-start-1320x880.jpg 1320w, https:\/\/www.czechcyclingfederation.com\/wp-content\/uploads\/2022\/08\/Prima-CUP-Kross-Harrachov-start.jpg 1994w\" sizes=\"auto, (max-width: 1024px) 100vw, 1024px\" \/><\/figure><\/div>\n\n\n\n<p>Krom\u011b nejn\u00e1ro\u010dn\u011bj\u0161\u00ed trasy \u010desk\u00e9ho poh\u00e1ru na 115 kilometr\u016f se amat\u00e9\u0159i z\u00fa\u010dastn\u00ed z\u00e1vodu <strong>na 48 kilometr\u016f<\/strong>, jeho\u017e nejvy\u0161\u0161\u00ed bod Wysoki Kamie\u0144 se nach\u00e1z\u00ed na polsk\u00e9m \u00fazem\u00ed. Obdobnou trasou po polsk\u00e9 stran\u011b Krkono\u0161 se vyd\u00e1 i rodinn\u00e1 Prima j\u00edzda, trasa C na 22 kilometr\u016f, p\u0159izp\u016fsoben\u00e1 mlad\u0161\u00edm \u00fa\u010dastn\u00edk\u016fm, kte\u0159\u00ed objedou vrchol Vysok\u00e9ho jizersk\u00e9ho h\u0159ebene po polsk\u00e9 \u010d\u00e1sti Jizersk\u00fdch hor.<\/p>\n\n\n\n<div class=\"wp-block-image\"><figure class=\"aligncenter size-large\"><img loading=\"lazy\" decoding=\"async\" width=\"1024\" height=\"683\" src=\"https:\/\/www.czechcyclingfederation.com\/wp-content\/uploads\/2022\/08\/Prima-CUP-Kross-Harrachov-start-zavodu-1024x683.jpg\" alt=\"\" class=\"wp-image-13400\" srcset=\"https:\/\/www.czechcyclingfederation.com\/wp-content\/uploads\/2022\/08\/Prima-CUP-Kross-Harrachov-start-zavodu-1024x683.jpg 1024w, https:\/\/www.czechcyclingfederation.com\/wp-content\/uploads\/2022\/08\/Prima-CUP-Kross-Harrachov-start-zavodu-300x200.jpg 300w, https:\/\/www.czechcyclingfederation.com\/wp-content\/uploads\/2022\/08\/Prima-CUP-Kross-Harrachov-start-zavodu-768x512.jpg 768w, https:\/\/www.czechcyclingfederation.com\/wp-content\/uploads\/2022\/08\/Prima-CUP-Kross-Harrachov-start-zavodu-1536x1024.jpg 1536w, https:\/\/www.czechcyclingfederation.com\/wp-content\/uploads\/2022\/08\/Prima-CUP-Kross-Harrachov-start-zavodu-1320x880.jpg 1320w, https:\/\/www.czechcyclingfederation.com\/wp-content\/uploads\/2022\/08\/Prima-CUP-Kross-Harrachov-start-zavodu.jpg 2048w\" sizes=\"auto, (max-width: 1024px) 100vw, 1024px\" \/><\/figure><\/div>\n\n\n\n<p>V z\u00e1zem\u00ed harrachovsk\u00e9ho biatlonov\u00e9ho are\u00e1lu Na kole\u010dku se uskute\u010dn\u00ed tradi\u010dn\u00ed <strong>d\u011btsk\u00e9 z\u00e1vody pro nejmen\u0161\u00ed do 10 let<\/strong>. Ty budou d\u00edky pestr\u00e9mu ter\u00e9nu nev\u0161edn\u00edm z\u00e1\u017eitkem jak pro mal\u00e9, tak velk\u00e9. D\u011bti se na p\u00f3diu mohou t\u011b\u0161it na v\u00fdjime\u010dn\u00e9 ceny z hra\u010dk\u00e1\u0159stv\u00ed Pompo.<\/p>\n\n\n\n<p>Nev\u00e1hejte a p\u0159ije\u010fte si<strong>&nbsp;v sobotu 3. z\u00e1\u0159\u00ed<\/strong> u\u017e\u00edt skv\u011bl\u00fd sportovn\u00ed den a poznat v sedle to nejlep\u0161\u00ed z Krkono\u0161.<\/p>\n\n\n\n<p>Informace o z\u00e1vod\u011b v\u010detn\u011b registrac\u00ed na jednotliv\u00e9 trasy naleznete <a href=\"http:\/\/www.iprimacup.cz\/22-harrachov\/\">na str\u00e1nce z\u00e1vodu<\/a>.<\/p>\n\n\n\n<p>Informace o seri\u00e1lu Prima CUP naleznete na <a href=\"http:\/\/www.iprimacup.cz\" target=\"_blank\" rel=\"noreferrer noopener\">www.iprimacup.cz<\/a>.<\/p>\n","protected":false},"excerpt":{"rendered":"<p>Ji\u017e po druh\u00e9 v roce, po \u010cesk\u00e9m poh\u00e1ru v cross country, zav\u00edt\u00e1 \u010desk\u00e1 bikov\u00e1 \u0161pi\u010dka do Harrachova.&nbsp; 3. z\u00e1\u0159\u00ed se uskute\u010dn\u00ed z\u00e1vod Kross Harrachov, kter\u00e9ho se m\u016f\u017eou z\u00fa\u010dastnit amat\u00e9\u0159i i ost\u0159\u00edlen\u00ed bike\u0159i. Sedm\u00fd ro\u010dn\u00edk z\u00e1vodu vedouc\u00ed p\u0159es \u010desko-polskou stranu Krkono\u0161 je za\u0159azen do nejvy\u0161\u0161\u00ed dom\u00e1c\u00ed sout\u011b\u017ee \u0160KODA AUTO \u010cesk\u00fd poh\u00e1r v maratonu, jeho\u017e patronem nen\u00ed [&hellip;]<\/p>\n","protected":false},"author":9,"featured_media":13397,"comment_status":"closed","ping_status":"open","sticky":false,"template":"","format":"standard","meta":{"footnotes":""},"categories":[6,2],"tags":[10],"class_list":["post-13396","post","type-post","status-publish","format-standard","has-post-thumbnail","hentry","category-mtb","category-novinky","tag-mtb"],"_links":{"self":[{"href":"https:\/\/www.czechcyclingfederation.com\/en\/wp-json\/wp\/v2\/posts\/13396","targetHints":{"allow":["GET"]}}],"collection":[{"href":"https:\/\/www.czechcyclingfederation.com\/en\/wp-json\/wp\/v2\/posts"}],"about":[{"href":"https:\/\/www.czechcyclingfederation.com\/en\/wp-json\/wp\/v2\/types\/post"}],"author":[{"embeddable":true,"href":"https:\/\/www.czechcyclingfederation.com\/en\/wp-json\/wp\/v2\/users\/9"}],"replies":[{"embeddable":true,"href":"https:\/\/www.czechcyclingfederation.com\/en\/wp-json\/wp\/v2\/comments?post=13396"}],"version-history":[{"count":4,"href":"https:\/\/www.czechcyclingfederation.com\/en\/wp-json\/wp\/v2\/posts\/13396\/revisions"}],"predecessor-version":[{"id":13406,"href":"https:\/\/www.czechcyclingfederation.com\/en\/wp-json\/wp\/v2\/posts\/13396\/revisions\/13406"}],"wp:featuredmedia":[{"embeddable":true,"href":"https:\/\/www.czechcyclingfederation.com\/en\/wp-json\/wp\/v2\/media\/13397"}],"wp:attachment":[{"href":"https:\/\/www.czechcyclingfederation.com\/en\/wp-json\/wp\/v2\/media?parent=13396"}],"wp:term":[{"taxonomy":"category","embeddable":true,"href":"https:\/\/www.czechcyclingfederation.com\/en\/wp-json\/wp\/v2\/categories?post=13396"},{"taxonomy":"post_tag","embeddable":true,"href":"https:\/\/www.czechcyclingfederation.com\/en\/wp-json\/wp\/v2\/tags?post=13396"}],"curies":[{"name":"wp","href":"https:\/\/api.w.org\/{rel}","templated":true}]}}