{"id":13395,"date":"2022-08-23T14:45:42","date_gmt":"2022-08-23T12:45:42","guid":{"rendered":"https:\/\/www.czechcyclingfederation.com\/?p=13395"},"modified":"2022-08-26T14:59:16","modified_gmt":"2022-08-26T12:59:16","slug":"soustredeni-reprezentantu-v-kolove","status":"publish","type":"post","link":"https:\/\/www.czechcyclingfederation.com\/en\/soustredeni-reprezentantu-v-kolove\/","title":{"rendered":"Soust\u0159ed\u011bn\u00ed reprezentant\u016f v kolov\u00e9"},"content":{"rendered":"\n<p>Ve dnech 18 &#8211; 20.srpna se v Brn\u011b na Favoritu uskute\u010dnilo soust\u0159ed\u011bn\u00ed reprezentant\u016f v\u0161ech kategori\u00ed v kolov\u00e9.<br>Junio\u0159i a hr\u00e1\u010di kategorie U23 absolvovali tr\u00e9ninky pod veden\u00edm reprezenta\u010dn\u00edch tren\u00e9r\u016f. Juniorsk\u00fdm reprezenta\u010dn\u00edm tren\u00e9rem je b\u00fdval\u00fd mistr sv\u011bta z roku 2004, brn\u011bnsk\u00fd odchovanec Pavel \u0160m\u00edd. Tren\u00e9rem kategorie U23 je zl\u00ednsk\u00fd Milan Chovan\u010d\u00edk.<br>Prvn\u00ed t\u0159i t\u00fdmy leto\u0161n\u00ed prob\u00edhaj\u00edc\u00ed sez\u00f3ny kategorie Elite tr\u00e9novali pod taktovkou reprezenta\u010dn\u00edho tren\u00e9ra, dvojn\u00e1sobn\u00e9ho mistra sv\u011bta Miroslava Bergera.<\/p>\n\n\n\n<p>Mu\u017ei pilovali svoji formu pred za\u010d\u00e1tkem druh\u00e9 poloviny leto\u0161n\u00ed sout\u011b\u017en\u00ed sez\u00f3ny.<br>Hr\u00e1\u010di kategorie U23 se p\u0159ipravovali na vrchol tuzemsk\u00e9 sout\u011b\u017ee, mistrovstv\u00ed \u010cR, kter\u00e9 prob\u011bhne v sobotu 27. srpna v Brn\u011b a nejlep\u0161\u00ed jeden nebo dva t\u00fdmy budou pak reprezentovat \u010cR na Mistrovstv\u00ed Evropy v N\u011bmecku dne 17. z\u00e1\u0159\u00ed.<\/p>\n\n\n\n<p>FOTO: Ji\u0159\u00ed Hrdli\u010dka<\/p>\n","protected":false},"excerpt":{"rendered":"<p>Ve dnech 18 &#8211; 20.srpna se v Brn\u011b na Favoritu uskute\u010dnilo soust\u0159ed\u011bn\u00ed reprezentant\u016f v\u0161ech kategori\u00ed v kolov\u00e9.Junio\u0159i a hr\u00e1\u010di kategorie U23 absolvovali tr\u00e9ninky pod veden\u00edm reprezenta\u010dn\u00edch tren\u00e9r\u016f. Juniorsk\u00fdm reprezenta\u010dn\u00edm tren\u00e9rem je b\u00fdval\u00fd mistr sv\u011bta z roku 2004, brn\u011bnsk\u00fd odchovanec Pavel \u0160m\u00edd. Tren\u00e9rem kategorie U23 je zl\u00ednsk\u00fd Milan Chovan\u010d\u00edk.Prvn\u00ed t\u0159i t\u00fdmy leto\u0161n\u00ed prob\u00edhaj\u00edc\u00ed sez\u00f3ny kategorie Elite [&hellip;]<\/p>\n","protected":false},"author":1,"featured_media":13404,"comment_status":"closed","ping_status":"open","sticky":false,"template":"","format":"standard","meta":{"footnotes":""},"categories":[17,2,103,60],"tags":[61],"class_list":["post-13395","post","type-post","status-publish","format-standard","has-post-thumbnail","hentry","category-discipliny","category-novinky","category-reprezentace","category-salovka","tag-salovka"],"_links":{"self":[{"href":"https:\/\/www.czechcyclingfederation.com\/en\/wp-json\/wp\/v2\/posts\/13395","targetHints":{"allow":["GET"]}}],"collection":[{"href":"https:\/\/www.czechcyclingfederation.com\/en\/wp-json\/wp\/v2\/posts"}],"about":[{"href":"https:\/\/www.czechcyclingfederation.com\/en\/wp-json\/wp\/v2\/types\/post"}],"author":[{"embeddable":true,"href":"https:\/\/www.czechcyclingfederation.com\/en\/wp-json\/wp\/v2\/users\/1"}],"replies":[{"embeddable":true,"href":"https:\/\/www.czechcyclingfederation.com\/en\/wp-json\/wp\/v2\/comments?post=13395"}],"version-history":[{"count":1,"href":"https:\/\/www.czechcyclingfederation.com\/en\/wp-json\/wp\/v2\/posts\/13395\/revisions"}],"predecessor-version":[{"id":13405,"href":"https:\/\/www.czechcyclingfederation.com\/en\/wp-json\/wp\/v2\/posts\/13395\/revisions\/13405"}],"wp:featuredmedia":[{"embeddable":true,"href":"https:\/\/www.czechcyclingfederation.com\/en\/wp-json\/wp\/v2\/media\/13404"}],"wp:attachment":[{"href":"https:\/\/www.czechcyclingfederation.com\/en\/wp-json\/wp\/v2\/media?parent=13395"}],"wp:term":[{"taxonomy":"category","embeddable":true,"href":"https:\/\/www.czechcyclingfederation.com\/en\/wp-json\/wp\/v2\/categories?post=13395"},{"taxonomy":"post_tag","embeddable":true,"href":"https:\/\/www.czechcyclingfederation.com\/en\/wp-json\/wp\/v2\/tags?post=13395"}],"curies":[{"name":"wp","href":"https:\/\/api.w.org\/{rel}","templated":true}]}}