{"id":13381,"date":"2022-08-22T20:49:44","date_gmt":"2022-08-22T18:49:44","guid":{"rendered":"https:\/\/www.czechcyclingfederation.com\/?p=13381"},"modified":"2022-08-26T14:59:40","modified_gmt":"2022-08-26T12:59:40","slug":"ctvrta-etapa-tour-de-avenir-mathias-vacek-zlomil-ram-z-padu-vyvazl-bez-zraneni","status":"publish","type":"post","link":"https:\/\/www.czechcyclingfederation.com\/en\/ctvrta-etapa-tour-de-avenir-mathias-vacek-zlomil-ram-z-padu-vyvazl-bez-zraneni\/","title":{"rendered":"\u010ctvrt\u00e1 etapa Tour de Avenir &#8211; Mathias Vacek zlomil r\u00e1m, z p\u00e1du vyv\u00e1zl bez zran\u011bn\u00ed"},"content":{"rendered":"\n<p>Nep\u0159\u00edzniv\u00e9 po\u010das\u00ed poznamenalo 4. etapu cyklistick\u00e9ho z\u00e1vodu Tour de&nbsp;l\u00b4Avenir, kde startuje i \u010desk\u00e1 reprezentace U23. L\u00eddr t\u00fdmu Mathias Vacek m\u011bl v&nbsp;sam\u00e9m z\u00e1v\u011bru p\u00e1d, p\u0159i kter\u00e9m po kolizi s&nbsp;jedn\u00edm&nbsp;britsk\u00fdm&nbsp;z\u00e1vodn\u00edkem zlomil r\u00e1m&nbsp;sv\u00e9ho&nbsp;Treku, ale na\u0161t\u011bst\u00ed&nbsp;vyv\u00e1zl bez zran\u011bn\u00ed.<\/p>\n\n\n\n<p>\u201eStalo se to asi 400 metr\u016f p\u0159ed c\u00edlem v&nbsp;neutr\u00e1ln\u00ed z\u00f3n\u011b, tak\u017ee dostal \u010das prvn\u00ed skupiny.&nbsp;P\u0159edj\u00ed\u017ed\u011bl Angli\u010dana,&nbsp;kter\u00fd \u0161patn\u011b&nbsp;odst\u0159\u00eddal, drcli do sebe a \u0161li na zem.&nbsp;Byla to takov\u00e1 ne\u0161\u0165astn\u00e1 n\u00e1hoda.&nbsp;Mathias m\u011bl zlomen\u00fd r\u00e1m, ale spadl do tr\u00e1vy a nic se mu nestalo, nen\u00ed ani sed\u0159en\u00fd,\u201c popsal tren\u00e9r reprezentace Tom\u00e1\u0161 Kone\u010dn\u00fd.<\/p>\n\n\n\n<p>\u201eV etap\u011b bylo&nbsp;kv\u016fli de\u0161ti&nbsp;hodn\u011b&nbsp;p\u00e1d\u016f i zran\u011bn\u00ed. Ten nejv\u011bt\u0161\u00ed asi pades\u00e1t kilometr\u016f p\u0159ed c\u00edlem. Peloton se po n\u011bm nad\u011blil na n\u011bkolik skupin. Od n\u00e1s se tam p\u0159ipletl Karel Vacek, ale dojel zp\u00e1tky. Dnes jsme m\u011bli \u0161t\u011bst\u00ed, proto\u017ee v\u0161ech&nbsp;\u0161est&nbsp;na\u0161ich kluk\u016f&nbsp;p\u0159ijelo s&nbsp;minim\u00e1ln\u00ed ztr\u00e1tou a nikomu se nic nestalo. P\u0159ed z\u00edt\u0159ej\u0161\u00ed \u010dasovkou dru\u017estev to je d\u016fle\u017eit\u00e9,\u201c dodal tren\u00e9r.<\/p>\n\n\n\n<figure class=\"wp-block-image size-large\"><img loading=\"lazy\" decoding=\"async\" width=\"1024\" height=\"768\" src=\"https:\/\/www.czechcyclingfederation.com\/wp-content\/uploads\/2022\/08\/kolo-vacek.jpg\" alt=\"\" class=\"wp-image-13382\" srcset=\"https:\/\/www.czechcyclingfederation.com\/wp-content\/uploads\/2022\/08\/kolo-vacek.jpg 1024w, https:\/\/www.czechcyclingfederation.com\/wp-content\/uploads\/2022\/08\/kolo-vacek-267x200.jpg 267w, https:\/\/www.czechcyclingfederation.com\/wp-content\/uploads\/2022\/08\/kolo-vacek-768x576.jpg 768w\" sizes=\"auto, (max-width: 1024px) 100vw, 1024px\" \/><\/figure>\n\n\n\n<p>Nejlep\u0161\u00ed z&nbsp;\u010cech\u016f v&nbsp;pr\u016fb\u011b\u017en\u00e9m po\u0159ad\u00ed Petr&nbsp;Kelemen&nbsp;spadl z&nbsp;druh\u00e9ho na \u0161est\u00e9 m\u00edsto, na&nbsp;nov\u00e9ho l\u00eddra Brita&nbsp;Gloaga, v\u00edt\u011bze etapy, ztr\u00e1c\u00ed 33 vte\u0159in.<\/p>\n\n\n\n<p><strong>4. etapa&nbsp;<\/strong>(Sainte&nbsp;S\u00e9v\u00e8re&nbsp;sur&nbsp;Indre&nbsp;\u2013&nbsp;Chaillac,&nbsp;142,8&nbsp;km): 1.&nbsp;Gloag(Brit.) 3:12:27, 2.&nbsp;Holm&nbsp;J\u00f6rgensen&nbsp;(D\u00e1n.) stejn\u00fd \u010das, 3.&nbsp;Hessmann(N\u011bm.) -3 s, 4. van&nbsp;Unden&nbsp;(Niz.) -29, 5.&nbsp;Kolze&nbsp;(D\u00e1n.) -30, \u2026&nbsp;<strong>35.&nbsp;<\/strong><strong>Kelemen<\/strong><strong>&nbsp;<\/strong>-36,&nbsp;<strong>41. K. Vacek&nbsp;<\/strong>-49, 50.&nbsp;<strong>J.&nbsp;<\/strong><strong>\u0164oupal\u00edk<\/strong>&nbsp;-54,&nbsp;<strong>51. \u0158eha<\/strong>&nbsp;-58,&nbsp;<strong>53. Kopeck\u00fd<\/strong>&nbsp;-1:08,&nbsp;<strong>72. M. Vacek<\/strong>&nbsp;(v\u0161. \u010cR) -36.<\/p>\n\n\n\n<p><strong>Pr\u016fb\u011b\u017en\u00e9 po\u0159ad\u00ed:&nbsp;<\/strong>1.&nbsp;Gloag&nbsp;12:31:49, 2.&nbsp;Hessmann&nbsp;-3, 3. van&nbsp;Unden-29, 4.&nbsp;Kolze&nbsp;-30, 5.&nbsp;Waerenskjold&nbsp;(Nor.) -31,&nbsp;<strong>6.&nbsp;<\/strong><strong>Kelemen<\/strong><strong>&nbsp;<\/strong>-33<strong>, 30. M. Vacek&nbsp;<\/strong>-36,&nbsp;<strong>37. K. Vacek&nbsp;<\/strong>-49,&nbsp;<strong>43.&nbsp;<\/strong><strong>\u0164oupal\u00edk<\/strong><strong>&nbsp;-54<\/strong>,&nbsp;<strong>45. \u0158eha<\/strong>&nbsp;-58,&nbsp;<strong>46. Kopeck\u00fd<\/strong>&nbsp;-1:08.<\/p>\n\n\n\n<p>FOTO: Tom\u00e1\u0161 Kone\u010dn\u00fd<\/p>\n","protected":false},"excerpt":{"rendered":"<p>Nep\u0159\u00edzniv\u00e9 po\u010das\u00ed poznamenalo 4. etapu cyklistick\u00e9ho z\u00e1vodu Tour de&nbsp;l\u00b4Avenir, kde startuje i \u010desk\u00e1 reprezentace U23. L\u00eddr t\u00fdmu Mathias Vacek m\u011bl v&nbsp;sam\u00e9m z\u00e1v\u011bru p\u00e1d, p\u0159i kter\u00e9m po kolizi s&nbsp;jedn\u00edm&nbsp;britsk\u00fdm&nbsp;z\u00e1vodn\u00edkem zlomil r\u00e1m&nbsp;sv\u00e9ho&nbsp;Treku, ale na\u0161t\u011bst\u00ed&nbsp;vyv\u00e1zl bez zran\u011bn\u00ed. \u201eStalo se to asi 400 metr\u016f p\u0159ed c\u00edlem v&nbsp;neutr\u00e1ln\u00ed z\u00f3n\u011b, tak\u017ee dostal \u010das prvn\u00ed skupiny.&nbsp;P\u0159edj\u00ed\u017ed\u011bl Angli\u010dana,&nbsp;kter\u00fd \u0161patn\u011b&nbsp;odst\u0159\u00eddal, drcli do sebe a [&hellip;]<\/p>\n","protected":false},"author":15,"featured_media":13383,"comment_status":"closed","ping_status":"open","sticky":false,"template":"","format":"standard","meta":{"footnotes":""},"categories":[17,2,103,18],"tags":[11],"class_list":["post-13381","post","type-post","status-publish","format-standard","has-post-thumbnail","hentry","category-discipliny","category-novinky","category-reprezentace","category-silnice","tag-silnice"],"_links":{"self":[{"href":"https:\/\/www.czechcyclingfederation.com\/en\/wp-json\/wp\/v2\/posts\/13381","targetHints":{"allow":["GET"]}}],"collection":[{"href":"https:\/\/www.czechcyclingfederation.com\/en\/wp-json\/wp\/v2\/posts"}],"about":[{"href":"https:\/\/www.czechcyclingfederation.com\/en\/wp-json\/wp\/v2\/types\/post"}],"author":[{"embeddable":true,"href":"https:\/\/www.czechcyclingfederation.com\/en\/wp-json\/wp\/v2\/users\/15"}],"replies":[{"embeddable":true,"href":"https:\/\/www.czechcyclingfederation.com\/en\/wp-json\/wp\/v2\/comments?post=13381"}],"version-history":[{"count":2,"href":"https:\/\/www.czechcyclingfederation.com\/en\/wp-json\/wp\/v2\/posts\/13381\/revisions"}],"predecessor-version":[{"id":13466,"href":"https:\/\/www.czechcyclingfederation.com\/en\/wp-json\/wp\/v2\/posts\/13381\/revisions\/13466"}],"wp:featuredmedia":[{"embeddable":true,"href":"https:\/\/www.czechcyclingfederation.com\/en\/wp-json\/wp\/v2\/media\/13383"}],"wp:attachment":[{"href":"https:\/\/www.czechcyclingfederation.com\/en\/wp-json\/wp\/v2\/media?parent=13381"}],"wp:term":[{"taxonomy":"category","embeddable":true,"href":"https:\/\/www.czechcyclingfederation.com\/en\/wp-json\/wp\/v2\/categories?post=13381"},{"taxonomy":"post_tag","embeddable":true,"href":"https:\/\/www.czechcyclingfederation.com\/en\/wp-json\/wp\/v2\/tags?post=13381"}],"curies":[{"name":"wp","href":"https:\/\/api.w.org\/{rel}","templated":true}]}}