{"id":1335,"date":"2020-07-12T17:38:08","date_gmt":"2020-07-12T15:38:08","guid":{"rendered":"http:\/\/www.czechcyclingfederation.com\/?p=1335"},"modified":"2020-07-16T13:39:40","modified_gmt":"2020-07-16T11:39:40","slug":"paprstka-a-cabelicka-zlati-v-jizde-do-vrchu","status":"publish","type":"post","link":"https:\/\/www.czechcyclingfederation.com\/en\/paprstka-a-cabelicka-zlati-v-jizde-do-vrchu\/","title":{"rendered":"Paprstka a \u010c\u00e1belick\u00e1 zlat\u00ed v j\u00edzd\u011b do vrchu"},"content":{"rendered":"\n<p>Z\u00e1v\u011bre\u010dn\u00fd den dom\u00e1c\u00edho \u0161ampion\u00e1tu biker\u016f v&nbsp;Peci pod Sn\u011b\u017ekou si rozd\u011blili medaile bike\u0159i v&nbsp;j\u00edzd\u011b do vrchu. Po\u0159adatelsk\u00fd t\u00fdm t\u0159ic\u00e1t\u00e9ho dom\u00e1c\u00ed \u0161ampion\u00e1tu EXPRES CZ &#8211; TUFO Team Kol\u00edn se do\u010dkal seniorsk\u00e9ho titulu, kdy\u017e jej vybojoval Tom\u00e1\u0161 Paprstka. Mezi \u017eenami po zlatu z cross country kralovala i dnes Jitka \u010c\u00e1belick\u00e1 (GAPP System &#8211; Kolofix MTB Racing Team).<\/p>\n\n\n\n<p>&#8220;Od startu jsem jel prvn\u00ed a kr\u00e1tce se p\u0159ede mne dostal Kobes, ale rychle jsem se do veden\u00ed vr\u00e1til. Dva kilometry p\u0159ed c\u00edlem jsem soupe\u0159\u016fm pomalu za\u010dal podj\u00ed\u017ed\u011bl a fini\u0161 byl ji\u017e na pohodu. Po v\u010derej\u0161\u00edm cross country to ale bylo hrozn\u011b t\u011b\u017ek\u00e9, po sobot\u011b jsme toho v\u0161ichni m\u011bli pln\u00e9 zuby. Jsem r\u00e1d, \u017ee alespo\u0148 tento titul, po sm\u016fle ve \u0161tafet\u011b, jsem z\u00edskal,&#8221; \u0159ekl Tom\u00e1\u0161 Paprstka.<\/p>\n\n\n\n<p>Pro druh\u00e9 st\u0159\u00edbro si dojel Jan \u0160karnitzl (Cyklostar Trek Mercedes-Benz Praha), kter\u00fd za Paprstkou zaostal o 24 vte\u0159in, o dal\u0161\u00edch sedm vte\u0159in byl pomalej\u0161\u00ed Luk\u00e1\u0161 Kobes (GAPP System &#8211; Kolifix MTB Racing Team). Mezi \u017eenami za \u010c\u00e1belickou dojela mlad\u00e1 Tereza Tvar\u016f\u017ekov\u00e1 (EXPRES CZ &#8211; TUFO Team Kol\u00edn) a t\u0159et\u00ed byla Jana Czeczinkarov\u00e1 (LIV Mistral Cycling).<\/p>\n\n\n\n<p>Mezi juniory byl nejlep\u0161\u00ed David \u0160ulc (IVAR CS &#8211; Author Team), juniork\u00e1m kralovala Karol\u00edna Bedrn\u00edkov\u00e1 (EXPRES CZ &#8211; TUFO Team Kol\u00edn).<\/p>\n\n\n\n<p>V\u00fdsledky:<\/p>\n\n\n\n<p>Mu\u017ei:<\/p>\n\n\n\n<p>1. Paprstka (EXPRES CZ &#8211; TUFO Team Kol\u00edn) 16:18, 2. \u0160karnitzl (Cyklostar Trek Mercedes-Benz Praha) +24, 3. Kobes (GAPP System &#8211; Kolifix MTB Racing Team) +31, 4. Hula (EXPRES CZ &#8211; TUFO Team Kol\u00edn) +52, 5. Ku\u010dera (EXPRES CZ &#8211; TUFO Team Kol\u00edn) +1:33, 6. Je\u017eek (Superior Riders) +1:42.<\/p>\n\n\n\n<p>Junio\u0159i:<\/p>\n\n\n\n<p>1. \u0160ulc (IVAR CS &#8211; Author Team) 17:29, 2. Holub (GT Opportunity Brno) +12, 3. Tlamka (Nutrend Specialized Racing) +28.<\/p>\n\n\n\n<p>Kadeti:<\/p>\n\n\n\n<p>1. Hojka (Jaroslav Kulhavy Cycling Team) 18:22, 2. Elbardi (IVAR CS &#8211; Author Team) +6, 3. Novotn\u00fd (Dukla Praha) +8.<\/p>\n\n\n\n<p>\u017deny:<\/p>\n\n\n\n<p>1. \u010c\u00e1belick\u00e1 (GAPP System &#8211; Kolofix MTB Racing Team) 20:04, 2. Tvar\u016f\u017ekov\u00e1 (EXPRES CZ &#8211; TUFO Team Kol\u00edn) +1:22, 3. Czeczinkarov\u00e1 (LIV Mistral Cycling) +1:26.<\/p>\n\n\n\n<p>Juniorky:<\/p>\n\n\n\n<p>1. Bedrn\u00edkov\u00e1 (EXPRES CZ &#8211; TUFO Team Kol\u00edn) 22:01, 2. Obo\u0159ilov\u00e1 (GT Opportunity Brno) +44, 3. Kadlecov\u00e1 (ADASTRA Cycling Team) +1:13.<\/p>\n\n\n\n<p>Kadetky:<\/p>\n\n\n\n<p>1. R\u016f\u017ei\u010dkov\u00e1 (Dukla Praha) 22:36, 2. Kotl\u00edkov\u00e1 (CK LOKO Rakovn\u00edk) +1:42, 3. Mitrichov\u00e1 (kola-bbm.cz) +2:38.<\/p>\n\n\n\n<p>Foto: Robin Nev\u0159ala Photography<\/p>\n\n\n\n<figure class=\"wp-block-image size-large\"><img loading=\"lazy\" decoding=\"async\" width=\"1024\" height=\"683\" src=\"https:\/\/www.czechcyclingfederation.com\/wp-content\/uploads\/2020\/07\/\u010c\u00e1belick\u00e1-1024x683.jpg\" alt=\"\" class=\"wp-image-1350\" srcset=\"https:\/\/www.czechcyclingfederation.com\/wp-content\/uploads\/2020\/07\/\u010c\u00e1belick\u00e1-1024x683.jpg 1024w, https:\/\/www.czechcyclingfederation.com\/wp-content\/uploads\/2020\/07\/\u010c\u00e1belick\u00e1-300x200.jpg 300w, https:\/\/www.czechcyclingfederation.com\/wp-content\/uploads\/2020\/07\/\u010c\u00e1belick\u00e1-768x512.jpg 768w, https:\/\/www.czechcyclingfederation.com\/wp-content\/uploads\/2020\/07\/\u010c\u00e1belick\u00e1-1536x1024.jpg 1536w, https:\/\/www.czechcyclingfederation.com\/wp-content\/uploads\/2020\/07\/\u010c\u00e1belick\u00e1-1320x880.jpg 1320w, https:\/\/www.czechcyclingfederation.com\/wp-content\/uploads\/2020\/07\/\u010c\u00e1belick\u00e1.jpg 1920w\" sizes=\"auto, (max-width: 1024px) 100vw, 1024px\" \/><\/figure>\n","protected":false},"excerpt":{"rendered":"<p>Z\u00e1v\u011bre\u010dn\u00fd den dom\u00e1c\u00edho \u0161ampion\u00e1tu biker\u016f v&nbsp;Peci pod Sn\u011b\u017ekou si rozd\u011blili medaile bike\u0159i v&nbsp;j\u00edzd\u011b do vrchu. Po\u0159adatelsk\u00fd t\u00fdm t\u0159ic\u00e1t\u00e9ho dom\u00e1c\u00ed \u0161ampion\u00e1tu EXPRES CZ &#8211; TUFO Team Kol\u00edn se do\u010dkal seniorsk\u00e9ho titulu, kdy\u017e jej vybojoval Tom\u00e1\u0161 Paprstka. Mezi \u017eenami po zlatu z cross country kralovala i dnes Jitka \u010c\u00e1belick\u00e1 (GAPP System &#8211; Kolofix MTB Racing Team). &#8220;Od [&hellip;]<\/p>\n","protected":false},"author":2,"featured_media":1350,"comment_status":"closed","ping_status":"open","sticky":false,"template":"","format":"standard","meta":{"footnotes":""},"categories":[6,2],"tags":[10],"class_list":["post-1335","post","type-post","status-publish","format-standard","has-post-thumbnail","hentry","category-mtb","category-novinky","tag-mtb"],"_links":{"self":[{"href":"https:\/\/www.czechcyclingfederation.com\/en\/wp-json\/wp\/v2\/posts\/1335","targetHints":{"allow":["GET"]}}],"collection":[{"href":"https:\/\/www.czechcyclingfederation.com\/en\/wp-json\/wp\/v2\/posts"}],"about":[{"href":"https:\/\/www.czechcyclingfederation.com\/en\/wp-json\/wp\/v2\/types\/post"}],"author":[{"embeddable":true,"href":"https:\/\/www.czechcyclingfederation.com\/en\/wp-json\/wp\/v2\/users\/2"}],"replies":[{"embeddable":true,"href":"https:\/\/www.czechcyclingfederation.com\/en\/wp-json\/wp\/v2\/comments?post=1335"}],"version-history":[{"count":2,"href":"https:\/\/www.czechcyclingfederation.com\/en\/wp-json\/wp\/v2\/posts\/1335\/revisions"}],"predecessor-version":[{"id":1352,"href":"https:\/\/www.czechcyclingfederation.com\/en\/wp-json\/wp\/v2\/posts\/1335\/revisions\/1352"}],"wp:featuredmedia":[{"embeddable":true,"href":"https:\/\/www.czechcyclingfederation.com\/en\/wp-json\/wp\/v2\/media\/1350"}],"wp:attachment":[{"href":"https:\/\/www.czechcyclingfederation.com\/en\/wp-json\/wp\/v2\/media?parent=1335"}],"wp:term":[{"taxonomy":"category","embeddable":true,"href":"https:\/\/www.czechcyclingfederation.com\/en\/wp-json\/wp\/v2\/categories?post=1335"},{"taxonomy":"post_tag","embeddable":true,"href":"https:\/\/www.czechcyclingfederation.com\/en\/wp-json\/wp\/v2\/tags?post=1335"}],"curies":[{"name":"wp","href":"https:\/\/api.w.org\/{rel}","templated":true}]}}