{"id":1328,"date":"2020-07-11T18:32:52","date_gmt":"2020-07-11T16:32:52","guid":{"rendered":"http:\/\/www.czechcyclingfederation.com\/?p=1328"},"modified":"2020-07-18T18:40:16","modified_gmt":"2020-07-18T16:40:16","slug":"cink-ma-ctvrty-titul-stiha-kulhaveho","status":"publish","type":"post","link":"https:\/\/www.czechcyclingfederation.com\/en\/cink-ma-ctvrty-titul-stiha-kulhaveho\/","title":{"rendered":"Cink m\u00e1 \u010dtvrt\u00fd titul, st\u00edh\u00e1 Kulhav\u00e9ho"},"content":{"rendered":"\n<p>Jubilejn\u00ed t\u0159ic\u00e1t\u00fd \u0161ampion\u00e1t v cross country v Peci pod Sn\u011b\u017ekou, kter\u00fd byl z\u00e1rove\u0148 druh\u00fdm d\u00edlem leto\u0161n\u00edho zkr\u00e1cen\u00e9ho seri\u00e1lu Strabag Cupu, vyhr\u00e1l Ond\u0159ej Cink z t\u00fdmu KROSS Racing Team a vybojoval t\u00edm ji\u017e sv\u016fj \u010dtvrt\u00fd dom\u00e1c\u00ed titul, kdy\u017e p\u0159edt\u00edm bral zlatou medaili v letech 2013, 2015 a v lo\u0148sk\u00e9m roce v Hlinsku. Jaroslav Kulhav\u00fd m\u00e1 titul\u016f ji\u017e sedm, ale dnes na startu chyb\u011bl. V p\u00e1tek na trati tr\u00e9noval, ale po p\u00e1du na trati se dost zhmo\u017edil, skon\u010dil v nemocnici, tak\u017ee o roz\u0161\u00ed\u0159en\u00ed sv\u00e9 medailov\u00e9 sb\u00edrky usilovat nemohl.<\/p>\n\n\n\n<p>Cink hned v z\u00e1v\u011bru prvn\u00edho kola nastoupil a v\u0161em soupe\u0159\u016fm odjel a od t\u00e9 chv\u00edle sv\u016fj n\u00e1skok ji\u017e jen navy\u0161oval. Op\u011bt dok\u00e1zal, \u017ee v sou\u010dasn\u00e9 dob\u011b a form\u011b je naprosto jasnou \u010deskou jedni\u010dkou, v\u00fdkonnostn\u011b odsko\u010den v\u0161em soupe\u0159\u016fm. Za n\u00edm jeli naprosto vyrovnan\u011b Martin Sto\u0161ek (FUTURE Cycling &#8211; Nortwave a st\u00e1lice v \u010desk\u00e9 \u0161pi\u010dce Jan \u0160karnitzl Cyklostar Trek Mercedes-Benz Praha. Oba se vz\u00e1jemn\u011b hl\u00eddali, ale nikomu z nich se necht\u011blo \u00fato\u010dit a set\u0159ili s\u00edly na z\u00e1v\u011br z\u00e1vodu.<\/p>\n\n\n\n<p>Ji\u017e s v\u011bt\u0161\u00edm odstupem jezdili Jan Vastl (Pushbikers XC Team) a o dal\u0161\u00ed minutu zp\u011bt Marek Rauchfuss (Ethic Sport cycling team), \u0161estou pozici si hl\u00eddal Tom\u00e1\u0161 Paprstka (EXPRES CZ &#8211; TUFO Team Kol\u00edn). V z\u00e1v\u011bru p\u0159dposledn\u00edho kola se poda\u0159ilo \u0160karnitzlovi z\u00edskat n\u00e1skok na sv\u00e9ho soupe\u0159e a dojel si pro dal\u0161\u00ed st\u0159\u00edbrnou medaili, kdy\u017e odstup dok\u00e1zal nav\u00fd\u0161it na t\u00e9m\u011b\u0159 minutu.<\/p>\n\n\n\n<p>Z\u00e1vod jezdc\u016f U23 vyhr\u00e1l Samuel Jirou\u0161 (ROUVY Specialized), v celkov\u00e9m po\u0159ad\u00ed des\u00e1t\u00fd v c\u00edli, mezi juniorkami byla nejlep\u0161\u00ed Aneta Novotn\u00e1 (ADASTRA Cycling Team).<\/p>\n\n\n\n<p>V\u00fdsledky:<\/p>\n\n\n\n<p>Mu\u017ei:<\/p>\n\n\n\n<p>1. Cink (KROSS Racing Team) 1:28:51, 2. \u0160karnitzl (Cyklostar Trek Mercedes-Benz Praha) +44, 3. Sto\u0161ek (FUTURE Cyclig &#8211; Northawave) +1:42, 4. Vastl (Pushbikers XC Team) +2:05, 5. Rauchfuss (Ethic Sport cycling team) +3:21, 6. Kobes (Kolofix MTB Racing Team) +4:29.<\/p>\n\n\n\n<p>Mu\u017ei U23:<\/p>\n\n\n\n<p>1. Jirou\u0161 (ROUVY Specialized) 1:36:24, 2. Sk\u00e1la (oba ROUVY Specialized) +1:13, 3. B\u00e1rtek (Amenity Extrem Sport team) +2:39.<\/p>\n\n\n\n<p>Juniorky:<\/p>\n\n\n\n<p>1. Novotn\u00e1 (ADASTRA Cycling Team) 56:54, 2. Holubov\u00e1 (kola-bbm.cz) +33, 3. Bedrn\u00edkov\u00e1 (EXPRES CZ &#8211; TUFO Team&nbsp;<\/p>\n\n\n\n<p>Kadetky:<\/p>\n\n\n\n<p>1. Sp\u011b\u0161n\u00e1 (MS Bike Academy racing) 27:42, 2. Han\u00e1kov\u00e1 (CP team) +1:37, 3.&nbsp;&nbsp;Hlad\u00edkov\u00e1 (IVAR CS &#8211; Author Team) +2:16&nbsp;&nbsp;&nbsp;&nbsp;&nbsp;&nbsp;&nbsp;<\/p>\n\n\n\n<figure class=\"wp-block-image size-large\"><img loading=\"lazy\" decoding=\"async\" width=\"768\" height=\"1024\" src=\"https:\/\/www.czechcyclingfederation.com\/wp-content\/uploads\/2020\/07\/IMG-20200711-WA0001.jpg\" alt=\"\" class=\"wp-image-1329\" srcset=\"https:\/\/www.czechcyclingfederation.com\/wp-content\/uploads\/2020\/07\/IMG-20200711-WA0001.jpg 768w, https:\/\/www.czechcyclingfederation.com\/wp-content\/uploads\/2020\/07\/IMG-20200711-WA0001-150x200.jpg 150w\" sizes=\"auto, (max-width: 768px) 100vw, 768px\" \/><\/figure>\n\n\n\n<figure class=\"wp-block-image size-large\"><img decoding=\"async\" src=\"https:\/\/www.czechcyclingfederation.com\/wp-content\/uploads\/2020\/07\/IMG-20200711-WA0002.jpg\" alt=\"\" class=\"wp-image-1330\"\/><\/figure>\n","protected":false},"excerpt":{"rendered":"<p>Jubilejn\u00ed t\u0159ic\u00e1t\u00fd \u0161ampion\u00e1t v cross country v Peci pod Sn\u011b\u017ekou, kter\u00fd byl z\u00e1rove\u0148 druh\u00fdm d\u00edlem leto\u0161n\u00edho zkr\u00e1cen\u00e9ho seri\u00e1lu Strabag Cupu, vyhr\u00e1l Ond\u0159ej Cink z t\u00fdmu KROSS Racing Team a vybojoval t\u00edm ji\u017e sv\u016fj \u010dtvrt\u00fd dom\u00e1c\u00ed titul, kdy\u017e p\u0159edt\u00edm bral zlatou medaili v letech 2013, 2015 a v lo\u0148sk\u00e9m roce v Hlinsku. Jaroslav Kulhav\u00fd m\u00e1 titul\u016f [&hellip;]<\/p>\n","protected":false},"author":2,"featured_media":1330,"comment_status":"closed","ping_status":"open","sticky":false,"template":"","format":"standard","meta":{"footnotes":""},"categories":[6,2],"tags":[10],"class_list":["post-1328","post","type-post","status-publish","format-standard","has-post-thumbnail","hentry","category-mtb","category-novinky","tag-mtb"],"_links":{"self":[{"href":"https:\/\/www.czechcyclingfederation.com\/en\/wp-json\/wp\/v2\/posts\/1328","targetHints":{"allow":["GET"]}}],"collection":[{"href":"https:\/\/www.czechcyclingfederation.com\/en\/wp-json\/wp\/v2\/posts"}],"about":[{"href":"https:\/\/www.czechcyclingfederation.com\/en\/wp-json\/wp\/v2\/types\/post"}],"author":[{"embeddable":true,"href":"https:\/\/www.czechcyclingfederation.com\/en\/wp-json\/wp\/v2\/users\/2"}],"replies":[{"embeddable":true,"href":"https:\/\/www.czechcyclingfederation.com\/en\/wp-json\/wp\/v2\/comments?post=1328"}],"version-history":[{"count":2,"href":"https:\/\/www.czechcyclingfederation.com\/en\/wp-json\/wp\/v2\/posts\/1328\/revisions"}],"predecessor-version":[{"id":1332,"href":"https:\/\/www.czechcyclingfederation.com\/en\/wp-json\/wp\/v2\/posts\/1328\/revisions\/1332"}],"wp:featuredmedia":[{"embeddable":true,"href":"https:\/\/www.czechcyclingfederation.com\/en\/wp-json\/wp\/v2\/media\/1330"}],"wp:attachment":[{"href":"https:\/\/www.czechcyclingfederation.com\/en\/wp-json\/wp\/v2\/media?parent=1328"}],"wp:term":[{"taxonomy":"category","embeddable":true,"href":"https:\/\/www.czechcyclingfederation.com\/en\/wp-json\/wp\/v2\/categories?post=1328"},{"taxonomy":"post_tag","embeddable":true,"href":"https:\/\/www.czechcyclingfederation.com\/en\/wp-json\/wp\/v2\/tags?post=1328"}],"curies":[{"name":"wp","href":"https:\/\/api.w.org\/{rel}","templated":true}]}}