{"id":13274,"date":"2022-08-22T12:15:49","date_gmt":"2022-08-22T10:15:49","guid":{"rendered":"https:\/\/www.czechcyclingfederation.com\/?p=13274"},"modified":"2022-08-22T12:16:28","modified_gmt":"2022-08-22T10:16:28","slug":"skoda-auto-cesky-pohar-v-maratonu-pokracoval-v-karlovych-varech","status":"publish","type":"post","link":"https:\/\/www.czechcyclingfederation.com\/en\/skoda-auto-cesky-pohar-v-maratonu-pokracoval-v-karlovych-varech\/","title":{"rendered":"\u0160KODA AUTO \u010cesk\u00fd poh\u00e1r v maratonu pokra\u010doval v Karlov\u00fdch Varech"},"content":{"rendered":"\n<p><strong>De\u0161tiv\u00e9 po\u010das\u00ed p\u0159iv\u00edtalo premi\u00e9rov\u00fd ro\u010dn\u00edk z\u00e1vodu <a href=\"http:\/\/www.iprimacup.cz\" target=\"_blank\" rel=\"noreferrer noopener\">Prima CUP<\/a> v Karlov\u00fdch Varech, kter\u00fd odstartoval v sobotu 20. srpna.\u00a0<\/strong><\/p>\n\n\n\n<p>I p\u0159edpov\u011b\u010f po\u010das\u00ed s v\u00fdstrahou bou\u0159ek a vytrval\u00e9ho de\u0161t\u011b neodradila \u00fa\u010dastn\u00edky z\u00e1vodu Generali \u010cesk\u00e1 poji\u0161\u0165ovna Karlovy Vary, aby se postavili na start t\u0159ech zaj\u00edmav\u00fdch tras o d\u00e9lk\u00e1ch 65, 40 a 20 kilometr\u016f.<\/p>\n\n\n\n<div class=\"wp-block-image\"><figure class=\"aligncenter size-large\"><img loading=\"lazy\" decoding=\"async\" width=\"1024\" height=\"684\" src=\"https:\/\/www.czechcyclingfederation.com\/wp-content\/uploads\/2022\/08\/Prima-CUP-Karlovy-Vary-start-zavodu-2-1-1024x684.jpg\" alt=\"\" class=\"wp-image-13277\" srcset=\"https:\/\/www.czechcyclingfederation.com\/wp-content\/uploads\/2022\/08\/Prima-CUP-Karlovy-Vary-start-zavodu-2-1-1024x684.jpg 1024w, https:\/\/www.czechcyclingfederation.com\/wp-content\/uploads\/2022\/08\/Prima-CUP-Karlovy-Vary-start-zavodu-2-1-300x200.jpg 300w, https:\/\/www.czechcyclingfederation.com\/wp-content\/uploads\/2022\/08\/Prima-CUP-Karlovy-Vary-start-zavodu-2-1-768x513.jpg 768w, https:\/\/www.czechcyclingfederation.com\/wp-content\/uploads\/2022\/08\/Prima-CUP-Karlovy-Vary-start-zavodu-2-1-1536x1025.jpg 1536w, https:\/\/www.czechcyclingfederation.com\/wp-content\/uploads\/2022\/08\/Prima-CUP-Karlovy-Vary-start-zavodu-2-1-1320x881.jpg 1320w, https:\/\/www.czechcyclingfederation.com\/wp-content\/uploads\/2022\/08\/Prima-CUP-Karlovy-Vary-start-zavodu-2-1.jpg 2048w\" sizes=\"auto, (max-width: 1024px) 100vw, 1024px\" \/><\/figure><\/div>\n\n\n\n<p>Start z\u00e1vodu prob\u011bhl p\u0159\u00edmo z historick\u00e9ho centra na\u0161eho nejv\u011bt\u0161\u00edho l\u00e1ze\u0148sk\u00e9ho m\u011bsta a to z Divadeln\u00edho n\u00e1m\u011bst\u00ed s typickou l\u00e1ze\u0148skou atmosf\u00e9rou, kdy\u017e se v jeho t\u011bsn\u00e9m sousedstv\u00ed nach\u00e1z\u00ed sv\u011btozn\u00e1m\u00e9 V\u0159\u00eddlo, kolon\u00e1da a grandhotel Pupp.\u00a0<\/p>\n\n\n\n<div class=\"wp-block-image\"><figure class=\"aligncenter size-large\"><img loading=\"lazy\" decoding=\"async\" width=\"1024\" height=\"682\" src=\"https:\/\/www.czechcyclingfederation.com\/wp-content\/uploads\/2022\/08\/Prima-CUP-Karlovy-Vary-podium-Elite-1024x682.jpg\" alt=\"\" class=\"wp-image-13279\" srcset=\"https:\/\/www.czechcyclingfederation.com\/wp-content\/uploads\/2022\/08\/Prima-CUP-Karlovy-Vary-podium-Elite-1024x682.jpg 1024w, https:\/\/www.czechcyclingfederation.com\/wp-content\/uploads\/2022\/08\/Prima-CUP-Karlovy-Vary-podium-Elite-300x200.jpg 300w, https:\/\/www.czechcyclingfederation.com\/wp-content\/uploads\/2022\/08\/Prima-CUP-Karlovy-Vary-podium-Elite-768x511.jpg 768w, https:\/\/www.czechcyclingfederation.com\/wp-content\/uploads\/2022\/08\/Prima-CUP-Karlovy-Vary-podium-Elite-1536x1022.jpg 1536w, https:\/\/www.czechcyclingfederation.com\/wp-content\/uploads\/2022\/08\/Prima-CUP-Karlovy-Vary-podium-Elite-1320x878.jpg 1320w, https:\/\/www.czechcyclingfederation.com\/wp-content\/uploads\/2022\/08\/Prima-CUP-Karlovy-Vary-podium-Elite.jpg 2048w\" sizes=\"auto, (max-width: 1024px) 100vw, 1024px\" \/><\/figure><\/div>\n\n\n\n<p>Na trase o d\u00e9lce 65 kilometr\u016f se se\u0161li \u010de\u0161t\u00ed marat\u00f3nci v \u010dele s n\u011bkolikan\u00e1sobn\u00fdm v\u00edt\u011bzem seri\u00e1lu Prima CUP Filipem Adelem. Adel v z\u00e1vod\u011b zv\u00edt\u011bzil s n\u00e1skokem p\u0159es dv\u011b minuty p\u0159ed rakousk\u00fdm reprezentantem Alexanderem Stadlerem. T\u0159et\u00ed m\u00edsto obsadil Michal Bub\u00edlek. V z\u00e1vod\u011b \u017een dominovala eli\u0165a\u010dka a \u010desk\u00e1 \u0161ampionka Milena Kala\u0161ov\u00e1 p\u0159ed Michaelou Matu\u0161kovou a Jitkou Fleischhansovou.<\/p>\n\n\n\n<div class=\"wp-block-image\"><figure class=\"aligncenter size-large\"><img loading=\"lazy\" decoding=\"async\" width=\"1024\" height=\"682\" src=\"https:\/\/www.czechcyclingfederation.com\/wp-content\/uploads\/2022\/08\/Prima-CUP-Karlovy-Vary-Ondrej-Moravec-1024x682.jpg\" alt=\"\" class=\"wp-image-13280\" srcset=\"https:\/\/www.czechcyclingfederation.com\/wp-content\/uploads\/2022\/08\/Prima-CUP-Karlovy-Vary-Ondrej-Moravec-1024x682.jpg 1024w, https:\/\/www.czechcyclingfederation.com\/wp-content\/uploads\/2022\/08\/Prima-CUP-Karlovy-Vary-Ondrej-Moravec-300x200.jpg 300w, https:\/\/www.czechcyclingfederation.com\/wp-content\/uploads\/2022\/08\/Prima-CUP-Karlovy-Vary-Ondrej-Moravec-768x511.jpg 768w, https:\/\/www.czechcyclingfederation.com\/wp-content\/uploads\/2022\/08\/Prima-CUP-Karlovy-Vary-Ondrej-Moravec-1536x1022.jpg 1536w, https:\/\/www.czechcyclingfederation.com\/wp-content\/uploads\/2022\/08\/Prima-CUP-Karlovy-Vary-Ondrej-Moravec-1320x878.jpg 1320w, https:\/\/www.czechcyclingfederation.com\/wp-content\/uploads\/2022\/08\/Prima-CUP-Karlovy-Vary-Ondrej-Moravec.jpg 2048w\" sizes=\"auto, (max-width: 1024px) 100vw, 1024px\" \/><\/figure><\/div>\n\n\n\n<p>Na st\u0159edn\u00ed trase byli nejrychlej\u0161\u00ed Jan Ko\u010d\u00ed a Jana Pichl\u00edkov\u00e1. Nejv\u011bt\u0161\u00ed pozornost se v\u0161ak ub\u00edrala na ikonu z\u00e1vodu na \u010dty\u0159iceti kilometrov\u00e9 trase. T\u00edm byl \u00fasp\u011b\u0161n\u00fd b\u00fdval\u00fd biatlonista Ond\u0159ej Moravec. Mistr sv\u011bta a trojn\u00e1sobn\u00fd olympijsk\u00fd medailista krom\u011b \u00fa\u010dasti podpo\u0159il tak\u00e9 mlad\u00e9 z\u00e1vodn\u00edky, kdy\u017e byl u startu d\u011btsk\u00fdch z\u00e1vod\u016f a pot\u00e9 rozd\u00e1val nespo\u010det podpis\u016f a fotografi\u00ed. Trasu C o d\u00e9lce dvacet kilometr\u016f nejrychleji zvl\u00e1dli Jakub Za\u0148ka a Barbora Lep\u00edkov\u00e1.\u00a0<\/p>\n\n\n\n<div class=\"wp-block-image\"><figure class=\"aligncenter size-large\"><img loading=\"lazy\" decoding=\"async\" width=\"1024\" height=\"682\" src=\"https:\/\/www.czechcyclingfederation.com\/wp-content\/uploads\/2022\/08\/Prima-CUP-Karlovy-Vary-Antonin-Bartonicek-1024x682.jpg\" alt=\"\" class=\"wp-image-13278\" srcset=\"https:\/\/www.czechcyclingfederation.com\/wp-content\/uploads\/2022\/08\/Prima-CUP-Karlovy-Vary-Antonin-Bartonicek-1024x682.jpg 1024w, https:\/\/www.czechcyclingfederation.com\/wp-content\/uploads\/2022\/08\/Prima-CUP-Karlovy-Vary-Antonin-Bartonicek-300x200.jpg 300w, https:\/\/www.czechcyclingfederation.com\/wp-content\/uploads\/2022\/08\/Prima-CUP-Karlovy-Vary-Antonin-Bartonicek-768x511.jpg 768w, https:\/\/www.czechcyclingfederation.com\/wp-content\/uploads\/2022\/08\/Prima-CUP-Karlovy-Vary-Antonin-Bartonicek-1536x1022.jpg 1536w, https:\/\/www.czechcyclingfederation.com\/wp-content\/uploads\/2022\/08\/Prima-CUP-Karlovy-Vary-Antonin-Bartonicek-1320x878.jpg 1320w, https:\/\/www.czechcyclingfederation.com\/wp-content\/uploads\/2022\/08\/Prima-CUP-Karlovy-Vary-Antonin-Bartonicek.jpg 2048w\" sizes=\"auto, (max-width: 1024px) 100vw, 1024px\" \/><\/figure><\/div>\n\n\n\n<p>Zaj\u00edmav\u00e1 byla pro \u00fa\u010dastn\u00edky tak\u00e9 tombola, kde byl hlavn\u00ed cenou pobyt pro dva v karlovarsk\u00e9m <a href=\"https:\/\/hoteldvorana.cz\/cs\" target=\"_blank\" rel=\"noreferrer noopener\">hotelu Dvorana<\/a>, tu losovala legenda \u010desko slovensk\u00e9 cyklistiky Anton\u00edn Barton\u00ed\u010dek.<\/p>\n\n\n\n<p>Seri\u00e1l Prima CUP pokra\u010duje v po\u0159ad\u00ed des\u00e1t\u00fdm z\u00e1vodem <a rel=\"noreferrer noopener\" href=\"http:\/\/www.iprimacup.cz\/22-harrachov\/\" target=\"_blank\">Kross Harrachov<\/a>. Tradi\u010dn\u00ed podnik p\u0159es \u010desko polskou stranu Krkono\u0161 za\u0159azen\u00fd do nejvy\u0161\u0161\u00ed dom\u00e1c\u00ed sout\u011b\u017ee <a rel=\"noreferrer noopener\" href=\"https:\/\/www.poharmtb.cz\/skoda-auto-cp-xcm\" target=\"_blank\">\u0160KODA AUTO \u010cesk\u00fd poh\u00e1r v maratonu<\/a> se uskute\u010dn\u00ed 3. z\u00e1\u0159\u00ed. Na z\u00e1vod se m\u016f\u017eete p\u0159ihl\u00e1sit v\u00fdhodn\u011b online do 31. srpna.<\/p>\n\n\n\n<p><strong>Report\u00e1\u017e ze z\u00e1vodu v TV Prima:<\/strong><\/p>\n\n\n\n<iframe loading=\"lazy\" src=\"https:\/\/www.facebook.com\/plugins\/video.php?height=311&#038;href=https%3A%2F%2Fwww.facebook.com%2Fprimacup.cz%2Fvideos%2F504669761466272%2F&#038;show_text=true&#038;width=560&#038;t=0\" width=\"560\" height=\"426\" style=\"border:none;overflow:hidden\" scrolling=\"no\" frameborder=\"0\" allowfullscreen=\"true\" allow=\"autoplay; clipboard-write; encrypted-media; picture-in-picture; web-share\" allowFullScreen=\"true\"><\/iframe>\n\n\n\n<p><strong>Fotogalerie z akce od Jana Brychty:<\/strong><\/p>\n\n\n\n<iframe loading=\"lazy\" src=\"https:\/\/www.facebook.com\/plugins\/post.php?href=https%3A%2F%2Fwww.facebook.com%2Fprimacup.cz%2Fposts%2Fpfbid02QSZHVT67XcP5KVznzsLfEGGjENoZJJF4jjctAcaUMkiSAahUxDtetTTGmmBUQXePl&#038;show_text=true&#038;width=500\" width=\"500\" height=\"653\" style=\"border:none;overflow:hidden\" scrolling=\"no\" frameborder=\"0\" allowfullscreen=\"true\" allow=\"autoplay; clipboard-write; encrypted-media; picture-in-picture; web-share\"><\/iframe>\n","protected":false},"excerpt":{"rendered":"<p>De\u0161tiv\u00e9 po\u010das\u00ed p\u0159iv\u00edtalo premi\u00e9rov\u00fd ro\u010dn\u00edk z\u00e1vodu Prima CUP v Karlov\u00fdch Varech, kter\u00fd odstartoval v sobotu 20. srpna.\u00a0 I p\u0159edpov\u011b\u010f po\u010das\u00ed s v\u00fdstrahou bou\u0159ek a vytrval\u00e9ho de\u0161t\u011b neodradila \u00fa\u010dastn\u00edky z\u00e1vodu Generali \u010cesk\u00e1 poji\u0161\u0165ovna Karlovy Vary, aby se postavili na start t\u0159ech zaj\u00edmav\u00fdch tras o d\u00e9lk\u00e1ch 65, 40 a 20 kilometr\u016f. Start z\u00e1vodu prob\u011bhl p\u0159\u00edmo z historick\u00e9ho [&hellip;]<\/p>\n","protected":false},"author":9,"featured_media":13276,"comment_status":"closed","ping_status":"open","sticky":false,"template":"","format":"standard","meta":{"footnotes":""},"categories":[6,2],"tags":[10],"class_list":["post-13274","post","type-post","status-publish","format-standard","has-post-thumbnail","hentry","category-mtb","category-novinky","tag-mtb"],"_links":{"self":[{"href":"https:\/\/www.czechcyclingfederation.com\/en\/wp-json\/wp\/v2\/posts\/13274","targetHints":{"allow":["GET"]}}],"collection":[{"href":"https:\/\/www.czechcyclingfederation.com\/en\/wp-json\/wp\/v2\/posts"}],"about":[{"href":"https:\/\/www.czechcyclingfederation.com\/en\/wp-json\/wp\/v2\/types\/post"}],"author":[{"embeddable":true,"href":"https:\/\/www.czechcyclingfederation.com\/en\/wp-json\/wp\/v2\/users\/9"}],"replies":[{"embeddable":true,"href":"https:\/\/www.czechcyclingfederation.com\/en\/wp-json\/wp\/v2\/comments?post=13274"}],"version-history":[{"count":2,"href":"https:\/\/www.czechcyclingfederation.com\/en\/wp-json\/wp\/v2\/posts\/13274\/revisions"}],"predecessor-version":[{"id":13282,"href":"https:\/\/www.czechcyclingfederation.com\/en\/wp-json\/wp\/v2\/posts\/13274\/revisions\/13282"}],"wp:featuredmedia":[{"embeddable":true,"href":"https:\/\/www.czechcyclingfederation.com\/en\/wp-json\/wp\/v2\/media\/13276"}],"wp:attachment":[{"href":"https:\/\/www.czechcyclingfederation.com\/en\/wp-json\/wp\/v2\/media?parent=13274"}],"wp:term":[{"taxonomy":"category","embeddable":true,"href":"https:\/\/www.czechcyclingfederation.com\/en\/wp-json\/wp\/v2\/categories?post=13274"},{"taxonomy":"post_tag","embeddable":true,"href":"https:\/\/www.czechcyclingfederation.com\/en\/wp-json\/wp\/v2\/tags?post=13274"}],"curies":[{"name":"wp","href":"https:\/\/api.w.org\/{rel}","templated":true}]}}