{"id":13264,"date":"2022-08-21T20:53:32","date_gmt":"2022-08-21T18:53:32","guid":{"rendered":"https:\/\/www.czechcyclingfederation.com\/?p=13264"},"modified":"2022-08-26T15:00:09","modified_gmt":"2022-08-26T13:00:09","slug":"kelemen-treti-v-etape-na-aveniru-zluty-dres-mu-o-vterinu-utekl","status":"publish","type":"post","link":"https:\/\/www.czechcyclingfederation.com\/en\/kelemen-treti-v-etape-na-aveniru-zluty-dres-mu-o-vterinu-utekl\/","title":{"rendered":"Kelemen t\u0159et\u00ed v etap\u011b na Aveniru, \u017elut\u00fd dres mu o vte\u0159inu utekl"},"content":{"rendered":"\n<p>\u010cesk\u00e1 reprezentace mu\u017e\u016f do 23 let se na z\u00e1vod\u011b Tour de&nbsp;l\u00b4Avenirpoprv\u00e9 prosadila na p\u00f3dium. V&nbsp;ned\u011bln\u00ed t\u0159et\u00ed etap\u011b obsadil Petr&nbsp;Kelemen&nbsp;t\u0159et\u00ed m\u00edsto&nbsp;a pr\u016fb\u011b\u017en\u011b je druh\u00fd. \u017dlut\u00fd dres vedouc\u00edho jezdce mu utekl o pouhou vte\u0159inu.&nbsp;<\/p>\n\n\n\n<p>Kelemen&nbsp;zhruba 20 km p\u0159ed c\u00edlem etapy nastoupil spolu s&nbsp;Francouzem&nbsp;Labrossem&nbsp;a D\u00e1nem&nbsp;Holmem&nbsp;J\u00f6rgensenem.&nbsp;T\u011bsn\u00fd n\u00e1skok udr\u017eeli a\u017e do c\u00edle,&nbsp;Kelemen&nbsp;bral t\u0159et\u00ed p\u0159\u00ed\u010dku. \u201eM\u011bl jsem strach, \u017ee n\u00e1s dojedou, bylo to o kousek. Tak jsem na p\u011btistovce za\u010dal spurtovat z&nbsp;prvn\u00edho m\u00edsta.&nbsp;Sice jsem byl t\u0159et\u00ed, ale taky n\u00e1s mohli dojet a mohl jsem skon\u010dit patn\u00e1ct\u00fd. Po\u0159\u00e1d je to t\u0159et\u00ed m\u00edsto v&nbsp;etap\u011b na&nbsp;Aveniru, mal\u00e9 Tour de France,\u201c \u0159ekl&nbsp;Kelemen.<\/p>\n\n\n\n<p>\u201eM\u011bli jsem i \u0161t\u011bst\u00ed na dobrou skupinu, proto\u017ee v&nbsp;t\u00e9 trojici v\u0161ichni jeli a poctiv\u011b jsme se st\u0159\u00eddali,\u201c dodal \u010desk\u00fd reprezentant.<\/p>\n\n\n\n<p>Hodn\u011b ho v\u0161ak mrzelo, \u017ee se po etap\u011b neobl\u00e9kl do&nbsp;\u017elut\u00e9ho&nbsp;dresu. Rozhod\u010d\u00ed mu dali vte\u0159inovou ztr\u00e1tu na prvn\u00ed dva borce a d\u00edky n\u00ed je pr\u016fb\u011b\u017en\u011b t\u011bsn\u011b druh\u00fd. \u201eTo je velk\u00e1 \u0161koda.&nbsp;Bylo by super m\u00edt&nbsp;\u017elu\u0165\u00e1ka, ale je\u0161t\u011b nen\u00ed v\u0161em dn\u016fm koncem a budeme bojovat d\u00e1l,\u201c sl\u00edbil&nbsp;Kelemen.<\/p>\n\n\n\n<p>\u201e\u017dlu\u0165\u00e1k byl hodn\u011b bl\u00edzko, tak to zamrz\u00ed. Kdyby Petr dostal \u010das v\u00edt\u011bze, vede. Nejsou tu bonifikace a p\u0159i stejn\u00e9m \u010dase se s\u010d\u00edtaj\u00ed um\u00edst\u011bn\u00ed v&nbsp;etap\u00e1ch, kter\u00e1 m\u00e1 lep\u0161\u00ed ne\u017e Francouz&nbsp;Labrosse,\u201c uvedl tren\u00e9r reprezentace Tom\u00e1\u0161 Kone\u010dn\u00fd.&nbsp;\u201eAle Petr&nbsp;zaslou\u017e\u00ed&nbsp;velkou pochvalu. P\u0159edvedl v\u00fdborn\u00fd v\u00fdkon,\u201c chv\u00e1lil sv\u00e9ho sv\u011b\u0159ence.<\/p>\n\n\n\n<p>Kelemen&nbsp;tak&nbsp;skv\u011ble&nbsp;nav\u00e1zal na sedm\u00e9 m\u00edsto Mathiase Vacka&nbsp;ze&nbsp;sobotn\u00ed etapy. \u201eJe vid\u011bt, \u017ee i kdy\u017e tu nem\u00e1me&nbsp;spurt\u00e9ra, tak se kluci dok\u00e1\u017eou prosadit. Jsou opravdu siln\u00ed, jezd\u00ed aktivn\u011b a tu v\u00fdkonnost maj\u00ed,\u201c \u0159ekl Kone\u010dn\u00fd.<\/p>\n\n\n\n<figure class=\"wp-block-embed is-type-video is-provider-youtube wp-block-embed-youtube wp-embed-aspect-16-9 wp-has-aspect-ratio\"><div class=\"wp-block-embed__wrapper\">\n<iframe loading=\"lazy\" title=\"Tour de l&#039;Avenir 2022 - R\u00e9sum\u00e9 \u00e9tape 3\" width=\"500\" height=\"281\" src=\"https:\/\/www.youtube.com\/embed\/452UVMuqOps?feature=oembed\" frameborder=\"0\" allow=\"accelerometer; autoplay; clipboard-write; encrypted-media; gyroscope; picture-in-picture; web-share\" referrerpolicy=\"strict-origin-when-cross-origin\" allowfullscreen><\/iframe>\n<\/div><\/figure>\n\n\n\n<p><strong>V\u00fdsledky 3. etapy&nbsp;<\/strong>(Civray-La&nbsp;Trimouille,&nbsp;153,7km): 1.&nbsp;HolmJ\u00f6rgensen&nbsp;(D\u00e1n.) 3:27:02, 2.&nbsp;Labrosse&nbsp;(Fr.) stejn\u00fd \u010das,&nbsp;<strong>3.&nbsp;<\/strong><strong>Kelemen<\/strong><strong><\/strong>(\u010cR) -1 s, 4.&nbsp;Vadic, 5.&nbsp;Gr\u00e9goire&nbsp;(oba Fr.), \u2026&nbsp;<strong>60. M. Vacek, 64. J.&nbsp;<\/strong><strong>\u0164oupal\u00edk<\/strong><strong>, 70. \u0158eha, 73. K. Vacek, 85. Kopeck\u00fd&nbsp;<\/strong>(v\u0161. \u010cR),&nbsp;v\u0161. -4.<\/p>\n\n\n\n<p><strong>Pr\u016fb\u011b\u017en\u00e9 po\u0159ad\u00ed:&nbsp;<\/strong>1.&nbsp;Labrosse&nbsp;9:19:18,&nbsp;<strong>2.&nbsp;<\/strong><strong>Kelemen<\/strong>&nbsp;-1, 3.&nbsp;Waerenskjold&nbsp;(Nor.) -3, 4. van&nbsp;Unden&nbsp;(Niz.), 5. Watson (Btit.), \u2026&nbsp;<strong>37.&nbsp;<\/strong><strong>\u0164oupal\u00edk<\/strong><strong>, 45. K. Vacek, 47. \u0158eha, 48. M. Vacek, 68. Kopeck\u00fd<\/strong>v\u0161ichni -4 s.<\/p>\n","protected":false},"excerpt":{"rendered":"<p>\u010cesk\u00e1 reprezentace mu\u017e\u016f do 23 let se na z\u00e1vod\u011b Tour de&nbsp;l\u00b4Avenirpoprv\u00e9 prosadila na p\u00f3dium. V&nbsp;ned\u011bln\u00ed t\u0159et\u00ed etap\u011b obsadil Petr&nbsp;Kelemen&nbsp;t\u0159et\u00ed m\u00edsto&nbsp;a pr\u016fb\u011b\u017en\u011b je druh\u00fd. \u017dlut\u00fd dres vedouc\u00edho jezdce mu utekl o pouhou vte\u0159inu.&nbsp; Kelemen&nbsp;zhruba 20 km p\u0159ed c\u00edlem etapy nastoupil spolu s&nbsp;Francouzem&nbsp;Labrossem&nbsp;a D\u00e1nem&nbsp;Holmem&nbsp;J\u00f6rgensenem.&nbsp;T\u011bsn\u00fd n\u00e1skok udr\u017eeli a\u017e do c\u00edle,&nbsp;Kelemen&nbsp;bral t\u0159et\u00ed p\u0159\u00ed\u010dku. \u201eM\u011bl jsem strach, \u017ee n\u00e1s dojedou, [&hellip;]<\/p>\n","protected":false},"author":15,"featured_media":13266,"comment_status":"closed","ping_status":"open","sticky":false,"template":"","format":"standard","meta":{"footnotes":""},"categories":[17,2,103,18],"tags":[11],"class_list":["post-13264","post","type-post","status-publish","format-standard","has-post-thumbnail","hentry","category-discipliny","category-novinky","category-reprezentace","category-silnice","tag-silnice"],"_links":{"self":[{"href":"https:\/\/www.czechcyclingfederation.com\/en\/wp-json\/wp\/v2\/posts\/13264","targetHints":{"allow":["GET"]}}],"collection":[{"href":"https:\/\/www.czechcyclingfederation.com\/en\/wp-json\/wp\/v2\/posts"}],"about":[{"href":"https:\/\/www.czechcyclingfederation.com\/en\/wp-json\/wp\/v2\/types\/post"}],"author":[{"embeddable":true,"href":"https:\/\/www.czechcyclingfederation.com\/en\/wp-json\/wp\/v2\/users\/15"}],"replies":[{"embeddable":true,"href":"https:\/\/www.czechcyclingfederation.com\/en\/wp-json\/wp\/v2\/comments?post=13264"}],"version-history":[{"count":2,"href":"https:\/\/www.czechcyclingfederation.com\/en\/wp-json\/wp\/v2\/posts\/13264\/revisions"}],"predecessor-version":[{"id":13467,"href":"https:\/\/www.czechcyclingfederation.com\/en\/wp-json\/wp\/v2\/posts\/13264\/revisions\/13467"}],"wp:featuredmedia":[{"embeddable":true,"href":"https:\/\/www.czechcyclingfederation.com\/en\/wp-json\/wp\/v2\/media\/13266"}],"wp:attachment":[{"href":"https:\/\/www.czechcyclingfederation.com\/en\/wp-json\/wp\/v2\/media?parent=13264"}],"wp:term":[{"taxonomy":"category","embeddable":true,"href":"https:\/\/www.czechcyclingfederation.com\/en\/wp-json\/wp\/v2\/categories?post=13264"},{"taxonomy":"post_tag","embeddable":true,"href":"https:\/\/www.czechcyclingfederation.com\/en\/wp-json\/wp\/v2\/tags?post=13264"}],"curies":[{"name":"wp","href":"https:\/\/api.w.org\/{rel}","templated":true}]}}