{"id":13254,"date":"2022-08-21T17:54:33","date_gmt":"2022-08-21T15:54:33","guid":{"rendered":"https:\/\/www.czechcyclingfederation.com\/?p=13254"},"modified":"2022-08-21T17:54:34","modified_gmt":"2022-08-21T15:54:34","slug":"mistrovstvi-cr-v-casovce-druzstev-pro-att-investment","status":"publish","type":"post","link":"https:\/\/www.czechcyclingfederation.com\/en\/mistrovstvi-cr-v-casovce-druzstev-pro-att-investment\/","title":{"rendered":"Mistrovstv\u00ed \u010cR v \u010dasovce dru\u017estev pro ATT Investment"},"content":{"rendered":"\n<p>Mistrem v\u00a0t\u00fdmov\u00e9 \u010dasovce, se p\u0159i absenci z\u00e1vodn\u00edk\u016f Elkov Kasper, stalo kvarteto se ATT Investments. Tra\u0165 dlouhou 45 kilometr\u016f v\u00a0\u017didovic\u00edm zvl\u00e1dli Tom\u00e1\u0161 Jakoubek, Jan Ka\u0161par, Michal Rotter, Karel Tyrpekl v\u00a0\u010dase a druhou \u010dtve\u0159ici Favoritu Brno porazili o 2:23.<\/p>\n\n\n\n<p>Mezi juniory na stejn\u00e9 trati bylo nejrychlej\u0161\u00ed trio Favoritu Brno \u0160t\u011bp\u00e1n Teleck\u00fd, Daniel Vyso\u010dan, Maty\u00e1\u0161 Muro\u0148, kter\u00e9 doplnil Jan Luke\u0161 z Willebrord Wil Vooruit). Patn\u00e1ctikilometrov\u00fd z\u00e1vod \u017een zvl\u00e1dly nejl\u00e9pe Petra \u0160ev\u010d\u00edkov\u00e1 a Nicole Hartychov\u00e1 z Dukly Praha, juniork\u00e1m vl\u00e1dly Nela Slan\u00edkov\u00e1, Eli\u0161ka Kvasni\u010dkov\u00e1 (Roman Kreuziger Cycling Academy\/SportRaces Cycling Team).<\/p>\n\n\n\n<p>V\u00fdsledky:<\/p>\n\n\n\n<p>Mu\u017ei (45 km):<\/p>\n\n\n\n<p>1. Jakoubek, Ka\u0161par, Rotter, Tyrpekl (ATT Investments) 59:30, 2. K\u0159enek, Voltr, Prudek, Km\u00ednek (TJ Favorit Brno) +2:13, 3. Mart\u00ednek, Vor\u00e1\u010dek, \u010cerv\u00ed\u010dek, Lovi\u010d (Cyklo Friede) +14:04.<\/p>\n\n\n\n<p>Junio\u0159i (45 km):<\/p>\n\n\n\n<p>1. Teleck\u00fd, Vyso\u010dan, Muro\u0148, Luke\u0161 (TJ Favorit Brno\/Willebrord Wil Vooruit) 1:01:13, 2. Bittner, Hrdli\u010dka, P\u0159idal, Mr\u00e1z (Mapei Merida Ka\u0148kovsk\u00fd) +44, 3. Soukup, Proch\u00e1zka, Pokorn\u00fd, Kar\u00e1sek (TUFO Pardus Prost\u011bjov) +2:41.<\/p>\n\n\n\n<p>Kadeti (30 km):<\/p>\n\n\n\n<p>1. Pit\u00e1k, Ra\u0161ka, Zah\u00e1lka, Rieger (Mapei Merida Ka\u0148kovsk\u00fd\/CK Slavoj Terez\u00edn) 41:50.<\/p>\n\n\n\n<p>Star\u0161\u00ed \u017e\u00e1ci (15 km):<\/p>\n\n\n\n<p>1. Tesa\u0159\u00edk, \u017duf\u00e1nek (Mapei Merida Ka\u0148kovsk\u00fd) 22:28.<\/p>\n\n\n\n<p>Mlad\u0161\u00ed \u017e\u00e1ci (15 km):<\/p>\n\n\n\n<p>1. Trousil, Hlad\u00edk (TJ Stadion Louny\/Mapei Merida Ka\u0148kovsk\u00fd) 26:04.<\/p>\n\n\n\n<p>\u017deny (15 km):<\/p>\n\n\n\n<p>1. \u0160ev\u010d\u00edkov\u00e1, Hartychov\u00e1 (Dukla Praha) 22:46, 2. Drbohlavov\u00e1, Barto\u0161ov\u00e1 (LAWI junior team\/Brilon Racing Team) +1:06, 3., Hejhalov\u00e1, Rinaglov\u00e1 (Dukla Praha\/SportRaces Cycling Team ) +1:47-<\/p>\n\n\n\n<p>Juniorky (15 km):<\/p>\n\n\n\n<p>1. Slan\u00edkov\u00e1, Kvasni\u010dkov\u00e1 (Roman Kreuziger Cycling Academy\/SportRaces Cycling Team) 22:17, 2. Runtov\u00e1, M\u00fcllerov\u00e1 (Dukla Praha\/TUFO Pardus Prost\u011bjov) +2:03, 3. Hlad\u00edkov\u00e1, Je\u0159\u00e1bkov\u00e1 (Brilon Racing Team) +2:35.<\/p>\n\n\n\n<p>Kadetky (15 km):<\/p>\n\n\n\n<p>1. N. Ka\u0148kovsk\u00e1, Pittnerov\u00e1 (Mapei Merida Ka\u0148kovsk\u00fd) 23:57.<\/p>\n\n\n\n<p>Star\u0161\u00ed \u017e\u00e1kyn\u011b (15 km):<\/p>\n\n\n\n<p>1. Cermanov\u00e1, Grohov\u00e1 (CK P\u0159\u00edbram &#8211; Fany GASTRO) 24:00.<\/p>\n\n\n\n<p>Mlad\u0161\u00ed \u017e\u00e1kyn\u011b (15 km):<\/p>\n\n\n\n<p>1.Kr\u00e1lov\u00e1, Rumanov\u00e1&nbsp; (Akademie cyklistick\u00fdch sport\u016f\/MS Bike Academy Racing) 27:26.<\/p>\n\n\n\n<p>FOTO Martin Dvo\u0159\u00e1k<\/p>\n\n\n\n<figure class=\"wp-block-image size-large\"><img loading=\"lazy\" decoding=\"async\" width=\"1024\" height=\"768\" src=\"https:\/\/www.czechcyclingfederation.com\/wp-content\/uploads\/2022\/08\/8405b7b2-df99-43bf-bf1d-de7d3a3cc8ca.jpg\" alt=\"\" class=\"wp-image-13256\" srcset=\"https:\/\/www.czechcyclingfederation.com\/wp-content\/uploads\/2022\/08\/8405b7b2-df99-43bf-bf1d-de7d3a3cc8ca.jpg 1024w, https:\/\/www.czechcyclingfederation.com\/wp-content\/uploads\/2022\/08\/8405b7b2-df99-43bf-bf1d-de7d3a3cc8ca-267x200.jpg 267w, https:\/\/www.czechcyclingfederation.com\/wp-content\/uploads\/2022\/08\/8405b7b2-df99-43bf-bf1d-de7d3a3cc8ca-768x576.jpg 768w\" sizes=\"auto, (max-width: 1024px) 100vw, 1024px\" \/><\/figure>\n\n\n\n<figure class=\"wp-block-image size-large\"><img loading=\"lazy\" decoding=\"async\" width=\"1024\" height=\"768\" src=\"https:\/\/www.czechcyclingfederation.com\/wp-content\/uploads\/2022\/08\/b64c26bd-a45b-4d9d-a49f-7ce2a6cc48cf-1024x768.jpg\" alt=\"\" class=\"wp-image-13257\" srcset=\"https:\/\/www.czechcyclingfederation.com\/wp-content\/uploads\/2022\/08\/b64c26bd-a45b-4d9d-a49f-7ce2a6cc48cf-1024x768.jpg 1024w, https:\/\/www.czechcyclingfederation.com\/wp-content\/uploads\/2022\/08\/b64c26bd-a45b-4d9d-a49f-7ce2a6cc48cf-267x200.jpg 267w, https:\/\/www.czechcyclingfederation.com\/wp-content\/uploads\/2022\/08\/b64c26bd-a45b-4d9d-a49f-7ce2a6cc48cf-768x576.jpg 768w, https:\/\/www.czechcyclingfederation.com\/wp-content\/uploads\/2022\/08\/b64c26bd-a45b-4d9d-a49f-7ce2a6cc48cf-1536x1152.jpg 1536w, https:\/\/www.czechcyclingfederation.com\/wp-content\/uploads\/2022\/08\/b64c26bd-a45b-4d9d-a49f-7ce2a6cc48cf-1320x990.jpg 1320w, https:\/\/www.czechcyclingfederation.com\/wp-content\/uploads\/2022\/08\/b64c26bd-a45b-4d9d-a49f-7ce2a6cc48cf.jpg 2048w\" sizes=\"auto, (max-width: 1024px) 100vw, 1024px\" \/><\/figure>\n\n\n\n<figure class=\"wp-block-image size-large\"><img loading=\"lazy\" decoding=\"async\" width=\"1024\" height=\"672\" src=\"https:\/\/www.czechcyclingfederation.com\/wp-content\/uploads\/2022\/08\/ceb366d5-d7a5-4cc0-97b4-0c029a56e251.jpg\" alt=\"\" class=\"wp-image-13258\" srcset=\"https:\/\/www.czechcyclingfederation.com\/wp-content\/uploads\/2022\/08\/ceb366d5-d7a5-4cc0-97b4-0c029a56e251.jpg 1024w, https:\/\/www.czechcyclingfederation.com\/wp-content\/uploads\/2022\/08\/ceb366d5-d7a5-4cc0-97b4-0c029a56e251-300x197.jpg 300w, https:\/\/www.czechcyclingfederation.com\/wp-content\/uploads\/2022\/08\/ceb366d5-d7a5-4cc0-97b4-0c029a56e251-768x504.jpg 768w\" sizes=\"auto, (max-width: 1024px) 100vw, 1024px\" \/><\/figure>\n\n\n\n<figure class=\"wp-block-image size-large\"><img loading=\"lazy\" decoding=\"async\" width=\"1024\" height=\"622\" src=\"https:\/\/www.czechcyclingfederation.com\/wp-content\/uploads\/2022\/08\/ef25cd8d-bb93-473d-bf3a-b6a9e39628f0.jpg\" alt=\"\" class=\"wp-image-13259\" srcset=\"https:\/\/www.czechcyclingfederation.com\/wp-content\/uploads\/2022\/08\/ef25cd8d-bb93-473d-bf3a-b6a9e39628f0.jpg 1024w, https:\/\/www.czechcyclingfederation.com\/wp-content\/uploads\/2022\/08\/ef25cd8d-bb93-473d-bf3a-b6a9e39628f0-300x182.jpg 300w, https:\/\/www.czechcyclingfederation.com\/wp-content\/uploads\/2022\/08\/ef25cd8d-bb93-473d-bf3a-b6a9e39628f0-768x467.jpg 768w\" sizes=\"auto, (max-width: 1024px) 100vw, 1024px\" \/><\/figure>\n","protected":false},"excerpt":{"rendered":"<p>Mistrem v\u00a0t\u00fdmov\u00e9 \u010dasovce, se p\u0159i absenci z\u00e1vodn\u00edk\u016f Elkov Kasper, stalo kvarteto se ATT Investments. Tra\u0165 dlouhou 45 kilometr\u016f v\u00a0\u017didovic\u00edm zvl\u00e1dli Tom\u00e1\u0161 Jakoubek, Jan Ka\u0161par, Michal Rotter, Karel Tyrpekl v\u00a0\u010dase a druhou \u010dtve\u0159ici Favoritu Brno porazili o 2:23. Mezi juniory na stejn\u00e9 trati bylo nejrychlej\u0161\u00ed trio Favoritu Brno \u0160t\u011bp\u00e1n Teleck\u00fd, Daniel Vyso\u010dan, Maty\u00e1\u0161 Muro\u0148, kter\u00e9 doplnil [&hellip;]<\/p>\n","protected":false},"author":8,"featured_media":13255,"comment_status":"closed","ping_status":"open","sticky":false,"template":"","format":"standard","meta":{"footnotes":""},"categories":[2,18],"tags":[11],"class_list":["post-13254","post","type-post","status-publish","format-standard","has-post-thumbnail","hentry","category-novinky","category-silnice","tag-silnice"],"_links":{"self":[{"href":"https:\/\/www.czechcyclingfederation.com\/en\/wp-json\/wp\/v2\/posts\/13254","targetHints":{"allow":["GET"]}}],"collection":[{"href":"https:\/\/www.czechcyclingfederation.com\/en\/wp-json\/wp\/v2\/posts"}],"about":[{"href":"https:\/\/www.czechcyclingfederation.com\/en\/wp-json\/wp\/v2\/types\/post"}],"author":[{"embeddable":true,"href":"https:\/\/www.czechcyclingfederation.com\/en\/wp-json\/wp\/v2\/users\/8"}],"replies":[{"embeddable":true,"href":"https:\/\/www.czechcyclingfederation.com\/en\/wp-json\/wp\/v2\/comments?post=13254"}],"version-history":[{"count":1,"href":"https:\/\/www.czechcyclingfederation.com\/en\/wp-json\/wp\/v2\/posts\/13254\/revisions"}],"predecessor-version":[{"id":13260,"href":"https:\/\/www.czechcyclingfederation.com\/en\/wp-json\/wp\/v2\/posts\/13254\/revisions\/13260"}],"wp:featuredmedia":[{"embeddable":true,"href":"https:\/\/www.czechcyclingfederation.com\/en\/wp-json\/wp\/v2\/media\/13255"}],"wp:attachment":[{"href":"https:\/\/www.czechcyclingfederation.com\/en\/wp-json\/wp\/v2\/media?parent=13254"}],"wp:term":[{"taxonomy":"category","embeddable":true,"href":"https:\/\/www.czechcyclingfederation.com\/en\/wp-json\/wp\/v2\/categories?post=13254"},{"taxonomy":"post_tag","embeddable":true,"href":"https:\/\/www.czechcyclingfederation.com\/en\/wp-json\/wp\/v2\/tags?post=13254"}],"curies":[{"name":"wp","href":"https:\/\/api.w.org\/{rel}","templated":true}]}}