{"id":13251,"date":"2022-08-20T20:02:33","date_gmt":"2022-08-20T18:02:33","guid":{"rendered":"https:\/\/www.czechcyclingfederation.com\/?p=13251"},"modified":"2022-08-20T20:02:36","modified_gmt":"2022-08-20T18:02:36","slug":"carla-kriterijni-liga-v-lovosicich","status":"publish","type":"post","link":"https:\/\/www.czechcyclingfederation.com\/en\/carla-kriterijni-liga-v-lovosicich\/","title":{"rendered":"Carla kriterijn\u00ed liga v Lovosic\u00edch"},"content":{"rendered":"\n<p>Seri\u00e1l Carla kriterijn\u00ed liga pokra\u010doval dal\u0161\u00edm z\u00e1vodem v Lovosic\u00edch. Nejlep\u0161\u00ed mezi juniory byl Milan Kadlec z Dukly Praha, mezi \u017eenami vystoupila ve 4. ro\u010dn\u00edku Krit\u00e9ria nad\u011bj\u00ed na nejvy\u0161\u0161\u00ed stupe\u0148 Nicole Hartychov\u00e1 ze stejn\u00e9ho klubu.<\/p>\n\n\n\n<p>V\u00fdsledky:<\/p>\n\n\n\n<p>Mlad\u0161\u00ed \u017e\u00e1kyn\u011b (4,7 km):<\/p>\n\n\n\n<p>1. Kr\u00e1lov\u00e1 (Akademie cyklistick\u00fdch sport\u016f) 8:10, 2. Pazourkov\u00e1, 3. Zavaddilov\u00e1 (ob\u011b Cycling Academy T\u00e1bor) ob\u011b stejn\u00fd \u010das.<\/p>\n\n\n\n<p>Star\u0161\u00ed \u017e\u00e1kyn\u011b (9 km):<\/p>\n\n\n\n<p>1. Cermanov\u00e1 (CK P\u0159\u00edbram &#8211; Fany GASTRO) 15, 2. Frydrychov\u00e1 (Auto \u0160koda Ml. Boleslav) 6, 3. Grohov\u00e1 (CK P\u0159\u00edbram &#8211; Fany GASTRO) 6.<\/p>\n\n\n\n<p>Kadetky (18 km):<\/p>\n\n\n\n<p>1. Doud\u011brov\u00e1 (Jaroslav Kulhavy Cycling Team) 19, 2. N. Ka\u0148kovsk\u00e1 (Mapei Merida Ka\u0148kovsk\u00fd) 12, 3. V. Jadrn\u00e1 (Sportcomplex B\u0159eclav) 11.<\/p>\n\n\n\n<p>Juniorky (27 km):<\/p>\n\n\n\n<p>1. Markov\u00e1 (Dukla Praha) 25, 2. Slan\u00edkov\u00e1 (Roman Kreuziger Cycling Academy) 13, 3. Hlad\u00edkov\u00e1 (Brilon Racing team) 5.<\/p>\n\n\n\n<p>\u017deny (27 km):<\/p>\n\n\n\n<p>1. Hartychov\u00e1 19, 2. He\u0159manovsk\u00e1 11, 3. Hejhalov\u00ed (v\u0161echny Dukla Praha) 3.<\/p>\n\n\n\n<p>Mlad\u0161\u00ed \u017e\u00e1ci (7,5 km):<\/p>\n\n\n\n<p>1. Ma\u0148as (Cycling Academy T\u00e1bor) 13:52, 2. Brad\u00e1\u010d (Dukla Praha), 3. Trousil (TJ stadion Louny) oba stejn\u00fd \u010das.<\/p>\n\n\n\n<p>Star\u0161\u00ed \u017e\u00e1ci (13,.5 km):<\/p>\n\n\n\n<p>1. Tesa\u0159\u00edk (Mapei Merida Ka\u0148kovsk\u00fd) 20, 2. Bradna (Lawi junior team) 12, 3. Popovi\u010d (Auto \u0160koda Ml. Boleslav) 8.<\/p>\n\n\n\n<p>Kadeti (22,5 km):<\/p>\n\n\n\n<p>1. \u0160ump\u00edk (Jaroslav Kulhavy Cycling) 27, 2. Zah\u00e1lka (CK Slavoj Terez\u00edn) 20, 3. Pe\u010dek (Roman Kreuziger Cycling Academy) 13.<\/p>\n\n\n\n<p>Junio\u0159i (37,5 km):<\/p>\n\n\n\n<p>1. Kadlec (Dukla Praha) 25, 2. P\u0159idal 18, 3. Mr\u00e1z (oba Mapei Merida Ka\u0148kovsk\u00fd) 13.<\/p>\n","protected":false},"excerpt":{"rendered":"<p>Seri\u00e1l Carla kriterijn\u00ed liga pokra\u010doval dal\u0161\u00edm z\u00e1vodem v Lovosic\u00edch. Nejlep\u0161\u00ed mezi juniory byl Milan Kadlec z Dukly Praha, mezi \u017eenami vystoupila ve 4. ro\u010dn\u00edku Krit\u00e9ria nad\u011bj\u00ed na nejvy\u0161\u0161\u00ed stupe\u0148 Nicole Hartychov\u00e1 ze stejn\u00e9ho klubu. V\u00fdsledky: Mlad\u0161\u00ed \u017e\u00e1kyn\u011b (4,7 km): 1. Kr\u00e1lov\u00e1 (Akademie cyklistick\u00fdch sport\u016f) 8:10, 2. Pazourkov\u00e1, 3. Zavaddilov\u00e1 (ob\u011b Cycling Academy T\u00e1bor) ob\u011b stejn\u00fd [&hellip;]<\/p>\n","protected":false},"author":8,"featured_media":13252,"comment_status":"closed","ping_status":"open","sticky":false,"template":"","format":"standard","meta":{"footnotes":""},"categories":[2,18],"tags":[11],"class_list":["post-13251","post","type-post","status-publish","format-standard","has-post-thumbnail","hentry","category-novinky","category-silnice","tag-silnice"],"_links":{"self":[{"href":"https:\/\/www.czechcyclingfederation.com\/en\/wp-json\/wp\/v2\/posts\/13251","targetHints":{"allow":["GET"]}}],"collection":[{"href":"https:\/\/www.czechcyclingfederation.com\/en\/wp-json\/wp\/v2\/posts"}],"about":[{"href":"https:\/\/www.czechcyclingfederation.com\/en\/wp-json\/wp\/v2\/types\/post"}],"author":[{"embeddable":true,"href":"https:\/\/www.czechcyclingfederation.com\/en\/wp-json\/wp\/v2\/users\/8"}],"replies":[{"embeddable":true,"href":"https:\/\/www.czechcyclingfederation.com\/en\/wp-json\/wp\/v2\/comments?post=13251"}],"version-history":[{"count":1,"href":"https:\/\/www.czechcyclingfederation.com\/en\/wp-json\/wp\/v2\/posts\/13251\/revisions"}],"predecessor-version":[{"id":13253,"href":"https:\/\/www.czechcyclingfederation.com\/en\/wp-json\/wp\/v2\/posts\/13251\/revisions\/13253"}],"wp:featuredmedia":[{"embeddable":true,"href":"https:\/\/www.czechcyclingfederation.com\/en\/wp-json\/wp\/v2\/media\/13252"}],"wp:attachment":[{"href":"https:\/\/www.czechcyclingfederation.com\/en\/wp-json\/wp\/v2\/media?parent=13251"}],"wp:term":[{"taxonomy":"category","embeddable":true,"href":"https:\/\/www.czechcyclingfederation.com\/en\/wp-json\/wp\/v2\/categories?post=13251"},{"taxonomy":"post_tag","embeddable":true,"href":"https:\/\/www.czechcyclingfederation.com\/en\/wp-json\/wp\/v2\/tags?post=13251"}],"curies":[{"name":"wp","href":"https:\/\/api.w.org\/{rel}","templated":true}]}}