{"id":13245,"date":"2022-08-20T16:48:15","date_gmt":"2022-08-20T14:48:15","guid":{"rendered":"https:\/\/www.czechcyclingfederation.com\/?p=13245"},"modified":"2022-08-26T15:00:42","modified_gmt":"2022-08-26T13:00:42","slug":"evropskou-bikovou-sampionkou-lecomteova-cabelicka-dvacata","status":"publish","type":"post","link":"https:\/\/www.czechcyclingfederation.com\/en\/evropskou-bikovou-sampionkou-lecomteova-cabelicka-dvacata\/","title":{"rendered":"Evropskou bikovou \u0161ampionkou Lecomteov\u00e1, \u010c\u00e1belick\u00e1 dvac\u00e1t\u00e1"},"content":{"rendered":"\n<p><\/p>\n\n\n\n<p>Titul evropsk\u00e9 \u0161ampionky v cross country vybojoval v Mnichov\u011b poprv\u00e9 v kari\u00e9\u0159e t\u0159iadvacetilet\u00e1 Loana Lecomteov\u00e1 z Francie. Pro st\u0159\u00edbro si dojela jej\u00ed krajanka Pauline Ferrandov\u00e1-Pr\u00e9votov\u00e1, bronz si z\u00edskala Anne Terpstraov\u00e1 z Nizozem\u00ed, kter\u00e1 \u010dasto startuje na \u010desk\u00fdch okruz\u00edch. Nejlep\u0161\u00ed \u010ce\u0161kou byla dvac\u00e1t\u00e1 Jitka \u010c\u00e1belick\u00e1.<\/p>\n\n\n\n<p>V de\u0161tiv\u00e9m po\u010das\u00ed \u010dekalo na bikerky sedm okruh\u016f. Hned v prvn\u00edm ujely soupe\u0159k\u00e1m Lecomteov\u00e1 a Ferrandov\u00e1-Pr\u00e9votov\u00e1 a spolu s nimi \u0161v\u00fdcarsk\u00e9 duo Jolanda Neffovov\u00e1 a Alessandra Kellerov\u00e1. Od druh\u00e9ho kola ale ji\u017e vl\u00e1dlo osamocen\u00e9 duo Francouzek, jejich narostl rychle na p\u016fl minuty, ale pak Ferrandov\u00e1-Pr\u00e9votov\u00e1, kter\u00e1 na \u0161ampion\u00e1tu star\u00e9ho kontinentu c\u00edlila na zlat\u00fd hattrick, sv\u00e9 krajance ujela. V n\u00e1jezdu do t\u0159et\u00edho okruhu u\u017e vedla o 11 sekund a d\u00e1l se Lecomteov\u00e9 vzdalovala.<\/p>\n\n\n\n<p>Ov\u0161em v pr\u016fb\u011bhu t\u0159et\u00edho okruhu j\u00ed spadl \u0159et\u011bz a ne\u017e se j\u00ed ho poda\u0159ilo na zabahn\u011bn\u00e9m kole nahodit, Lecomteov\u00e1 se kolem n\u00ed p\u0159ehnala a z\u00edskala nav\u00edc t\u00e9m\u011b\u0159 minutov\u00fd n\u00e1skok, kter\u00fd dr\u017eela i o kolo pozd\u011bji a bezpe\u010dn\u011b si pak dojela pro prvn\u00ed velk\u00e9 zlato v kari\u00e9\u0159e.<\/p>\n\n\n\n<p>Terpstraov\u00e1, kter\u00e1 za n\u00ed v p\u0159edchoz\u00edch dvou letech brala poka\u017ed\u00e9 st\u0159\u00edbro, m\u011bla na v\u00edt\u011bzku v\u00edce ne\u017e t\u0159\u00edminutov\u00e9 manko. \u010c\u00e1belick\u00e1 zaostala za zlatou Lecomteovou o v\u00edce ne\u017e dev\u011bt minut.<\/p>\n\n\n\n<p>V\u00fdsledky:<\/p>\n\n\n\n<p>1. Lecomteov\u00e1 1:28:04, 2. Ferrandov\u00e1-Pr\u00e9votov\u00e1 (ob\u011b Fr.) +37, 3. Terpstraov\u00e1 (Niz.) +3:08, 4. Neffov\u00e1 (\u0160v\u00fdc.) +3:33, 5. Boh\u00e9ov\u00e1 (D\u00e1n.) +4:29, 6. Kellerov\u00e1 (\u0160v\u00fdc.) +5:07, &#8230;20. \u010c\u00e1belick\u00e1 +9:06, 22. Tvar\u016f\u017ekov\u00e1 +9:33, 28. Czeczinkarov\u00e1 +10:22, 36. \u0160t\u011bp\u00e1nov\u00e1 (v\u0161echny \u010cR) -2 kola.<\/p>\n\n\n\n<p>FOTO Jaroslav Svoboda<\/p>\n\n\n\n<figure class=\"wp-block-image size-large\"><img loading=\"lazy\" decoding=\"async\" width=\"1024\" height=\"683\" src=\"https:\/\/www.czechcyclingfederation.com\/wp-content\/uploads\/2022\/08\/Czeczinkarova-SVO_5782-1024x683.jpg\" alt=\"\" class=\"wp-image-13247\" srcset=\"https:\/\/www.czechcyclingfederation.com\/wp-content\/uploads\/2022\/08\/Czeczinkarova-SVO_5782-1024x683.jpg 1024w, https:\/\/www.czechcyclingfederation.com\/wp-content\/uploads\/2022\/08\/Czeczinkarova-SVO_5782-300x200.jpg 300w, https:\/\/www.czechcyclingfederation.com\/wp-content\/uploads\/2022\/08\/Czeczinkarova-SVO_5782-768x512.jpg 768w, https:\/\/www.czechcyclingfederation.com\/wp-content\/uploads\/2022\/08\/Czeczinkarova-SVO_5782-1536x1024.jpg 1536w, https:\/\/www.czechcyclingfederation.com\/wp-content\/uploads\/2022\/08\/Czeczinkarova-SVO_5782-1320x880.jpg 1320w, https:\/\/www.czechcyclingfederation.com\/wp-content\/uploads\/2022\/08\/Czeczinkarova-SVO_5782.jpg 2048w\" sizes=\"auto, (max-width: 1024px) 100vw, 1024px\" \/><\/figure>\n\n\n\n<figure class=\"wp-block-image size-large\"><img loading=\"lazy\" decoding=\"async\" width=\"1024\" height=\"683\" src=\"https:\/\/www.czechcyclingfederation.com\/wp-content\/uploads\/2022\/08\/Stepanova-SV0_1667-1024x683.jpg\" alt=\"\" class=\"wp-image-13248\" srcset=\"https:\/\/www.czechcyclingfederation.com\/wp-content\/uploads\/2022\/08\/Stepanova-SV0_1667-1024x683.jpg 1024w, https:\/\/www.czechcyclingfederation.com\/wp-content\/uploads\/2022\/08\/Stepanova-SV0_1667-300x200.jpg 300w, https:\/\/www.czechcyclingfederation.com\/wp-content\/uploads\/2022\/08\/Stepanova-SV0_1667-768x512.jpg 768w, https:\/\/www.czechcyclingfederation.com\/wp-content\/uploads\/2022\/08\/Stepanova-SV0_1667-1536x1024.jpg 1536w, https:\/\/www.czechcyclingfederation.com\/wp-content\/uploads\/2022\/08\/Stepanova-SV0_1667-1320x880.jpg 1320w, https:\/\/www.czechcyclingfederation.com\/wp-content\/uploads\/2022\/08\/Stepanova-SV0_1667.jpg 2048w\" sizes=\"auto, (max-width: 1024px) 100vw, 1024px\" \/><\/figure>\n\n\n\n<figure class=\"wp-block-image size-large\"><img loading=\"lazy\" decoding=\"async\" width=\"1024\" height=\"683\" src=\"https:\/\/www.czechcyclingfederation.com\/wp-content\/uploads\/2022\/08\/Tvaruzkova-SV0_1786-1024x683.jpg\" alt=\"\" class=\"wp-image-13249\" srcset=\"https:\/\/www.czechcyclingfederation.com\/wp-content\/uploads\/2022\/08\/Tvaruzkova-SV0_1786-1024x683.jpg 1024w, https:\/\/www.czechcyclingfederation.com\/wp-content\/uploads\/2022\/08\/Tvaruzkova-SV0_1786-300x200.jpg 300w, https:\/\/www.czechcyclingfederation.com\/wp-content\/uploads\/2022\/08\/Tvaruzkova-SV0_1786-768x512.jpg 768w, https:\/\/www.czechcyclingfederation.com\/wp-content\/uploads\/2022\/08\/Tvaruzkova-SV0_1786-1536x1024.jpg 1536w, https:\/\/www.czechcyclingfederation.com\/wp-content\/uploads\/2022\/08\/Tvaruzkova-SV0_1786-1320x880.jpg 1320w, https:\/\/www.czechcyclingfederation.com\/wp-content\/uploads\/2022\/08\/Tvaruzkova-SV0_1786.jpg 2048w\" sizes=\"auto, (max-width: 1024px) 100vw, 1024px\" \/><\/figure>\n","protected":false},"excerpt":{"rendered":"<p>Titul evropsk\u00e9 \u0161ampionky v cross country vybojoval v Mnichov\u011b poprv\u00e9 v kari\u00e9\u0159e t\u0159iadvacetilet\u00e1 Loana Lecomteov\u00e1 z Francie. Pro st\u0159\u00edbro si dojela jej\u00ed krajanka Pauline Ferrandov\u00e1-Pr\u00e9votov\u00e1, bronz si z\u00edskala Anne Terpstraov\u00e1 z Nizozem\u00ed, kter\u00e1 \u010dasto startuje na \u010desk\u00fdch okruz\u00edch. Nejlep\u0161\u00ed \u010ce\u0161kou byla dvac\u00e1t\u00e1 Jitka \u010c\u00e1belick\u00e1. V de\u0161tiv\u00e9m po\u010das\u00ed \u010dekalo na bikerky sedm okruh\u016f. Hned v prvn\u00edm [&hellip;]<\/p>\n","protected":false},"author":8,"featured_media":13246,"comment_status":"closed","ping_status":"open","sticky":false,"template":"","format":"standard","meta":{"footnotes":""},"categories":[6,2,103],"tags":[10],"class_list":["post-13245","post","type-post","status-publish","format-standard","has-post-thumbnail","hentry","category-mtb","category-novinky","category-reprezentace","tag-mtb"],"_links":{"self":[{"href":"https:\/\/www.czechcyclingfederation.com\/en\/wp-json\/wp\/v2\/posts\/13245","targetHints":{"allow":["GET"]}}],"collection":[{"href":"https:\/\/www.czechcyclingfederation.com\/en\/wp-json\/wp\/v2\/posts"}],"about":[{"href":"https:\/\/www.czechcyclingfederation.com\/en\/wp-json\/wp\/v2\/types\/post"}],"author":[{"embeddable":true,"href":"https:\/\/www.czechcyclingfederation.com\/en\/wp-json\/wp\/v2\/users\/8"}],"replies":[{"embeddable":true,"href":"https:\/\/www.czechcyclingfederation.com\/en\/wp-json\/wp\/v2\/comments?post=13245"}],"version-history":[{"count":1,"href":"https:\/\/www.czechcyclingfederation.com\/en\/wp-json\/wp\/v2\/posts\/13245\/revisions"}],"predecessor-version":[{"id":13250,"href":"https:\/\/www.czechcyclingfederation.com\/en\/wp-json\/wp\/v2\/posts\/13245\/revisions\/13250"}],"wp:featuredmedia":[{"embeddable":true,"href":"https:\/\/www.czechcyclingfederation.com\/en\/wp-json\/wp\/v2\/media\/13246"}],"wp:attachment":[{"href":"https:\/\/www.czechcyclingfederation.com\/en\/wp-json\/wp\/v2\/media?parent=13245"}],"wp:term":[{"taxonomy":"category","embeddable":true,"href":"https:\/\/www.czechcyclingfederation.com\/en\/wp-json\/wp\/v2\/categories?post=13245"},{"taxonomy":"post_tag","embeddable":true,"href":"https:\/\/www.czechcyclingfederation.com\/en\/wp-json\/wp\/v2\/tags?post=13245"}],"curies":[{"name":"wp","href":"https:\/\/api.w.org\/{rel}","templated":true}]}}