{"id":13241,"date":"2022-08-19T20:50:49","date_gmt":"2022-08-19T18:50:49","guid":{"rendered":"https:\/\/www.czechcyclingfederation.com\/?p=13241"},"modified":"2022-08-26T15:01:28","modified_gmt":"2022-08-26T13:01:28","slug":"bikovym-mistrem-evropa-pidcock-z-cechu-nejlepsi-cink","status":"publish","type":"post","link":"https:\/\/www.czechcyclingfederation.com\/en\/bikovym-mistrem-evropa-pidcock-z-cechu-nejlepsi-cink\/","title":{"rendered":"Bikov\u00fdm mistrem Evropy Pidcock, z \u010cech\u016f nejlep\u0161\u00ed Cink"},"content":{"rendered":"\n<p>Evropsk\u00fdm \u0161ampionem v cross country v Mnichov\u011b se stal britsk\u00fd univerz\u00e1l , olympijsk\u00fd v\u00edt\u011bz, Thomas Pidcock, kter\u00fd vyhr\u00e1l s n\u00e1skokem 11 vte\u0159in p\u0159ed D\u00e1nem Sebastianem Fini Carstensenem a o dal\u0161\u00ed vte\u0159inu zp\u011bt byl Filippo Colombo ze \u0160v\u00fdcarska. Nejlep\u0161\u00ed z \u010desk\u00e9ho kvarteta byl Ond\u0159ej Cink na 17. m\u00edst\u011b.<\/p>\n\n\n\n<p>&#8220;J\u00e1 si mysl\u00edm, \u017ee mohu b\u00fdt spokojen. Po t\u011bch probl\u00e9mech v posledn\u00ed dob\u011b jsem nic ne\u010dekal, cht\u011bl jsem ale objet z\u00e1vod d\u016fstojn\u011b a to si mysl\u00edm, \u017ee vy\u0161lo. Do \u010dty\u0159ic\u00e1t\u00e9 minuty jsem byl ve vedouc\u00ed skupin\u011b, ale potom se pochopiteln\u011b projevilo, \u017ee jsem moc nemohl tr\u00e9novat a z\u00e1vodit. Mysl\u00edm ale, \u017ee by to mohlo pomoci k dal\u0161\u00edm dv\u011bma n\u00e1sleduj\u00edc\u00edm d\u016fle\u017eit\u00fdm akc\u00edm,&#8221; \u0159ekl Ond\u0159ej Cink a myslel t\u00edm mistrovstv\u00ed sv\u011bta ve francouzsk\u00e9m Les Gets a dal\u0161\u00ed podnik seri\u00e1lu Sv\u011btov\u00e9ho poh\u00e1ru.<\/p>\n\n\n\n<p>T\u0159i dal\u0161\u00ed na\u0161i jezdci se se\u0159adili ve t\u0159et\u00ed des\u00edtce v\u00fdsledkov\u00e9 listiny. Jan \u0160karnitzl byl 34., o dv\u011b m\u00edsta za n\u00edm dojel Luk\u00e1\u0161 Kobes a po defektu \u010dty\u0159ic\u00e1t\u00fd Marek Rauchfuss.<\/p>\n\n\n\n<p>V Mnichov\u011b musel Pidcock startovat a\u017e z \u010dtvrt\u00e9 \u0159ady a chv\u00edli mu trvalo, ne\u017e se propracoval vp\u0159ed. Ve \u010dtvrt\u00e9m z osmi okruh\u016f se v\u0161ak dostal do \u010deln\u00ed skupiny a od p\u00e1t\u00e9ho kola na de\u0161t\u011bm zvlhl\u00e9 trati jezdil s\u00e1m. P\u0159ed zbytkem pole si udr\u017eoval t\u00e9m\u011b\u0159 p\u016flminutov\u00fd n\u00e1skok, kter\u00fd umo\u017enil soupe\u0159\u016fm st\u00e1hnout a\u017e z\u0159eteln\u00fdm zvoln\u011bn\u00edm v z\u00e1v\u011bru.<\/p>\n\n\n\n<p>V\u00fdsledky:<\/p>\n\n\n\n<p>1. Pidcock (Brit.) 1:18:09, 2. Carstensen (D\u00e1n.) +11, 3. Colombo (\u0160v\u00fdc.) +12, 4. Koretzky (Fr.) +18, 5. Litscher (\u0160v\u00fdc.) +21, 6. Schuermans (Belg.) +25, &#8230;17. Cink +2:13, 34. \u0160karnitzl +3:36, 36. Kobes +3:59, 40. Rauchfuss (v\u0161ichni \u010cR) +4:45.<\/p>\n","protected":false},"excerpt":{"rendered":"<p>Evropsk\u00fdm \u0161ampionem v cross country v Mnichov\u011b se stal britsk\u00fd univerz\u00e1l , olympijsk\u00fd v\u00edt\u011bz, Thomas Pidcock, kter\u00fd vyhr\u00e1l s n\u00e1skokem 11 vte\u0159in p\u0159ed D\u00e1nem Sebastianem Fini Carstensenem a o dal\u0161\u00ed vte\u0159inu zp\u011bt byl Filippo Colombo ze \u0160v\u00fdcarska. Nejlep\u0161\u00ed z \u010desk\u00e9ho kvarteta byl Ond\u0159ej Cink na 17. m\u00edst\u011b. &#8220;J\u00e1 si mysl\u00edm, \u017ee mohu b\u00fdt spokojen. Po [&hellip;]<\/p>\n","protected":false},"author":8,"featured_media":13244,"comment_status":"closed","ping_status":"open","sticky":false,"template":"","format":"standard","meta":{"footnotes":""},"categories":[6,2,103],"tags":[10],"class_list":["post-13241","post","type-post","status-publish","format-standard","has-post-thumbnail","hentry","category-mtb","category-novinky","category-reprezentace","tag-mtb"],"_links":{"self":[{"href":"https:\/\/www.czechcyclingfederation.com\/en\/wp-json\/wp\/v2\/posts\/13241","targetHints":{"allow":["GET"]}}],"collection":[{"href":"https:\/\/www.czechcyclingfederation.com\/en\/wp-json\/wp\/v2\/posts"}],"about":[{"href":"https:\/\/www.czechcyclingfederation.com\/en\/wp-json\/wp\/v2\/types\/post"}],"author":[{"embeddable":true,"href":"https:\/\/www.czechcyclingfederation.com\/en\/wp-json\/wp\/v2\/users\/8"}],"replies":[{"embeddable":true,"href":"https:\/\/www.czechcyclingfederation.com\/en\/wp-json\/wp\/v2\/comments?post=13241"}],"version-history":[{"count":2,"href":"https:\/\/www.czechcyclingfederation.com\/en\/wp-json\/wp\/v2\/posts\/13241\/revisions"}],"predecessor-version":[{"id":13412,"href":"https:\/\/www.czechcyclingfederation.com\/en\/wp-json\/wp\/v2\/posts\/13241\/revisions\/13412"}],"wp:featuredmedia":[{"embeddable":true,"href":"https:\/\/www.czechcyclingfederation.com\/en\/wp-json\/wp\/v2\/media\/13244"}],"wp:attachment":[{"href":"https:\/\/www.czechcyclingfederation.com\/en\/wp-json\/wp\/v2\/media?parent=13241"}],"wp:term":[{"taxonomy":"category","embeddable":true,"href":"https:\/\/www.czechcyclingfederation.com\/en\/wp-json\/wp\/v2\/categories?post=13241"},{"taxonomy":"post_tag","embeddable":true,"href":"https:\/\/www.czechcyclingfederation.com\/en\/wp-json\/wp\/v2\/tags?post=13241"}],"curies":[{"name":"wp","href":"https:\/\/api.w.org\/{rel}","templated":true}]}}