{"id":13234,"date":"2022-08-19T18:34:46","date_gmt":"2022-08-19T16:34:46","guid":{"rendered":"https:\/\/www.czechcyclingfederation.com\/?p=13234"},"modified":"2022-08-26T15:01:58","modified_gmt":"2022-08-26T13:01:58","slug":"cesi-zacali-avenir-vyborne","status":"publish","type":"post","link":"https:\/\/www.czechcyclingfederation.com\/en\/cesi-zacali-avenir-vyborne\/","title":{"rendered":"\u010ce\u0161i za\u010dali Avenir v\u00fdborn\u011b"},"content":{"rendered":"\n<p>\u010cesk\u00e1 reprezentace do 23 let se v&nbsp;\u00favodu z\u00e1vodu Tour de l\u00b4Avenir, jemu\u017e se p\u0159ezd\u00edv\u00e1 mal\u00e1 Tour de France, p\u0159edstavila ve velmi dobr\u00e9m sv\u011btle. V&nbsp;\u00favodn\u00edm prologu, kter\u00fd se jel jako kr\u00e1tk\u00e1 t\u00fdmov\u00e1 \u010dasovka na necel\u00e9 4 km, skon\u010dili \u010de\u0161t\u00ed cyklist\u00e9 p\u00e1t\u00ed a aktivn\u011b si po\u010d\u00ednali i v&nbsp;\u00favodn\u00ed p\u00e1te\u010dn\u00ed etap\u011b, kter\u00e1 skon\u010dila hromadn\u00fdm spurtem.<\/p>\n\n\n\n<p>\u201eProlog byl sp\u00ed\u0161 takov\u00e1 show pro lidi. V&nbsp;podstat\u011b \u0161lo o rozd\u011blen\u00ed dres\u016f a v\u00fdsledek se po\u010d\u00edtal jen do t\u00fdmov\u00e9 klasifikace, ne do jednotlivc\u016f. Kdyby m\u011bl n\u011bkdo defekt a n\u011bco ztratil, nic se ned\u011blo. Ale kluci k&nbsp;tomu p\u0159istoupili zodpov\u011bdn\u011b a b\u00fdt p\u00e1t\u00fd mezi sedmadvaceti t\u00fdmy, to v\u016fbec nen\u00ed \u0161patn\u00e9,\u201c \u0159ekl reprezenta\u010dn\u00ed tren\u00e9r Tom\u00e1\u0161 Kone\u010dn\u00fd. \u201eJeli jsme to na hran\u011b n\u011bjak\u00e9ho \u00fanosn\u00e9ho rizika, aby nedo\u0161lo ke zbyte\u010dn\u00e9mu karambolu. Tady se ten z\u00e1vod nedal vyhr\u00e1t, jen ztratit,\u201c dodal tren\u00e9r.<\/p>\n\n\n\n<p>\u010cesko startuje na Aveniru v&nbsp;sestav\u011b Mathias Vacek, Karel Vacek, Petr Kelemen, Jakub \u0164oupal\u00edk, Tom\u00e1\u0161 Kopeck\u00fd a Filip \u0158eha. V&nbsp;p\u00e1te\u010dn\u00ed \u00favodn\u00ed etap\u011b s&nbsp;rovinat\u00fdm profilem, kter\u00e1 m\u011b\u0159ila 121 km, p\u0159ijeli v\u0161ichni v&nbsp;hlavn\u00edm poli. V\u00edt\u011bzem se stal ve spurtu norsk\u00fd reprezentant S\u00f6ren Warenskjold, z&nbsp;\u010cech\u016f byl nejlep\u0161\u00ed 15. Kelemen.<\/p>\n\n\n\n<p>\u201eEtapa byla relativn\u011b poklidn\u00e1. Kr\u00e1tce po startu odjeli \u010dty\u0159i z\u00e1vodn\u00edci a peloton je dojel a\u017e kilometr p\u0159ed c\u00edlem. V&nbsp;z\u00e1v\u011bru muselo hlavn\u00ed pole hodn\u011b zrychlit, \u0159adu lid\u00ed to dost bolelo. V&nbsp;etap\u011b do\u0161lo k&nbsp;n\u011bkolika p\u00e1d\u016fm, ale n\u00e1m se na\u0161t\u011bst\u00ed vyhnuly. Kluci si na konci jeli svou lajnu, Filip \u0158eha vytvo\u0159il dobrou pozici pro l\u00eddry, ale do koncovky nem\u00e1me z\u00e1vodn\u00edka typu Bittnera, kter\u00fd by bojoval ve spurtech o nejvy\u0161\u0161\u00ed p\u0159\u00ed\u010dky. Letos m\u00e1me ambice hlavn\u011b v&nbsp;celkov\u00e9m po\u0159ad\u00ed a budeme to br\u00e1t den po dni,\u201c prohl\u00e1sil Tom\u00e1\u0161 Kone\u010dn\u00fd.<\/p>\n\n\n\n<figure class=\"wp-block-image size-large\"><img loading=\"lazy\" decoding=\"async\" width=\"1024\" height=\"768\" src=\"https:\/\/www.czechcyclingfederation.com\/wp-content\/uploads\/2022\/08\/avenir-2.jpg\" alt=\"\" class=\"wp-image-13236\" srcset=\"https:\/\/www.czechcyclingfederation.com\/wp-content\/uploads\/2022\/08\/avenir-2.jpg 1024w, https:\/\/www.czechcyclingfederation.com\/wp-content\/uploads\/2022\/08\/avenir-2-267x200.jpg 267w, https:\/\/www.czechcyclingfederation.com\/wp-content\/uploads\/2022\/08\/avenir-2-768x576.jpg 768w\" sizes=\"auto, (max-width: 1024px) 100vw, 1024px\" \/><\/figure>\n\n\n\n<p>FOTO: Tom\u00e1\u0161 Kone\u010dn\u00fd<\/p>\n","protected":false},"excerpt":{"rendered":"<p>\u010cesk\u00e1 reprezentace do 23 let se v&nbsp;\u00favodu z\u00e1vodu Tour de l\u00b4Avenir, jemu\u017e se p\u0159ezd\u00edv\u00e1 mal\u00e1 Tour de France, p\u0159edstavila ve velmi dobr\u00e9m sv\u011btle. V&nbsp;\u00favodn\u00edm prologu, kter\u00fd se jel jako kr\u00e1tk\u00e1 t\u00fdmov\u00e1 \u010dasovka na necel\u00e9 4 km, skon\u010dili \u010de\u0161t\u00ed cyklist\u00e9 p\u00e1t\u00ed a aktivn\u011b si po\u010d\u00ednali i v&nbsp;\u00favodn\u00ed p\u00e1te\u010dn\u00ed etap\u011b, kter\u00e1 skon\u010dila hromadn\u00fdm spurtem. \u201eProlog byl sp\u00ed\u0161 [&hellip;]<\/p>\n","protected":false},"author":15,"featured_media":13235,"comment_status":"closed","ping_status":"open","sticky":false,"template":"","format":"standard","meta":{"footnotes":""},"categories":[17,2,103,18],"tags":[11],"class_list":["post-13234","post","type-post","status-publish","format-standard","has-post-thumbnail","hentry","category-discipliny","category-novinky","category-reprezentace","category-silnice","tag-silnice"],"_links":{"self":[{"href":"https:\/\/www.czechcyclingfederation.com\/en\/wp-json\/wp\/v2\/posts\/13234","targetHints":{"allow":["GET"]}}],"collection":[{"href":"https:\/\/www.czechcyclingfederation.com\/en\/wp-json\/wp\/v2\/posts"}],"about":[{"href":"https:\/\/www.czechcyclingfederation.com\/en\/wp-json\/wp\/v2\/types\/post"}],"author":[{"embeddable":true,"href":"https:\/\/www.czechcyclingfederation.com\/en\/wp-json\/wp\/v2\/users\/15"}],"replies":[{"embeddable":true,"href":"https:\/\/www.czechcyclingfederation.com\/en\/wp-json\/wp\/v2\/comments?post=13234"}],"version-history":[{"count":2,"href":"https:\/\/www.czechcyclingfederation.com\/en\/wp-json\/wp\/v2\/posts\/13234\/revisions"}],"predecessor-version":[{"id":13469,"href":"https:\/\/www.czechcyclingfederation.com\/en\/wp-json\/wp\/v2\/posts\/13234\/revisions\/13469"}],"wp:featuredmedia":[{"embeddable":true,"href":"https:\/\/www.czechcyclingfederation.com\/en\/wp-json\/wp\/v2\/media\/13235"}],"wp:attachment":[{"href":"https:\/\/www.czechcyclingfederation.com\/en\/wp-json\/wp\/v2\/media?parent=13234"}],"wp:term":[{"taxonomy":"category","embeddable":true,"href":"https:\/\/www.czechcyclingfederation.com\/en\/wp-json\/wp\/v2\/categories?post=13234"},{"taxonomy":"post_tag","embeddable":true,"href":"https:\/\/www.czechcyclingfederation.com\/en\/wp-json\/wp\/v2\/tags?post=13234"}],"curies":[{"name":"wp","href":"https:\/\/api.w.org\/{rel}","templated":true}]}}