{"id":13224,"date":"2022-08-19T12:21:27","date_gmt":"2022-08-19T10:21:27","guid":{"rendered":"https:\/\/www.czechcyclingfederation.com\/?p=13224"},"modified":"2022-08-22T10:28:42","modified_gmt":"2022-08-22T08:28:42","slug":"skoda-cup-a-techniserv-cup-v-ostrave","status":"publish","type":"post","link":"https:\/\/www.czechcyclingfederation.com\/en\/skoda-cup-a-techniserv-cup-v-ostrave\/","title":{"rendered":"\u0160KODA Cup a Techniserv Cup v Ostrav\u011b ji\u017e za 14 dn\u00ed"},"content":{"rendered":"\n<p>Za 14 dn\u00ed bude \u010desk\u00fdm centrem silni\u010dn\u00ed cyklistiky obec Hrabyn\u011b u Ostravy. Sdru\u017een\u00ed sportovn\u00edch klub\u016f V\u00edtkovice z. S. a YOGI tam toti\u017e po\u0159\u00e1d\u00e1 6. ro\u010dnb\u00edk FARM tour. V ned\u011bli 4. z\u00e1\u0159\u00ed se nejprve pojede Techniserv Cup &#8211; \u010cesk\u00fd poh\u00e1r ml\u00e1de\u017ee a \u017een na silnici, pot\u00e9 je na programu \u010dtvrt\u00fd z\u00e1vod \u0160KODA Cup &#8211; \u010cesk\u00e9ho poh\u00e1ru Elite a U23. Bohu\u017eel z d\u016fvodu rekonstrukce hlavn\u00ed t\u0159\u00eddy v Ostrav\u011b Porub\u011b se letos neuskute\u010dn\u00ed sobotn\u00ed krit\u00e9rium.<\/p>\n\n\n\n<p>\u0160KODA Cup se pojede na okruhu dlouh\u00e9m 13,3 km po trase Hrabyn\u011b, H\u00e1j ve Slezku, Smolkov, Lhota, Mokr\u00e9 Lazce, Hrabyn\u011b. Z\u00e1vodn\u00edci jej absolvuj\u00ed dvan\u00e1ctkr\u00e1t, celekm je tedy \u010desk\u00fd 159,6 kilometr\u016f. V trikotu l\u00eddra seri\u00e1lu nastoup\u00ed Jan Ka\u0161par z celku ATT Investments&nbsp;&nbsp;&nbsp;<\/p>\n\n\n\n<p>Na stejn\u00e9m okruhu pojede i ml\u00e1de\u017e a \u017eeny. \u017d\u00e1kyn\u011b stra\u0161\u00ed a mlad\u0161\u00ed a mlad\u0161\u00ed \u017e\u00e1ci absolvuj\u00ed 26,6 km, star\u0161\u00ed \u017e\u00e1ci a kadetky 39,9 km, kadeti 53,2 km, junio\u0159i 79,8 km a \u017eeny s juniorkami 66,5 km.<\/p>\n\n\n\n<p>FOTO Jan Brychta<\/p>\n\n\n<div class=\"wp-block-file\">\r\n                <a target=\"_blank\" rel=\"noopener\" href=\"https:\/\/www.czechcyclingfederation.com\/wp-content\/uploads\/2022\/08\/Elite-1.pdf\" class=\"wp-block-file__button wp-element-button\">\r\n                    <span class=\"wp-block-file__icon\"><\/span>\r\n                    Elite-1\r\n                <\/a>\r\n            <\/div>\n\n\n<ul class=\"wp-block-list\"><li><\/li><\/ul>\n\n\n<div class=\"wp-block-file\">\r\n                <a target=\"_blank\" rel=\"noopener\" href=\"https:\/\/www.czechcyclingfederation.com\/wp-content\/uploads\/2022\/08\/Ml\u00e1de\u017e.pdf\" class=\"wp-block-file__button wp-element-button\">\r\n                    <span class=\"wp-block-file__icon\"><\/span>\r\n                    Ml\u00e1de\u017e\r\n                <\/a>\r\n            <\/div>","protected":false},"excerpt":{"rendered":"<p>Za 14 dn\u00ed bude \u010desk\u00fdm centrem silni\u010dn\u00ed cyklistiky obec Hrabyn\u011b u Ostravy. Sdru\u017een\u00ed sportovn\u00edch klub\u016f V\u00edtkovice z. S. a YOGI tam toti\u017e po\u0159\u00e1d\u00e1 6. ro\u010dnb\u00edk FARM tour. V ned\u011bli 4. z\u00e1\u0159\u00ed se nejprve pojede Techniserv Cup &#8211; \u010cesk\u00fd poh\u00e1r ml\u00e1de\u017ee a \u017een na silnici, pot\u00e9 je na programu \u010dtvrt\u00fd z\u00e1vod \u0160KODA Cup &#8211; \u010cesk\u00e9ho poh\u00e1ru [&hellip;]<\/p>\n","protected":false},"author":8,"featured_media":13225,"comment_status":"closed","ping_status":"open","sticky":false,"template":"","format":"standard","meta":{"footnotes":""},"categories":[2,18],"tags":[11],"class_list":["post-13224","post","type-post","status-publish","format-standard","has-post-thumbnail","hentry","category-novinky","category-silnice","tag-silnice"],"_links":{"self":[{"href":"https:\/\/www.czechcyclingfederation.com\/en\/wp-json\/wp\/v2\/posts\/13224","targetHints":{"allow":["GET"]}}],"collection":[{"href":"https:\/\/www.czechcyclingfederation.com\/en\/wp-json\/wp\/v2\/posts"}],"about":[{"href":"https:\/\/www.czechcyclingfederation.com\/en\/wp-json\/wp\/v2\/types\/post"}],"author":[{"embeddable":true,"href":"https:\/\/www.czechcyclingfederation.com\/en\/wp-json\/wp\/v2\/users\/8"}],"replies":[{"embeddable":true,"href":"https:\/\/www.czechcyclingfederation.com\/en\/wp-json\/wp\/v2\/comments?post=13224"}],"version-history":[{"count":4,"href":"https:\/\/www.czechcyclingfederation.com\/en\/wp-json\/wp\/v2\/posts\/13224\/revisions"}],"predecessor-version":[{"id":13272,"href":"https:\/\/www.czechcyclingfederation.com\/en\/wp-json\/wp\/v2\/posts\/13224\/revisions\/13272"}],"wp:featuredmedia":[{"embeddable":true,"href":"https:\/\/www.czechcyclingfederation.com\/en\/wp-json\/wp\/v2\/media\/13225"}],"wp:attachment":[{"href":"https:\/\/www.czechcyclingfederation.com\/en\/wp-json\/wp\/v2\/media?parent=13224"}],"wp:term":[{"taxonomy":"category","embeddable":true,"href":"https:\/\/www.czechcyclingfederation.com\/en\/wp-json\/wp\/v2\/categories?post=13224"},{"taxonomy":"post_tag","embeddable":true,"href":"https:\/\/www.czechcyclingfederation.com\/en\/wp-json\/wp\/v2\/tags?post=13224"}],"curies":[{"name":"wp","href":"https:\/\/api.w.org\/{rel}","templated":true}]}}