{"id":13215,"date":"2022-08-18T19:57:04","date_gmt":"2022-08-18T17:57:04","guid":{"rendered":"https:\/\/www.czechcyclingfederation.com\/?p=13215"},"modified":"2022-08-18T20:02:11","modified_gmt":"2022-08-18T18:02:11","slug":"turne-ctyr-drah-v-brne","status":"publish","type":"post","link":"https:\/\/www.czechcyclingfederation.com\/en\/turne-ctyr-drah-v-brne\/","title":{"rendered":"Turn\u00e9 \u010dty\u0159 drah v Brn\u011b"},"content":{"rendered":"\n<p>\u010cesk\u00fd poh\u00e1r ml\u00e1de\u017ee v dr\u00e1hov\u00e9 cyklistice pokra\u010doval dal\u0161\u00edm z\u00e1vodem seri\u00e1lu Turn\u00e9 4 drah v&nbsp;Brn\u011b. Na programu byly z\u00e1vody z&nbsp;omniu a madisonu. V&nbsp;omniu junior\u016f a mu\u017e\u016f kralovali jezdci TJ Favorit Brno, kdy\u017e se 78 body vyhr\u00e1l Adam K\u0159enek p\u0159ed \u0160t\u011bp\u00e1nem \u0160irok\u00fdm (74), t\u0159et\u00ed byl Denis Rugovac z&nbsp;Dukly Praha (66).<\/p>\n\n\n\n<p>I v&nbsp;madisonu byli nejlep\u0161\u00ed dom\u00e1c\u00ed K\u0159enek se \u0160irok\u00fdm (39), p\u0159ed dvojic\u00ed Dukly Praha Rugovac, Petr V\u00e1vra (31) a t\u0159et\u00ed skon\u010dili \u0160imon Van\u00ed\u010dek a Jan Poda\u0159il (Sportcomplex B\u0159elav\/Dukla Praha) s&nbsp;19 body.<\/p>\n\n\n\n<p>V\u00fdsledky:<\/p>\n\n\n\n<p>Omnium:<\/p>\n\n\n\n<p>\u017d\u00e1kyn\u011b a kadetky:<\/p>\n\n\n\n<p>1. V. Jadrn\u00e1 (Sportcomplex B\u0159elav) 80, 2. Pittnerov\u00e1 (Mapei Merida Ka\u0148kovsk\u00fd) 74, 3. Strakat\u00e1 (Dukla Praha) 72.<\/p>\n\n\n\n<p>\u017d\u00e1ci:<\/p>\n\n\n\n<p>1. Hub\u00e1\u010dek 78, 2. la Carbonara (oba TJ Favorit Brno) 72, 3. Kalauz (TJ Stadion Louny) 70.<\/p>\n\n\n\n<p>Kadeti, juniorky, \u017eeny:<\/p>\n\n\n\n<p>1. Pit\u00e1k (Mapei Merida Ka\u0148kovsk\u00fd) 78, 2. Nov\u00e1k (TUFO Pardus Prost\u011bjov) 66, 3. Michalovi\u010d (Sportcomplex B\u0159elav) 64, &#8230;11. V. Barton\u00edkov\u00e1 (Dukla Brno) 38, 19. M\u00fcllerov\u00e1 (TUFO Pardus Prost\u011bjov) 13.<\/p>\n\n\n\n<p>Junio\u0159i a mu\u017ei:<\/p>\n\n\n\n<p>1. K\u0159enek 78, 2. \u0160irok\u00fd (oba TJ Favorit Brno) 74, 3. Rugovac (Dukla Praha) 66, 4. Teleck\u00fd (TJ Favorit Brno) 62, 5. Van\u00ed\u010dek (Sportcomplex B\u0159elav) 62, 6. V\u00e1vra (Dukla Praha) 62.<\/p>\n\n\n\n<p>Madison:<\/p>\n\n\n\n<p>\u017d\u00e1ci:<\/p>\n\n\n\n<p>1. Va\u0161ina, Hub\u00e1\u010dek (TJ Favorit Brno) 22, 2. la Carnonara, Bran\u010d (TJ Favorit Brno) 17, 3. Kani\u0161\u010dev, Hasal (TUFO Pardus Prost\u011bjov\/Dukla \/Praha) -10.<\/p>\n\n\n\n<p>Kadeti, juniorky, \u017eeny:<\/p>\n\n\n\n<p>1. Mat\u011bjek, Richter (TJ Favorit Brno) 27, 2. Jaro\u0161, Kotschy (TUFO Pardus Prost\u011bjov\/Roman Kreuziger Cycling Academy) 19, 3. Pit\u00e1k, Frajbi\u0161 (Mapei Merida Ka\u0148kovsk\u00fd\/Dukla Praha) 16.<\/p>\n\n\n\n<p>\u017d\u00e1kyn\u011b a kadetky:<\/p>\n\n\n\n<p>1. V. Jadrn\u00e1, Hermanov\u00e1 (Sportcomplex B\u0159elav) 23, 2. E. Lazarov\u00e1, B. Lazarov\u00e1 (TJ Favorit Brno) 15, 3. Richterov\u00e1, Mikul\u00e1\u0161kov\u00e1 (TUFO Pardus Prost\u011bjov) 11.<\/p>\n\n\n\n<p>Junio\u0159i a mu\u017ei:<\/p>\n\n\n\n<p>1. K\u0159enek, \u0160irok\u00fd 39, 2. Rugovac, V\u00e1vra 31, 3. Van\u00ed\u010dek, Poda\u0159il (Sportcomplex B\u0159elav\/Dukla Praha) 19, 4. Teleck\u00fd, Vyso\u010dan (TJ Favorit Brno) 5, 5. Soukup, Kar\u00e1sek (TUFO Pardus Prost\u011bjov) 5, 6. Hlad\u00edk, \u0158eho\u0159 (Roman Kreuziger Cycling Academy\/SK Pet\u0159\u00edn Plze\u0148) 0.<\/p>\n\n\n\n<p>FOTO Martin Cetkovsk\u00fd<\/p>\n\n\n\n<figure class=\"wp-block-image size-large\"><img loading=\"lazy\" decoding=\"async\" width=\"1024\" height=\"766\" src=\"http:\/\/www.czechcyclingfederation.com\/wp-content\/uploads\/2022\/08\/4a7faf05-0c02-4408-b383-2935d48db05f-1024x766.jpg\" alt=\"\" class=\"wp-image-13216\" srcset=\"https:\/\/www.czechcyclingfederation.com\/wp-content\/uploads\/2022\/08\/4a7faf05-0c02-4408-b383-2935d48db05f-1024x766.jpg 1024w, https:\/\/www.czechcyclingfederation.com\/wp-content\/uploads\/2022\/08\/4a7faf05-0c02-4408-b383-2935d48db05f-267x200.jpg 267w, https:\/\/www.czechcyclingfederation.com\/wp-content\/uploads\/2022\/08\/4a7faf05-0c02-4408-b383-2935d48db05f-768x575.jpg 768w, https:\/\/www.czechcyclingfederation.com\/wp-content\/uploads\/2022\/08\/4a7faf05-0c02-4408-b383-2935d48db05f-1536x1149.jpg 1536w, https:\/\/www.czechcyclingfederation.com\/wp-content\/uploads\/2022\/08\/4a7faf05-0c02-4408-b383-2935d48db05f-1320x987.jpg 1320w, https:\/\/www.czechcyclingfederation.com\/wp-content\/uploads\/2022\/08\/4a7faf05-0c02-4408-b383-2935d48db05f.jpg 2048w\" sizes=\"auto, (max-width: 1024px) 100vw, 1024px\" \/><\/figure>\n\n\n\n<figure class=\"wp-block-image size-large\"><img loading=\"lazy\" decoding=\"async\" width=\"766\" height=\"1024\" src=\"http:\/\/www.czechcyclingfederation.com\/wp-content\/uploads\/2022\/08\/555703aa-2e54-4fcf-8178-a88d315a97d8-766x1024.jpg\" alt=\"\" class=\"wp-image-13218\" srcset=\"https:\/\/www.czechcyclingfederation.com\/wp-content\/uploads\/2022\/08\/555703aa-2e54-4fcf-8178-a88d315a97d8-766x1024.jpg 766w, https:\/\/www.czechcyclingfederation.com\/wp-content\/uploads\/2022\/08\/555703aa-2e54-4fcf-8178-a88d315a97d8-150x200.jpg 150w, https:\/\/www.czechcyclingfederation.com\/wp-content\/uploads\/2022\/08\/555703aa-2e54-4fcf-8178-a88d315a97d8-768x1027.jpg 768w, https:\/\/www.czechcyclingfederation.com\/wp-content\/uploads\/2022\/08\/555703aa-2e54-4fcf-8178-a88d315a97d8-1149x1536.jpg 1149w, https:\/\/www.czechcyclingfederation.com\/wp-content\/uploads\/2022\/08\/555703aa-2e54-4fcf-8178-a88d315a97d8-1320x1765.jpg 1320w, https:\/\/www.czechcyclingfederation.com\/wp-content\/uploads\/2022\/08\/555703aa-2e54-4fcf-8178-a88d315a97d8.jpg 1532w\" sizes=\"auto, (max-width: 766px) 100vw, 766px\" \/><\/figure>\n\n\n\n<figure class=\"wp-block-image size-large\"><img loading=\"lazy\" decoding=\"async\" width=\"766\" height=\"1024\" src=\"http:\/\/www.czechcyclingfederation.com\/wp-content\/uploads\/2022\/08\/481d4599-913b-4683-950c-a13ebc2a8979-766x1024.jpg\" alt=\"\" class=\"wp-image-13217\" srcset=\"https:\/\/www.czechcyclingfederation.com\/wp-content\/uploads\/2022\/08\/481d4599-913b-4683-950c-a13ebc2a8979-766x1024.jpg 766w, https:\/\/www.czechcyclingfederation.com\/wp-content\/uploads\/2022\/08\/481d4599-913b-4683-950c-a13ebc2a8979-150x200.jpg 150w, https:\/\/www.czechcyclingfederation.com\/wp-content\/uploads\/2022\/08\/481d4599-913b-4683-950c-a13ebc2a8979-768x1027.jpg 768w, https:\/\/www.czechcyclingfederation.com\/wp-content\/uploads\/2022\/08\/481d4599-913b-4683-950c-a13ebc2a8979-1149x1536.jpg 1149w, https:\/\/www.czechcyclingfederation.com\/wp-content\/uploads\/2022\/08\/481d4599-913b-4683-950c-a13ebc2a8979-1320x1765.jpg 1320w, https:\/\/www.czechcyclingfederation.com\/wp-content\/uploads\/2022\/08\/481d4599-913b-4683-950c-a13ebc2a8979.jpg 1532w\" sizes=\"auto, (max-width: 766px) 100vw, 766px\" \/><\/figure>\n","protected":false},"excerpt":{"rendered":"<p>\u010cesk\u00fd poh\u00e1r ml\u00e1de\u017ee v dr\u00e1hov\u00e9 cyklistice pokra\u010doval dal\u0161\u00edm z\u00e1vodem seri\u00e1lu Turn\u00e9 4 drah v&nbsp;Brn\u011b. Na programu byly z\u00e1vody z&nbsp;omniu a madisonu. V&nbsp;omniu junior\u016f a mu\u017e\u016f kralovali jezdci TJ Favorit Brno, kdy\u017e se 78 body vyhr\u00e1l Adam K\u0159enek p\u0159ed \u0160t\u011bp\u00e1nem \u0160irok\u00fdm (74), t\u0159et\u00ed byl Denis Rugovac z&nbsp;Dukly Praha (66). I v&nbsp;madisonu byli nejlep\u0161\u00ed dom\u00e1c\u00ed K\u0159enek se [&hellip;]<\/p>\n","protected":false},"author":8,"featured_media":13222,"comment_status":"closed","ping_status":"open","sticky":false,"template":"","format":"standard","meta":{"footnotes":""},"categories":[54,2],"tags":[9],"class_list":["post-13215","post","type-post","status-publish","format-standard","has-post-thumbnail","hentry","category-draha","category-novinky","tag-draha"],"_links":{"self":[{"href":"https:\/\/www.czechcyclingfederation.com\/en\/wp-json\/wp\/v2\/posts\/13215","targetHints":{"allow":["GET"]}}],"collection":[{"href":"https:\/\/www.czechcyclingfederation.com\/en\/wp-json\/wp\/v2\/posts"}],"about":[{"href":"https:\/\/www.czechcyclingfederation.com\/en\/wp-json\/wp\/v2\/types\/post"}],"author":[{"embeddable":true,"href":"https:\/\/www.czechcyclingfederation.com\/en\/wp-json\/wp\/v2\/users\/8"}],"replies":[{"embeddable":true,"href":"https:\/\/www.czechcyclingfederation.com\/en\/wp-json\/wp\/v2\/comments?post=13215"}],"version-history":[{"count":2,"href":"https:\/\/www.czechcyclingfederation.com\/en\/wp-json\/wp\/v2\/posts\/13215\/revisions"}],"predecessor-version":[{"id":13221,"href":"https:\/\/www.czechcyclingfederation.com\/en\/wp-json\/wp\/v2\/posts\/13215\/revisions\/13221"}],"wp:featuredmedia":[{"embeddable":true,"href":"https:\/\/www.czechcyclingfederation.com\/en\/wp-json\/wp\/v2\/media\/13222"}],"wp:attachment":[{"href":"https:\/\/www.czechcyclingfederation.com\/en\/wp-json\/wp\/v2\/media?parent=13215"}],"wp:term":[{"taxonomy":"category","embeddable":true,"href":"https:\/\/www.czechcyclingfederation.com\/en\/wp-json\/wp\/v2\/categories?post=13215"},{"taxonomy":"post_tag","embeddable":true,"href":"https:\/\/www.czechcyclingfederation.com\/en\/wp-json\/wp\/v2\/tags?post=13215"}],"curies":[{"name":"wp","href":"https:\/\/api.w.org\/{rel}","templated":true}]}}