{"id":13198,"date":"2022-08-17T20:29:12","date_gmt":"2022-08-17T18:29:12","guid":{"rendered":"https:\/\/www.czechcyclingfederation.com\/?p=13198"},"modified":"2022-08-26T15:09:32","modified_gmt":"2022-08-26T13:09:32","slug":"barta-v-casovce-osmnacty-mistrem-evropy-svycar-bissegger","status":"publish","type":"post","link":"https:\/\/www.czechcyclingfederation.com\/en\/barta-v-casovce-osmnacty-mistrem-evropy-svycar-bissegger\/","title":{"rendered":"B\u00e1rta v \u010dasovce osmn\u00e1ct\u00fd, mistrem Evropy \u0160v\u00fdcar Bissegger"},"content":{"rendered":"\n<p>Titul mistra Evropy v&nbsp;\u010dasovce jednotlivc\u016f mu\u017esk\u00e9 elitn\u00ed kategorie vybojoval na trati dlouh\u00e9 24 km se startem i c\u00edlem v&nbsp;F\u00fcrstenfeldbrucku \u0161v\u00fdcarsk\u00fd cyklista Stefan Bissegger. Z&nbsp;dvojice \u010desk\u00fdch z\u00e1vodn\u00edk\u016f, kte\u0159\u00ed oba jezd\u00ed za t\u00fdm Elkov Kasper, byl lep\u0161\u00ed Jan B\u00e1rta na osmn\u00e1ct\u00e9m m\u00edst\u011b, Jakub Otruba skon\u010dil 22.<\/p>\n\n\n\n<p>Bissegger porazil o pouhou vte\u0159inu krajana Stefana K\u00fcnga, kter\u00fd obhajoval titul, t\u0159et\u00ed skon\u010dil Ital Filippo Ganna, dvojn\u00e1sobn\u00fd mistr sv\u011bta z&nbsp;posledn\u00edch dvou let.<\/p>\n\n\n\n<p>\u201eTi t\u0159i byli odsko\u010deni, jsou to \u010dasovk\u00e1\u0159i absolutn\u00ed sv\u011btov\u00e9 \u0161pi\u010dky. Ale kdy\u017e jsem p\u0159ed z\u00e1vodem koukal na startovn\u00ed listinu, \u0159\u00edkal jsem si, \u017ee by na\u0161i kluci mohli p\u0159i ide\u00e1ln\u00edm v\u00fdkonu atakovat prvn\u00ed des\u00edtku. To se bohu\u017eel nepoda\u0159ilo,\u201c uvedl tren\u00e9r Franti\u0161ek Trkal.<\/p>\n\n\n\n<div class=\"wp-block-image\"><figure class=\"aligncenter size-large is-resized\"><img loading=\"lazy\" decoding=\"async\" src=\"https:\/\/www.czechcyclingfederation.com\/wp-content\/uploads\/2022\/08\/2dff3f75-37b6-4dd6-94ba-7c59caf67275-1024x768.jpg\" alt=\"\" class=\"wp-image-13200\" width=\"768\" height=\"576\" srcset=\"https:\/\/www.czechcyclingfederation.com\/wp-content\/uploads\/2022\/08\/2dff3f75-37b6-4dd6-94ba-7c59caf67275-1024x768.jpg 1024w, https:\/\/www.czechcyclingfederation.com\/wp-content\/uploads\/2022\/08\/2dff3f75-37b6-4dd6-94ba-7c59caf67275-267x200.jpg 267w, https:\/\/www.czechcyclingfederation.com\/wp-content\/uploads\/2022\/08\/2dff3f75-37b6-4dd6-94ba-7c59caf67275-768x576.jpg 768w, https:\/\/www.czechcyclingfederation.com\/wp-content\/uploads\/2022\/08\/2dff3f75-37b6-4dd6-94ba-7c59caf67275-1536x1152.jpg 1536w, https:\/\/www.czechcyclingfederation.com\/wp-content\/uploads\/2022\/08\/2dff3f75-37b6-4dd6-94ba-7c59caf67275-1320x990.jpg 1320w, https:\/\/www.czechcyclingfederation.com\/wp-content\/uploads\/2022\/08\/2dff3f75-37b6-4dd6-94ba-7c59caf67275.jpg 2048w\" sizes=\"auto, (max-width: 768px) 100vw, 768px\" \/><\/figure><\/div>\n\n\n\n<p>\u010casovku absolvoval v&nbsp;doprovodn\u00e9m voze za \u00fa\u0159aduj\u00edc\u00edm \u010desk\u00fdm mistrem B\u00e1rtou. \u201eV rovinat\u00fdch pas\u00e1\u017e\u00edch jel velmi slu\u0161n\u011b, ve stoup\u00e1n\u00edch m\u011bl ur\u010dit\u011b rezervu. Ti nejlep\u0161\u00ed tam doslova let\u011bli a Honza naopak ztr\u00e1cel,\u201c p\u0159ibl\u00ed\u017eil tren\u00e9r. \u201eZ celkov\u00e9ho pohledu je to od obou na\u0161ich kluk\u016f sp\u00ed\u0161 takov\u00fd pr\u016fm\u011br,\u201c hodnotil Trkal.<\/p>\n\n\n\n<p>\u201eJedno stoup\u00e1n\u00ed bylo kr\u00e1tce po startu a \u010dlov\u011bk musel d\u00e1vat pozor, aby to nep\u0159ep\u00e1lil a zase nejel \u00fapln\u011b pomalu. Vylo\u017eenou krizi jsem nikde nem\u011bl, ale nohy n\u011bkde net\u00e1hly tak dob\u0159e, jako t\u0159eba na mistr\u00e1ku republiky, na kter\u00fd jsem m\u011bl vylad\u011bnou formu. Od t\u00e9 doby uplynuly skoro dva m\u011bs\u00edce a nen\u00ed mo\u017en\u00e9 to udr\u017eet,\u201c p\u0159iznal B\u00e1rta, kter\u00fd byl s&nbsp;aktu\u00e1ln\u00edm v\u011bkem 37 let a 253 dn\u00ed nejstar\u0161\u00edm mezi 35 startuj\u00edc\u00edmi. \u201eCht\u011bl bych je\u0161t\u011b pochv\u00e1lit Feryho Trkala, kter\u00fd jel za mnou v&nbsp;aut\u011b. Odvedl skv\u011blou pr\u00e1ci,\u201c dodal.<\/p>\n\n\n\n<p><strong>V\u00fdsledky \u2013 mu\u017ei&nbsp;<\/strong>(24 km):<strong>&nbsp;<\/strong>1. Bissegger 27:06, 2. K\u00fcng -1 s, 3. Ganna (It.) -9, 4. Bjerg (D\u00e1n.) -27, 5. Bodnar (Pol.) -37, \u2026&nbsp;<strong>18. B\u00e1rta&nbsp;<\/strong>-1:52,&nbsp;<strong>22. Otruba&nbsp;<\/strong>(oba \u010cR) -2:07.<\/p>\n\n\n\n<p><strong>\u017deny&nbsp;<\/strong>(24 km): 1. Reusserov\u00e1 \u0160v\u00fdc.) 31:00, 2. van Dijkov\u00e1 -6, 3. Markusov\u00e1 (ob\u011b Niz.) -28.<\/p>\n","protected":false},"excerpt":{"rendered":"<p>Titul mistra Evropy v&nbsp;\u010dasovce jednotlivc\u016f mu\u017esk\u00e9 elitn\u00ed kategorie vybojoval na trati dlouh\u00e9 24 km se startem i c\u00edlem v&nbsp;F\u00fcrstenfeldbrucku \u0161v\u00fdcarsk\u00fd cyklista Stefan Bissegger. Z&nbsp;dvojice \u010desk\u00fdch z\u00e1vodn\u00edk\u016f, kte\u0159\u00ed oba jezd\u00ed za t\u00fdm Elkov Kasper, byl lep\u0161\u00ed Jan B\u00e1rta na osmn\u00e1ct\u00e9m m\u00edst\u011b, Jakub Otruba skon\u010dil 22. Bissegger porazil o pouhou vte\u0159inu krajana Stefana K\u00fcnga, kter\u00fd obhajoval titul, [&hellip;]<\/p>\n","protected":false},"author":15,"featured_media":13199,"comment_status":"closed","ping_status":"open","sticky":false,"template":"","format":"standard","meta":{"footnotes":""},"categories":[17,2,103,18],"tags":[11],"class_list":["post-13198","post","type-post","status-publish","format-standard","has-post-thumbnail","hentry","category-discipliny","category-novinky","category-reprezentace","category-silnice","tag-silnice"],"_links":{"self":[{"href":"https:\/\/www.czechcyclingfederation.com\/en\/wp-json\/wp\/v2\/posts\/13198","targetHints":{"allow":["GET"]}}],"collection":[{"href":"https:\/\/www.czechcyclingfederation.com\/en\/wp-json\/wp\/v2\/posts"}],"about":[{"href":"https:\/\/www.czechcyclingfederation.com\/en\/wp-json\/wp\/v2\/types\/post"}],"author":[{"embeddable":true,"href":"https:\/\/www.czechcyclingfederation.com\/en\/wp-json\/wp\/v2\/users\/15"}],"replies":[{"embeddable":true,"href":"https:\/\/www.czechcyclingfederation.com\/en\/wp-json\/wp\/v2\/comments?post=13198"}],"version-history":[{"count":2,"href":"https:\/\/www.czechcyclingfederation.com\/en\/wp-json\/wp\/v2\/posts\/13198\/revisions"}],"predecessor-version":[{"id":13203,"href":"https:\/\/www.czechcyclingfederation.com\/en\/wp-json\/wp\/v2\/posts\/13198\/revisions\/13203"}],"wp:featuredmedia":[{"embeddable":true,"href":"https:\/\/www.czechcyclingfederation.com\/en\/wp-json\/wp\/v2\/media\/13199"}],"wp:attachment":[{"href":"https:\/\/www.czechcyclingfederation.com\/en\/wp-json\/wp\/v2\/media?parent=13198"}],"wp:term":[{"taxonomy":"category","embeddable":true,"href":"https:\/\/www.czechcyclingfederation.com\/en\/wp-json\/wp\/v2\/categories?post=13198"},{"taxonomy":"post_tag","embeddable":true,"href":"https:\/\/www.czechcyclingfederation.com\/en\/wp-json\/wp\/v2\/tags?post=13198"}],"curies":[{"name":"wp","href":"https:\/\/api.w.org\/{rel}","templated":true}]}}