{"id":13192,"date":"2022-08-17T08:05:39","date_gmt":"2022-08-17T06:05:39","guid":{"rendered":"https:\/\/www.czechcyclingfederation.com\/?p=13192"},"modified":"2022-08-17T08:05:42","modified_gmt":"2022-08-17T06:05:42","slug":"cesi-maji-na-aveniru-ty-nejvyssi-ambice-lidrem-je-m-vacek","status":"publish","type":"post","link":"https:\/\/www.czechcyclingfederation.com\/en\/cesi-maji-na-aveniru-ty-nejvyssi-ambice-lidrem-je-m-vacek\/","title":{"rendered":"\u010ce\u0161i maj\u00ed na Aveniru ty nejvy\u0161\u0161\u00ed ambice, l\u00eddrem je M. Vacek"},"content":{"rendered":"\n<p>Na startu 58. ro\u010dn\u00edku etapov\u00e9ho z\u00e1vodu Tour de l&#8217;Avenir, co\u017e je v&nbsp;podstat\u011b Tour de France pro kategorii U23, bude ve \u010dtvrtek i \u0161esti\u010dlenn\u00e1 \u010desk\u00e1 reprezentace. S&nbsp;l\u00eddrem Mathiasem Vackem, kter\u00fd m\u00e1 ty nejvy\u0161\u0161\u00ed ambice.<\/p>\n\n\n\n<p>\u201ePro Mathiase je to velk\u00fd vrchol sezony, m\u00e1 obrovskou motivaci usp\u011bt a pokud mo\u017eno vyhr\u00e1t. Nejvy\u0161\u0161\u00ed ambice m\u00e1 v\u017edycky, co\u017e je spr\u00e1vn\u00e9. Moc z\u00e1vod\u016f sice letos nejel, jeho sezona st\u00e1la v&nbsp;podstat\u011b na reprezentaci, ale p\u0159ipraven je velmi dob\u0159e,\u201c \u0159ekl reprezenta\u010dn\u00ed tren\u00e9r Tom\u00e1\u0161 Kone\u010dn\u00fd.<\/p>\n\n\n\n<p>Spolu s&nbsp;Mathiasem Vackem jsou v&nbsp;nominaci jeho bratr Karel, d\u00e1le Petr Kelemen, Jakub \u0164oupal\u00edk, Tom\u00e1\u0161 Kopeck\u00fd a Filip \u0158eha. \u201eJe to moment\u00e1ln\u011b to nejlep\u0161\u00ed, co v&nbsp;danou chv\u00edli m\u016f\u017eeme postavit. V&nbsp;\u00favahu by p\u0159ich\u00e1zeli je\u0161t\u011b Vojta \u0158epa nebo Pavel Bittner. Jen\u017ee \u0158epa jede na Vueltu a Bittner m\u00e1 program postaven\u00fd k&nbsp;p\u0159\u00edprav\u011b na mistrovstv\u00ed sv\u011bta a Avenir mu do toho moc nezapad\u00e1,\u201c prozradil tren\u00e9r.<\/p>\n\n\n\n<figure class=\"wp-block-image size-large\"><img loading=\"lazy\" decoding=\"async\" width=\"1024\" height=\"768\" src=\"http:\/\/www.czechcyclingfederation.com\/wp-content\/uploads\/2022\/07\/Bittner-J.-Toupalik-Mat.-Vacek-Kelemen-2e96e967-ffce-4324-b41d-3a3a6e4b49e6-1024x768.jpg\" alt=\"\" class=\"wp-image-12790\" srcset=\"https:\/\/www.czechcyclingfederation.com\/wp-content\/uploads\/2022\/07\/Bittner-J.-Toupalik-Mat.-Vacek-Kelemen-2e96e967-ffce-4324-b41d-3a3a6e4b49e6-1024x768.jpg 1024w, https:\/\/www.czechcyclingfederation.com\/wp-content\/uploads\/2022\/07\/Bittner-J.-Toupalik-Mat.-Vacek-Kelemen-2e96e967-ffce-4324-b41d-3a3a6e4b49e6-267x200.jpg 267w, https:\/\/www.czechcyclingfederation.com\/wp-content\/uploads\/2022\/07\/Bittner-J.-Toupalik-Mat.-Vacek-Kelemen-2e96e967-ffce-4324-b41d-3a3a6e4b49e6-768x576.jpg 768w, https:\/\/www.czechcyclingfederation.com\/wp-content\/uploads\/2022\/07\/Bittner-J.-Toupalik-Mat.-Vacek-Kelemen-2e96e967-ffce-4324-b41d-3a3a6e4b49e6-1536x1152.jpg 1536w, https:\/\/www.czechcyclingfederation.com\/wp-content\/uploads\/2022\/07\/Bittner-J.-Toupalik-Mat.-Vacek-Kelemen-2e96e967-ffce-4324-b41d-3a3a6e4b49e6-1320x990.jpg 1320w, https:\/\/www.czechcyclingfederation.com\/wp-content\/uploads\/2022\/07\/Bittner-J.-Toupalik-Mat.-Vacek-Kelemen-2e96e967-ffce-4324-b41d-3a3a6e4b49e6.jpg 2048w\" sizes=\"auto, (max-width: 1024px) 100vw, 1024px\" \/><\/figure>\n\n\n\n<p>\u201eM\u00e1me dob\u0159e vyv\u00e1\u017een\u00fd t\u00fdm. Jsou tam lidi do kopc\u016f, klasik\u00e1\u0159i i \u010dasovk\u00e1\u0159i. V&nbsp;hor\u00e1ch by m\u011bli \u00fa\u0159adovat hlavn\u011b Vackov\u00e9, Kopeck\u00fd je klasik\u00e1\u0159, kter\u00fd se um\u00ed v\u00fdborn\u011b pohybovat na v\u011btru, podobn\u00fdmi typy jsou i \u0164oupal\u00edk a Kelemen. No a pro Filipa \u0158ehu, kter\u00fd jede Avenir poprv\u00e9, to bude obrovsk\u00e1 zku\u0161enost,\u201c \u0159ekl Kone\u010dn\u00fd.<\/p>\n\n\n\n<p>V&nbsp;z\u00e1vod\u011b je na programu i t\u00fdmov\u00e1 \u010dasovka na 28 km. \u201eUr\u010dit\u011b by bylo dobr\u00e9 neztratit moc. Tahouny pro \u010dasovku budou hlavn\u011b Kopeck\u00fd a Mathias Vacek. Ale z\u00e1vod by se m\u011bl rozhodovat a\u017e v&nbsp;z\u00e1v\u011bru v&nbsp;t\u011b\u017ek\u00fdch horsk\u00fdch etap\u00e1ch,\u201c prohl\u00e1sil tren\u00e9r reprezentace.<\/p>\n\n\n\n<p>Avenir startuje ve \u010dtvrtek prologem a kon\u010d\u00ed v&nbsp;ned\u011bli 28. srpna. Nejt\u011b\u017e\u0161\u00ed etapy jsou na programu v&nbsp;posledn\u00edch t\u0159ech dnech. \u201eL\u00eddr je jasn\u00fd, br\u00e1cha Karel by mu m\u011bl sekundovat. Konkurence tu je obrovsk\u00e1 a \u0159\u00edk\u00e1m, \u017ee um\u00edst\u011bn\u00ed v&nbsp;des\u00edtce na takov\u00e9m z\u00e1vod\u011b je skv\u011bl\u00fd v\u00fdsledek. Ale my chceme je\u0161t\u011b n\u011bco v\u00edc, minim\u00e1ln\u011b zabojovat o p\u00f3dium. V\u011b\u0159\u00edm, \u017ee se n\u00e1m vyhne sm\u016fla v&nbsp;podob\u011b p\u00e1d\u016f a n\u011bco uk\u00e1\u017eeme,\u201c dodal Tom\u00e1\u0161 Kone\u010dn\u00fd.<\/p>\n","protected":false},"excerpt":{"rendered":"<p>Na startu 58. ro\u010dn\u00edku etapov\u00e9ho z\u00e1vodu Tour de l&#8217;Avenir, co\u017e je v&nbsp;podstat\u011b Tour de France pro kategorii U23, bude ve \u010dtvrtek i \u0161esti\u010dlenn\u00e1 \u010desk\u00e1 reprezentace. S&nbsp;l\u00eddrem Mathiasem Vackem, kter\u00fd m\u00e1 ty nejvy\u0161\u0161\u00ed ambice. \u201ePro Mathiase je to velk\u00fd vrchol sezony, m\u00e1 obrovskou motivaci usp\u011bt a pokud mo\u017eno vyhr\u00e1t. Nejvy\u0161\u0161\u00ed ambice m\u00e1 v\u017edycky, co\u017e je spr\u00e1vn\u00e9. [&hellip;]<\/p>\n","protected":false},"author":15,"featured_media":12308,"comment_status":"closed","ping_status":"open","sticky":false,"template":"","format":"standard","meta":{"footnotes":""},"categories":[17,2,18],"tags":[11],"class_list":["post-13192","post","type-post","status-publish","format-standard","has-post-thumbnail","hentry","category-discipliny","category-novinky","category-silnice","tag-silnice"],"_links":{"self":[{"href":"https:\/\/www.czechcyclingfederation.com\/en\/wp-json\/wp\/v2\/posts\/13192","targetHints":{"allow":["GET"]}}],"collection":[{"href":"https:\/\/www.czechcyclingfederation.com\/en\/wp-json\/wp\/v2\/posts"}],"about":[{"href":"https:\/\/www.czechcyclingfederation.com\/en\/wp-json\/wp\/v2\/types\/post"}],"author":[{"embeddable":true,"href":"https:\/\/www.czechcyclingfederation.com\/en\/wp-json\/wp\/v2\/users\/15"}],"replies":[{"embeddable":true,"href":"https:\/\/www.czechcyclingfederation.com\/en\/wp-json\/wp\/v2\/comments?post=13192"}],"version-history":[{"count":1,"href":"https:\/\/www.czechcyclingfederation.com\/en\/wp-json\/wp\/v2\/posts\/13192\/revisions"}],"predecessor-version":[{"id":13193,"href":"https:\/\/www.czechcyclingfederation.com\/en\/wp-json\/wp\/v2\/posts\/13192\/revisions\/13193"}],"wp:featuredmedia":[{"embeddable":true,"href":"https:\/\/www.czechcyclingfederation.com\/en\/wp-json\/wp\/v2\/media\/12308"}],"wp:attachment":[{"href":"https:\/\/www.czechcyclingfederation.com\/en\/wp-json\/wp\/v2\/media?parent=13192"}],"wp:term":[{"taxonomy":"category","embeddable":true,"href":"https:\/\/www.czechcyclingfederation.com\/en\/wp-json\/wp\/v2\/categories?post=13192"},{"taxonomy":"post_tag","embeddable":true,"href":"https:\/\/www.czechcyclingfederation.com\/en\/wp-json\/wp\/v2\/tags?post=13192"}],"curies":[{"name":"wp","href":"https:\/\/api.w.org\/{rel}","templated":true}]}}