{"id":13189,"date":"2022-08-16T20:36:56","date_gmt":"2022-08-16T18:36:56","guid":{"rendered":"https:\/\/www.czechcyclingfederation.com\/?p=13189"},"modified":"2022-08-26T15:10:07","modified_gmt":"2022-08-26T13:10:07","slug":"sprinter-babek-skoncil-v-kerinu-sedmy","status":"publish","type":"post","link":"https:\/\/www.czechcyclingfederation.com\/en\/sprinter-babek-skoncil-v-kerinu-sedmy\/","title":{"rendered":"Sprinter B\u00e1bek skon\u010dil v kerinu sedm\u00fd"},"content":{"rendered":"\n<p>Jedno z nejlep\u0161\u00edch um\u00edst\u011bn\u00ed pro \u010desk\u00e9 barvy vybojoval v z\u00e1v\u011bre\u010dn\u00fd den evropsk\u00e9ho dr\u00e1hov\u00e9ho \u0161ampion\u00e1tu v Mnichov\u011b Tom\u00e1\u0161 B\u00e1bek. V keirinu vyhr\u00e1l mal\u00e9 fin\u00e1le a obsadil sedm\u00e9 m\u00edsto. Mat\u011bj Bohusl\u00e1vek ve stejn\u00e9 discipl\u00edn\u011b byl t\u0159in\u00e1ct\u00fd, a dev\u00e1tou pozici vybojovala Veronika Jaborn\u00edkov\u00e1 v keirinu. Neusp\u011bla dvojice Daniel Babor a Denis Rugovac v madisonu, kterou rozhod\u010d\u00ed ze z\u00e1vodu odvolali.<\/p>\n\n\n\n<p>B\u00e1bek v prvn\u00ed j\u00edzd\u011b neusp\u011bl, ale po v\u00edt\u011bzstv\u00ed v jedn\u00e9 z oprav postoupil do semifin\u00e1le. V n\u011bm v\u0161ak skon\u010dil a\u017e p\u00e1t\u00fd, a tak jel jen v j\u00edzd\u011b o 7. &#8211; 12. m\u00edsto. V n\u00ed si po\u010d\u00ednal suver\u00e9nn\u011b a vyhr\u00e1l ji, kdy\u017e cel\u00fd z\u00e1vod odjel na vedouc\u00ed pozici.<\/p>\n\n\n\n<p>Keirin vyhr\u00e1li S\u00e9bastien Vigier z Francie a N\u011bmka Lea Sophie Friedrichov\u00e1, v madisonu vystoupili na nejvy\u0161\u0161\u00ed stupn\u011b Roger Kluge s Theo Reinhardtem z N\u011bmecka a italsk\u00e9 duo Silvia Zanardiov\u00e1, Rachele Barbieriov\u00e1. &nbsp;Na \u0161ampion\u00e1tu z\u00edskalo medaili dvan\u00e1ct zem\u00ed, \u010desk\u00e1 republika vy\u0161la bohu\u017eel tentokr\u00e1t napr\u00e1zdno. Nejsp\u011b\u0161n\u011bj\u0161\u00ed byli cyklist\u00e9 Francie s&nbsp;patn\u00e1cti medailemi.<\/p>\n\n\n\n<p>V\u00fdsledky:<\/p>\n\n\n\n<p>Mu\u017ei:<\/p>\n\n\n\n<p>Keirin:<\/p>\n\n\n\n<p>1. Vigier (Fr.), 2. D\u00f6rnbach (N\u011bm.), 3. Landerneau (Fr.), 4. Denysenko (Ukr.), 5. Sarnecki (Pol.), 6. Jurczyk (N\u011bm.), 7. B\u00e1bek, \u202613. Bohusl\u00e1vek (oba \u010cR).<\/p>\n\n\n\n<p>Madison:<\/p>\n\n\n\n<p>1. Kluge, Reinhardt (N\u011bm.) 101, 2. Boudat, Grondin (Fr.) 91, 3. Ghys, van den Bossche (Belg.) 58, 4. Narciso, Leitao (Port.) 43, 5. Mora Vedri, Torres (\u0160p.) 28, 6. Viviani, Scartezzini (It.) 10, &#8230;Babor, Rugovac (\u010cR) nedokon\u010dili.<\/p>\n\n\n\n<p>\u017deny:<\/p>\n\n\n\n<p>Madison:<\/p>\n\n\n\n<p>1. Zanardiov\u00e1, Barbieriov\u00e1 (It.) 41, 2. Copponiov\u00e1, Borrasov\u00e1 (Fr.) 40, 3. Dideriksenov\u00e1, Lethov\u00e1 (D\u00e1n.) 38, 4. Georgiov\u00e1, Evansov\u00e1 (Brit.) 36, 5. D. Pikulikov\u00e1, W. Pikulikov\u00e1 (Pol.) 29, 6. Teutenbergov\u00e1, Braussxeov\u00e1 (N\u011bm.) 6.<\/p>\n\n\n\n<p>Keirin:<\/p>\n\n\n\n<p>1. Friedrichov\u00e1 (N\u011bm.), 2. Losov\u00e1 (Pol.), 3. Starikov\u00e1 (Ukr.), 4. Degrendeleov\u00e1 (Belg.), 5. Grosov\u00e1, 6. Capewellov\u00e1 (Brit.), &#8230;9. V. Jaborn\u00edkov\u00e1 (\u010cR).<\/p>\n\n\n\n<p>FOTO Jan Brychta<\/p>\n","protected":false},"excerpt":{"rendered":"<p>Jedno z nejlep\u0161\u00edch um\u00edst\u011bn\u00ed pro \u010desk\u00e9 barvy vybojoval v z\u00e1v\u011bre\u010dn\u00fd den evropsk\u00e9ho dr\u00e1hov\u00e9ho \u0161ampion\u00e1tu v Mnichov\u011b Tom\u00e1\u0161 B\u00e1bek. V keirinu vyhr\u00e1l mal\u00e9 fin\u00e1le a obsadil sedm\u00e9 m\u00edsto. Mat\u011bj Bohusl\u00e1vek ve stejn\u00e9 discipl\u00edn\u011b byl t\u0159in\u00e1ct\u00fd, a dev\u00e1tou pozici vybojovala Veronika Jaborn\u00edkov\u00e1 v keirinu. Neusp\u011bla dvojice Daniel Babor a Denis Rugovac v madisonu, kterou rozhod\u010d\u00ed ze z\u00e1vodu [&hellip;]<\/p>\n","protected":false},"author":8,"featured_media":13190,"comment_status":"closed","ping_status":"open","sticky":false,"template":"","format":"standard","meta":{"footnotes":""},"categories":[54,2,103],"tags":[9],"class_list":["post-13189","post","type-post","status-publish","format-standard","has-post-thumbnail","hentry","category-draha","category-novinky","category-reprezentace","tag-draha"],"_links":{"self":[{"href":"https:\/\/www.czechcyclingfederation.com\/en\/wp-json\/wp\/v2\/posts\/13189","targetHints":{"allow":["GET"]}}],"collection":[{"href":"https:\/\/www.czechcyclingfederation.com\/en\/wp-json\/wp\/v2\/posts"}],"about":[{"href":"https:\/\/www.czechcyclingfederation.com\/en\/wp-json\/wp\/v2\/types\/post"}],"author":[{"embeddable":true,"href":"https:\/\/www.czechcyclingfederation.com\/en\/wp-json\/wp\/v2\/users\/8"}],"replies":[{"embeddable":true,"href":"https:\/\/www.czechcyclingfederation.com\/en\/wp-json\/wp\/v2\/comments?post=13189"}],"version-history":[{"count":3,"href":"https:\/\/www.czechcyclingfederation.com\/en\/wp-json\/wp\/v2\/posts\/13189\/revisions"}],"predecessor-version":[{"id":13197,"href":"https:\/\/www.czechcyclingfederation.com\/en\/wp-json\/wp\/v2\/posts\/13189\/revisions\/13197"}],"wp:featuredmedia":[{"embeddable":true,"href":"https:\/\/www.czechcyclingfederation.com\/en\/wp-json\/wp\/v2\/media\/13190"}],"wp:attachment":[{"href":"https:\/\/www.czechcyclingfederation.com\/en\/wp-json\/wp\/v2\/media?parent=13189"}],"wp:term":[{"taxonomy":"category","embeddable":true,"href":"https:\/\/www.czechcyclingfederation.com\/en\/wp-json\/wp\/v2\/categories?post=13189"},{"taxonomy":"post_tag","embeddable":true,"href":"https:\/\/www.czechcyclingfederation.com\/en\/wp-json\/wp\/v2\/tags?post=13189"}],"curies":[{"name":"wp","href":"https:\/\/api.w.org\/{rel}","templated":true}]}}