{"id":13185,"date":"2022-08-15T20:59:41","date_gmt":"2022-08-15T18:59:41","guid":{"rendered":"https:\/\/www.czechcyclingfederation.com\/?p=13185"},"modified":"2022-08-15T20:59:43","modified_gmt":"2022-08-15T18:59:43","slug":"drahari-na-me-v-mnichove-bez-vyraznejsiho-uspechu","status":"publish","type":"post","link":"https:\/\/www.czechcyclingfederation.com\/en\/drahari-na-me-v-mnichove-bez-vyraznejsiho-uspechu\/","title":{"rendered":"Dr\u00e1ha\u0159i na ME v Mnichov\u011b bez v\u00fdrazn\u011bj\u0161\u00edho \u00fasp\u011bchu"},"content":{"rendered":"\n<p>Jen um\u00edst\u011bn\u00ed ve druh\u00e9 des\u00edtce vybojovali dnes \u010de\u0161t\u00ed dr\u00e1ha\u0159i na evropsk\u00e9m \u0161ampion\u00e1tu v Mnichov\u011b. Nejv\u00fd\u0161e skon\u010dil Robin Wagner, kter\u00e1 v z\u00e1vodu na 1 km s pevn\u00fdm startem byl jeden\u00e1ct\u00fd, o dv\u011b m\u00edsta za n\u00edm skon\u010dil Tom\u00e1\u0161 B\u00e1bek. Petra \u0160ev\u010d\u00edkov\u00e1 obsadila v omniu t\u0159in\u00e1ct\u00e9 m\u00edsto, Veronika Jaborn\u00edkov\u00e1 byla ve sprintu patn\u00e1ct\u00e1 a Denis Rugovac nepostoupil v omniu do hlavn\u00edho z\u00e1vodu.<\/p>\n\n\n\n<p>Dv\u011b zlata z\u00e1sluhou Melvina Launderneau (1 km s pevn\u00fdm startem) a Donavana Grondina (omnium) vybojovala Francie,&nbsp; sprint \u017een ovl\u00e1dla N\u011bmka Emma Hinzeov\u00e1 a omnium Rachele Barbierov\u00e1 z It\u00e1lie.<\/p>\n\n\n\n<p>V\u00fdsledky:<\/p>\n\n\n\n<p>Mu\u017ei:<\/p>\n\n\n\n<p>1 km s pevn\u00fdm startem:<\/p>\n\n\n\n<p>1. Launderneau (Fr.) 59,975, 2. Bianchi (It.) 1:00,089, 3. D\u00f6rnbach (N\u011bm.) 1:00,225, 4. Martinez (\u0160p.) 1:00,752, 5. Pedersen (D\u00e1n.) 1:00,862, 6. Jurczyk (N\u011bm.) 1:00,879, &#8230;11. Wagner 1:01,538, 13. B\u00e1bek (oba \u010cR) 1:02,127.<\/p>\n\n\n\n<p>Omnium:<\/p>\n\n\n\n<p>1. Grondin (Fr.) 150, 2. Consonni (It.) 148, 3. Mora Vedri (\u0160p.) 146, 4. Heijnen (Niz.) 133, 5. Staniszewski (Pol.) 128, 6. van den Bossche (Niz.) 125, &#8230;Rugovac (\u010cR) nepostoupil do hlavn\u00ed sout\u011b\u017ee.&nbsp;&nbsp;&nbsp;&nbsp;&nbsp;&nbsp;&nbsp;&nbsp;&nbsp;<\/p>\n\n\n\n<p>\u017deny:<\/p>\n\n\n\n<p>Sprint:<\/p>\n\n\n\n<p>Fin\u00e1le: Hinzeov\u00e1 (N\u011bm.) &#8211; Grosov\u00e1 (Fr.) 2:1, o 3. m\u00edsto: van Riessenov\u00e1 (\/Niz.) &#8211; Friedrichov\u00e1 (N\u011bm.) 2:0, &#8230;15. V. Jaborn\u00edkov\u00e1 (\u010cR).<\/p>\n\n\n\n<p>Omnium:<\/p>\n\n\n\n<p>1. Barbierov\u00e1 (It.) 174, 2. Copponiov\u00e1 (Fr.) 171, 3. D. Pikulikov\u00e1 (Pol.) 167, 4. Kopeck\u00e1 (Belg.) 133, 5. van der Duinov\u00e1 (Niz.) 133, 6. Teutenbergov\u00e1 (N\u011bm.) 126, &#8230;13. \u0160ev\u010d\u00edkov\u00e1 (\u010cR) 48.<\/p>\n\n\n\n<p>FOTO Jan Brychta<\/p>\n\n\n\n<figure class=\"wp-block-image size-large\"><img loading=\"lazy\" decoding=\"async\" width=\"1024\" height=\"682\" src=\"https:\/\/www.czechcyclingfederation.com\/wp-content\/uploads\/2022\/08\/Sevcikova-KQwLWiOw-1024x682.jpeg\" alt=\"\" class=\"wp-image-13187\" srcset=\"https:\/\/www.czechcyclingfederation.com\/wp-content\/uploads\/2022\/08\/Sevcikova-KQwLWiOw-1024x682.jpeg 1024w, https:\/\/www.czechcyclingfederation.com\/wp-content\/uploads\/2022\/08\/Sevcikova-KQwLWiOw-300x200.jpeg 300w, https:\/\/www.czechcyclingfederation.com\/wp-content\/uploads\/2022\/08\/Sevcikova-KQwLWiOw-768x511.jpeg 768w, https:\/\/www.czechcyclingfederation.com\/wp-content\/uploads\/2022\/08\/Sevcikova-KQwLWiOw-1536x1022.jpeg 1536w, https:\/\/www.czechcyclingfederation.com\/wp-content\/uploads\/2022\/08\/Sevcikova-KQwLWiOw-1320x878.jpeg 1320w, https:\/\/www.czechcyclingfederation.com\/wp-content\/uploads\/2022\/08\/Sevcikova-KQwLWiOw.jpeg 2048w\" sizes=\"auto, (max-width: 1024px) 100vw, 1024px\" \/><\/figure>\n","protected":false},"excerpt":{"rendered":"<p>Jen um\u00edst\u011bn\u00ed ve druh\u00e9 des\u00edtce vybojovali dnes \u010de\u0161t\u00ed dr\u00e1ha\u0159i na evropsk\u00e9m \u0161ampion\u00e1tu v Mnichov\u011b. Nejv\u00fd\u0161e skon\u010dil Robin Wagner, kter\u00e1 v z\u00e1vodu na 1 km s pevn\u00fdm startem byl jeden\u00e1ct\u00fd, o dv\u011b m\u00edsta za n\u00edm skon\u010dil Tom\u00e1\u0161 B\u00e1bek. Petra \u0160ev\u010d\u00edkov\u00e1 obsadila v omniu t\u0159in\u00e1ct\u00e9 m\u00edsto, Veronika Jaborn\u00edkov\u00e1 byla ve sprintu patn\u00e1ct\u00e1 a Denis Rugovac nepostoupil v [&hellip;]<\/p>\n","protected":false},"author":8,"featured_media":13186,"comment_status":"closed","ping_status":"open","sticky":false,"template":"","format":"standard","meta":{"footnotes":""},"categories":[54,2],"tags":[9],"class_list":["post-13185","post","type-post","status-publish","format-standard","has-post-thumbnail","hentry","category-draha","category-novinky","tag-draha"],"_links":{"self":[{"href":"https:\/\/www.czechcyclingfederation.com\/en\/wp-json\/wp\/v2\/posts\/13185","targetHints":{"allow":["GET"]}}],"collection":[{"href":"https:\/\/www.czechcyclingfederation.com\/en\/wp-json\/wp\/v2\/posts"}],"about":[{"href":"https:\/\/www.czechcyclingfederation.com\/en\/wp-json\/wp\/v2\/types\/post"}],"author":[{"embeddable":true,"href":"https:\/\/www.czechcyclingfederation.com\/en\/wp-json\/wp\/v2\/users\/8"}],"replies":[{"embeddable":true,"href":"https:\/\/www.czechcyclingfederation.com\/en\/wp-json\/wp\/v2\/comments?post=13185"}],"version-history":[{"count":1,"href":"https:\/\/www.czechcyclingfederation.com\/en\/wp-json\/wp\/v2\/posts\/13185\/revisions"}],"predecessor-version":[{"id":13188,"href":"https:\/\/www.czechcyclingfederation.com\/en\/wp-json\/wp\/v2\/posts\/13185\/revisions\/13188"}],"wp:featuredmedia":[{"embeddable":true,"href":"https:\/\/www.czechcyclingfederation.com\/en\/wp-json\/wp\/v2\/media\/13186"}],"wp:attachment":[{"href":"https:\/\/www.czechcyclingfederation.com\/en\/wp-json\/wp\/v2\/media?parent=13185"}],"wp:term":[{"taxonomy":"category","embeddable":true,"href":"https:\/\/www.czechcyclingfederation.com\/en\/wp-json\/wp\/v2\/categories?post=13185"},{"taxonomy":"post_tag","embeddable":true,"href":"https:\/\/www.czechcyclingfederation.com\/en\/wp-json\/wp\/v2\/tags?post=13185"}],"curies":[{"name":"wp","href":"https:\/\/api.w.org\/{rel}","templated":true}]}}