{"id":1318,"date":"2020-07-10T20:19:18","date_gmt":"2020-07-10T18:19:18","guid":{"rendered":"http:\/\/www.czechcyclingfederation.com\/?p=1318"},"modified":"2020-07-16T13:39:41","modified_gmt":"2020-07-16T11:39:41","slug":"prvni-titul-na-mcr-bikeru-pro-rouvy-specialized","status":"publish","type":"post","link":"https:\/\/www.czechcyclingfederation.com\/en\/prvni-titul-na-mcr-bikeru-pro-rouvy-specialized\/","title":{"rendered":"Prvn\u00ed titul na M\u010cR biker\u016f pro Rouvy Specialized"},"content":{"rendered":"\n<p>Prvn\u00ed titul na dom\u00e1c\u00edm \u0161ampion\u00e1tu v coss country v Peci pod Sn\u011b\u017ekou vybojovali ve \u0161tafet\u011b z\u00e1vodn\u00edci vimpersk\u00e9ho celku Rouvy Specialized ve slo\u017een\u00ed Jan S\u00e1ska, Tereza S\u00e1skov\u00e1, Aneta Novotn\u00e1 a Samuel Jirou\u0161. Spolu s nimi vystoupili na stupn\u011b v\u00edt\u011bz\u016f Express CZ Tufo Team Kol\u00edn a kombinovan\u00e1 \u0161tafeta Kross\/MS Bike Academy.<\/p>\n\n\n\n<p>Rouvy Specialized obh\u00e1jil titul z lo\u0148sk\u00e9ho roku, tentokr\u00e1t v\u0161ak prvn\u011b ve \u010dty\u0159\u010dlenn\u00e9m slo\u017een\u00ed \u0161tafet. Dlouho to ale vypadalo na zlato pro \u0161tafetu Kross\/MS Bike Academy. Po t\u0159ech \u00fasec\u00edch, kter\u00e9 jeli Ond\u0159ej Cink, Mat\u011bj \u010c\u00e1slavsk\u00fd a Simona Sp\u011b\u0161n\u00e1, m\u011bl tento t\u00fdm na \u010dele n\u00e1skok minutu a t\u0159i\u010dtvrt\u011b, ale posledn\u00ed \u00fasek jela nejslab\u0161\u00ed \u010dlenka \u0161tafety Ad\u00e9la Folt\u00fdnov\u00e1.<\/p>\n\n\n\n<p>&nbsp;Tu fini\u0161mani soupe\u0159\u00edch \u0161tafet Tom\u00e1\u0161 Paprstka (Express CZ Tufo Team Kol\u00edn) a Samuel Jirou\u0161 (Rouvy Specialized) rychle dojeli a p\u0159edjeli a p\u0159i posledn\u00edm sjezdu to vypadalo na zlato pro Express CZ Tufo Team Kol\u00edn. Defekt p\u0159edn\u00edho kola odsoudil ale Paprstku k v\u00fdm\u011bn\u011b v posledn\u00edm depu, a tak se cesta ke zlatu otev\u0159ela pro Rouvy Specialized a o v\u00edt\u011bzi bylo rozhodnuto je\u0161t\u011b p\u0159ed c\u00edlovou rovinkou.&nbsp;<\/p>\n\n\n\n<p>Poprv\u00e9 bojovali o medaile v z\u00e1vodech \u0161tafet i mlad\u00ed jezdci v \u017e\u00e1kovsk\u00fdch kategori\u00edch a na start se jich postavil \u00factihodn\u00fd po\u010dret \u0161estn\u00e1cti. Zlato vybojoval slo\u017een\u00fd t\u00fdm Adastra\/Cyklo Benda p\u0159ed Duklou Praha a Ivar CS Author Teamu.&nbsp;&nbsp;&nbsp;<\/p>\n\n\n\n<p>V\u00fdsledky:&nbsp;<\/p>\n\n\n\n<p>1. Rouvy Specialized (S\u00e1ska, S\u00e1skov\u00e1, Novotn\u00e1, Jirou\u0161) 48:21, 2. Express CZ Tufo Team Kol\u00edn (\u017dvak, Tvar\u016f\u017ekov\u00e1, Bedrn\u00edkov\u00e1, Paprstka) +30, 3. Kross\/MS Bike Academy (Cink, \u010c\u00e1slavsk\u00fd,&nbsp;Sp\u011b\u0161n\u00e1, Folt\u00fdnov\u00e1) +1:46.Kompletn\u00ed v\u00fdsledky: <a href=\"https:\/\/www.sportsoft.cz\/cs\/zavod\/results\/5228?rid=4642\">https:\/\/www.sportsoft.cz\/cs\/zavod\/results\/5228?rid=4642<\/a><\/p>\n\n\n\n<figure class=\"wp-block-image size-large\"><img loading=\"lazy\" decoding=\"async\" width=\"1000\" height=\"750\" src=\"https:\/\/www.czechcyclingfederation.com\/wp-content\/uploads\/2020\/07\/Rouwy.jpg\" alt=\"\" class=\"wp-image-1319\" srcset=\"https:\/\/www.czechcyclingfederation.com\/wp-content\/uploads\/2020\/07\/Rouwy.jpg 1000w, https:\/\/www.czechcyclingfederation.com\/wp-content\/uploads\/2020\/07\/Rouwy-267x200.jpg 267w, https:\/\/www.czechcyclingfederation.com\/wp-content\/uploads\/2020\/07\/Rouwy-768x576.jpg 768w\" sizes=\"auto, (max-width: 1000px) 100vw, 1000px\" \/><\/figure>\n","protected":false},"excerpt":{"rendered":"<p>Prvn\u00ed titul na dom\u00e1c\u00edm \u0161ampion\u00e1tu v coss country v Peci pod Sn\u011b\u017ekou vybojovali ve \u0161tafet\u011b z\u00e1vodn\u00edci vimpersk\u00e9ho celku Rouvy Specialized ve slo\u017een\u00ed Jan S\u00e1ska, Tereza S\u00e1skov\u00e1, Aneta Novotn\u00e1 a Samuel Jirou\u0161. Spolu s nimi vystoupili na stupn\u011b v\u00edt\u011bz\u016f Express CZ Tufo Team Kol\u00edn a kombinovan\u00e1 \u0161tafeta Kross\/MS Bike Academy. Rouvy Specialized obh\u00e1jil titul z lo\u0148sk\u00e9ho [&hellip;]<\/p>\n","protected":false},"author":2,"featured_media":1319,"comment_status":"closed","ping_status":"open","sticky":false,"template":"","format":"standard","meta":{"footnotes":""},"categories":[6,2],"tags":[10],"class_list":["post-1318","post","type-post","status-publish","format-standard","has-post-thumbnail","hentry","category-mtb","category-novinky","tag-mtb"],"_links":{"self":[{"href":"https:\/\/www.czechcyclingfederation.com\/en\/wp-json\/wp\/v2\/posts\/1318","targetHints":{"allow":["GET"]}}],"collection":[{"href":"https:\/\/www.czechcyclingfederation.com\/en\/wp-json\/wp\/v2\/posts"}],"about":[{"href":"https:\/\/www.czechcyclingfederation.com\/en\/wp-json\/wp\/v2\/types\/post"}],"author":[{"embeddable":true,"href":"https:\/\/www.czechcyclingfederation.com\/en\/wp-json\/wp\/v2\/users\/2"}],"replies":[{"embeddable":true,"href":"https:\/\/www.czechcyclingfederation.com\/en\/wp-json\/wp\/v2\/comments?post=1318"}],"version-history":[{"count":2,"href":"https:\/\/www.czechcyclingfederation.com\/en\/wp-json\/wp\/v2\/posts\/1318\/revisions"}],"predecessor-version":[{"id":1333,"href":"https:\/\/www.czechcyclingfederation.com\/en\/wp-json\/wp\/v2\/posts\/1318\/revisions\/1333"}],"wp:featuredmedia":[{"embeddable":true,"href":"https:\/\/www.czechcyclingfederation.com\/en\/wp-json\/wp\/v2\/media\/1319"}],"wp:attachment":[{"href":"https:\/\/www.czechcyclingfederation.com\/en\/wp-json\/wp\/v2\/media?parent=1318"}],"wp:term":[{"taxonomy":"category","embeddable":true,"href":"https:\/\/www.czechcyclingfederation.com\/en\/wp-json\/wp\/v2\/categories?post=1318"},{"taxonomy":"post_tag","embeddable":true,"href":"https:\/\/www.czechcyclingfederation.com\/en\/wp-json\/wp\/v2\/tags?post=1318"}],"curies":[{"name":"wp","href":"https:\/\/api.w.org\/{rel}","templated":true}]}}