{"id":13152,"date":"2022-08-14T18:56:00","date_gmt":"2022-08-14T16:56:00","guid":{"rendered":"https:\/\/www.czechcyclingfederation.com\/?p=13152"},"modified":"2022-08-26T15:11:17","modified_gmt":"2022-08-26T13:11:17","slug":"neuman-dvacaty-na-me-titul-ma-jakobsen","status":"publish","type":"post","link":"https:\/\/www.czechcyclingfederation.com\/en\/neuman-dvacaty-na-me-titul-ma-jakobsen\/","title":{"rendered":"Neuman dvac\u00e1t\u00fd na ME, titul m\u00e1 Jakobsen"},"content":{"rendered":"\n<p>Nizozemsk\u00fd cyklista Fabio Jakobsen&nbsp;vybojoval v&nbsp;Mnichov\u011b titul mistra Evropy v&nbsp;silni\u010dn\u00edm z\u00e1vod\u011b jednotlivc\u016f. O sv\u00e9m triumfu rozhodl v&nbsp;z\u00e1v\u011bre\u010dn\u00e9m spurtu. Z&nbsp;\u010desk\u00fdch reprezentant\u016f skon\u010dil nejl\u00e9pe dvac\u00e1t\u00fd Dominik Neuman v&nbsp;\u010dase v\u00edt\u011bze.<\/p>\n\n\n\n<p>\u201eZ celkov\u00e9ho pohledu je dvac\u00e1t\u00e9 m\u00edsto Neumana slu\u0161n\u00e9. Kdy\u017e se pod\u00edv\u00e1me na prvn\u00ed des\u00edtku&nbsp;po\u0159ad\u00ed, byli tam sam\u00ed sprinte\u0159i sv\u011btov\u00e9 extrat\u0159\u00eddy.&nbsp;\u010cesko bohu\u017eel takov\u00e9ho sprintera nem\u00e1,\u201c \u0159ekl po z\u00e1vod\u011b tren\u00e9r Franti\u0161ek Trkal.<\/p>\n\n\n\n<figure class=\"wp-block-image size-large\"><img loading=\"lazy\" decoding=\"async\" width=\"1024\" height=\"683\" src=\"https:\/\/www.czechcyclingfederation.com\/wp-content\/uploads\/2022\/08\/6CBD63B7-BBE2-4EA4-BDFF-1163D4C40831-1024x683.jpeg\" alt=\"\" class=\"wp-image-13154\" srcset=\"https:\/\/www.czechcyclingfederation.com\/wp-content\/uploads\/2022\/08\/6CBD63B7-BBE2-4EA4-BDFF-1163D4C40831-1024x683.jpeg 1024w, https:\/\/www.czechcyclingfederation.com\/wp-content\/uploads\/2022\/08\/6CBD63B7-BBE2-4EA4-BDFF-1163D4C40831-300x200.jpeg 300w, https:\/\/www.czechcyclingfederation.com\/wp-content\/uploads\/2022\/08\/6CBD63B7-BBE2-4EA4-BDFF-1163D4C40831-768x512.jpeg 768w, https:\/\/www.czechcyclingfederation.com\/wp-content\/uploads\/2022\/08\/6CBD63B7-BBE2-4EA4-BDFF-1163D4C40831-1536x1024.jpeg 1536w, https:\/\/www.czechcyclingfederation.com\/wp-content\/uploads\/2022\/08\/6CBD63B7-BBE2-4EA4-BDFF-1163D4C40831-2048x1365.jpeg 2048w, https:\/\/www.czechcyclingfederation.com\/wp-content\/uploads\/2022\/08\/6CBD63B7-BBE2-4EA4-BDFF-1163D4C40831-1320x880.jpeg 1320w\" sizes=\"auto, (max-width: 1024px) 100vw, 1024px\" \/><\/figure>\n\n\n\n<p>\u201eByl jsem ve spr\u00e1vnou chv\u00edli vp\u0159edu, ale ta rychlost byla \u0161\u00edlen\u00e1.&nbsp;Skoro mi nesta\u010dily p\u0159evody.&nbsp;V&nbsp;z\u00e1v\u011bru jsem jel \u00fapln\u00fd doraz, bojoval jsem do posledn\u00edch metr\u016f, ale sprintersk\u00e9 hv\u011bzdy z&nbsp;WorldTour t\u00fdm\u016f jsou prost\u011b je\u0161t\u011b n\u011bkde jinde. Proto to dvac\u00e1t\u00e9 m\u00edsto pova\u017euji za kvalitn\u00ed v\u00fdsledek,\u201c uvedl Dominik Neuman.<\/p>\n\n\n\n<p>\u201eKluci p\u0159edvedli dobr\u00fd t\u00fdmov\u00fd v\u00fdkon. Uk\u00e1zalo se, jak obrovsk\u00fd p\u0159\u00ednos&nbsp;m\u011bl&nbsp;Zden\u011bk \u0160tybar.&nbsp;M\u00e1 v&nbsp;bal\u00edku obrovsk\u00fd respekt a d\u00edky n\u011bmu jsme se pohybovali na slu\u0161n\u00fdch pozic\u00edch. V&nbsp;z\u00e1v\u011bru to cht\u011bl zkusit, ale ta tra\u0165 nakonec byla je\u0161t\u011b leh\u010d\u00ed, ne\u017e to vypadalo na pl\u00e1nku.&nbsp;S\u00e1m \u0159\u00edkal, \u017ee klidn\u011b pom\u016f\u017ee sprinter\u016fm.&nbsp;Hlavn\u00edm l\u00eddrem do sprintu byl Tom\u00e1\u0161 B\u00e1rta,&nbsp;jen\u017ee&nbsp;toho v&nbsp;z\u00e1v\u011bru chytaly k\u0159e\u010de, tak se jelo na Dominika a zhostil se toho dob\u0159e. Kdyby m\u011bl o trochu v\u00edc \u0161t\u011bst\u00ed, mo\u017en\u00e1 to mohlo b\u00fdt t\u0159eba n\u011bkde kolem patn\u00e1ctky, ale ti nejlep\u0161\u00ed jsou prost\u011b jinde,\u201c dodal Trkal.<\/p>\n\n\n\n<p>Vzhledem k&nbsp;profilu z\u00e1v\u011bre\u010dn\u00fdch okruh\u016f v&nbsp;Mnichov\u011b bylo t\u00e9m\u011b\u0159 jist\u00e9, \u017ee o v\u00edt\u011bzi rozhodne z\u00e1v\u011bre\u010dn\u00fd spurt. Jakobsen&nbsp;se&nbsp;ve fini\u0161i vyvezl&nbsp;za&nbsp;Belgi\u010danem Merlierem a&nbsp;slavil triumf. \u201eVelk\u00fd d\u00edk pat\u0159\u00ed t\u00fdmu, Danny van Poppel pro m\u011b odvedl skv\u011blou pr\u00e1ci,\u201c chv\u00e1lil Jakobsen reprezenta\u010dn\u00edho kolegu, kter\u00fd skon\u010dil \u010dtvrt\u00fd.<\/p>\n\n\n\n<p><strong>V\u00fdsledky&nbsp;<\/strong>(208 km):<\/p>\n\n\n\n<p>1. Jakobsen (Niz.) 4:38:49 hod., 2. D\u00e9mare (Fr.), 3. Merlier (Belg.), \u2026&nbsp;<strong>20. Neuman&nbsp;<\/strong>v\u0161ichni stejn\u00fd \u010das,&nbsp;<strong>32. \u0160tybar&nbsp;<\/strong>-13 s,&nbsp;<strong>34.&nbsp;Otruba&nbsp;<\/strong>-15,&nbsp;<strong>41. A. \u0164oupal\u00edk, 42. T. B\u00e1rta, 46. J. B\u00e1rta&nbsp;<\/strong>(v\u0161. \u010cR), v\u0161. stejn\u00fd \u010das.<\/p>\n\n\n\n<p>Foto: Jan Brychta<\/p>\n","protected":false},"excerpt":{"rendered":"<p>Nizozemsk\u00fd cyklista Fabio Jakobsen&nbsp;vybojoval v&nbsp;Mnichov\u011b titul mistra Evropy v&nbsp;silni\u010dn\u00edm z\u00e1vod\u011b jednotlivc\u016f. O sv\u00e9m triumfu rozhodl v&nbsp;z\u00e1v\u011bre\u010dn\u00e9m spurtu. Z&nbsp;\u010desk\u00fdch reprezentant\u016f skon\u010dil nejl\u00e9pe dvac\u00e1t\u00fd Dominik Neuman v&nbsp;\u010dase v\u00edt\u011bze. \u201eZ celkov\u00e9ho pohledu je dvac\u00e1t\u00e9 m\u00edsto Neumana slu\u0161n\u00e9. Kdy\u017e se pod\u00edv\u00e1me na prvn\u00ed des\u00edtku&nbsp;po\u0159ad\u00ed, byli tam sam\u00ed sprinte\u0159i sv\u011btov\u00e9 extrat\u0159\u00eddy.&nbsp;\u010cesko bohu\u017eel takov\u00e9ho sprintera nem\u00e1,\u201c \u0159ekl po z\u00e1vod\u011b tren\u00e9r Franti\u0161ek [&hellip;]<\/p>\n","protected":false},"author":15,"featured_media":13153,"comment_status":"closed","ping_status":"open","sticky":false,"template":"","format":"standard","meta":{"footnotes":""},"categories":[17,2,103,18],"tags":[11],"class_list":["post-13152","post","type-post","status-publish","format-standard","has-post-thumbnail","hentry","category-discipliny","category-novinky","category-reprezentace","category-silnice","tag-silnice"],"_links":{"self":[{"href":"https:\/\/www.czechcyclingfederation.com\/en\/wp-json\/wp\/v2\/posts\/13152","targetHints":{"allow":["GET"]}}],"collection":[{"href":"https:\/\/www.czechcyclingfederation.com\/en\/wp-json\/wp\/v2\/posts"}],"about":[{"href":"https:\/\/www.czechcyclingfederation.com\/en\/wp-json\/wp\/v2\/types\/post"}],"author":[{"embeddable":true,"href":"https:\/\/www.czechcyclingfederation.com\/en\/wp-json\/wp\/v2\/users\/15"}],"replies":[{"embeddable":true,"href":"https:\/\/www.czechcyclingfederation.com\/en\/wp-json\/wp\/v2\/comments?post=13152"}],"version-history":[{"count":2,"href":"https:\/\/www.czechcyclingfederation.com\/en\/wp-json\/wp\/v2\/posts\/13152\/revisions"}],"predecessor-version":[{"id":13470,"href":"https:\/\/www.czechcyclingfederation.com\/en\/wp-json\/wp\/v2\/posts\/13152\/revisions\/13470"}],"wp:featuredmedia":[{"embeddable":true,"href":"https:\/\/www.czechcyclingfederation.com\/en\/wp-json\/wp\/v2\/media\/13153"}],"wp:attachment":[{"href":"https:\/\/www.czechcyclingfederation.com\/en\/wp-json\/wp\/v2\/media?parent=13152"}],"wp:term":[{"taxonomy":"category","embeddable":true,"href":"https:\/\/www.czechcyclingfederation.com\/en\/wp-json\/wp\/v2\/categories?post=13152"},{"taxonomy":"post_tag","embeddable":true,"href":"https:\/\/www.czechcyclingfederation.com\/en\/wp-json\/wp\/v2\/tags?post=13152"}],"curies":[{"name":"wp","href":"https:\/\/api.w.org\/{rel}","templated":true}]}}