{"id":13082,"date":"2022-08-10T10:34:34","date_gmt":"2022-08-10T08:34:34","guid":{"rendered":"https:\/\/www.czechcyclingfederation.com\/?p=13082"},"modified":"2022-08-10T10:35:31","modified_gmt":"2022-08-10T08:35:31","slug":"omezeni-provozu-pokladny-csc","status":"publish","type":"post","link":"https:\/\/www.czechcyclingfederation.com\/en\/omezeni-provozu-pokladny-csc\/","title":{"rendered":"Omezen\u00ed provozu pokladny \u010cSC"},"content":{"rendered":"\n<p><strong>Od 12. srpna do 19. srpna 2022 bude pokladna v&nbsp;s\u00eddle \u010cSC z&nbsp;d\u016fvodu nemoci pan\u00ed pokladn\u00ed uzav\u0159ena.&nbsp; D\u011bkujeme za pochopen\u00ed.<\/strong><\/p>\n","protected":false},"excerpt":{"rendered":"<p>Od 12. srpna do 19. srpna 2022 bude pokladna v&nbsp;s\u00eddle \u010cSC z&nbsp;d\u016fvodu nemoci pan\u00ed pokladn\u00ed uzav\u0159ena.&nbsp; D\u011bkujeme za pochopen\u00ed.<\/p>\n","protected":false},"author":2,"featured_media":0,"comment_status":"closed","ping_status":"open","sticky":false,"template":"","format":"standard","meta":{"footnotes":""},"categories":[28,2],"tags":[119],"class_list":["post-13082","post","type-post","status-publish","format-standard","hentry","category-cesky-svaz-cyklistiky","category-novinky","tag-csc"],"_links":{"self":[{"href":"https:\/\/www.czechcyclingfederation.com\/en\/wp-json\/wp\/v2\/posts\/13082","targetHints":{"allow":["GET"]}}],"collection":[{"href":"https:\/\/www.czechcyclingfederation.com\/en\/wp-json\/wp\/v2\/posts"}],"about":[{"href":"https:\/\/www.czechcyclingfederation.com\/en\/wp-json\/wp\/v2\/types\/post"}],"author":[{"embeddable":true,"href":"https:\/\/www.czechcyclingfederation.com\/en\/wp-json\/wp\/v2\/users\/2"}],"replies":[{"embeddable":true,"href":"https:\/\/www.czechcyclingfederation.com\/en\/wp-json\/wp\/v2\/comments?post=13082"}],"version-history":[{"count":2,"href":"https:\/\/www.czechcyclingfederation.com\/en\/wp-json\/wp\/v2\/posts\/13082\/revisions"}],"predecessor-version":[{"id":13084,"href":"https:\/\/www.czechcyclingfederation.com\/en\/wp-json\/wp\/v2\/posts\/13082\/revisions\/13084"}],"wp:attachment":[{"href":"https:\/\/www.czechcyclingfederation.com\/en\/wp-json\/wp\/v2\/media?parent=13082"}],"wp:term":[{"taxonomy":"category","embeddable":true,"href":"https:\/\/www.czechcyclingfederation.com\/en\/wp-json\/wp\/v2\/categories?post=13082"},{"taxonomy":"post_tag","embeddable":true,"href":"https:\/\/www.czechcyclingfederation.com\/en\/wp-json\/wp\/v2\/tags?post=13082"}],"curies":[{"name":"wp","href":"https:\/\/api.w.org\/{rel}","templated":true}]}}