{"id":13073,"date":"2022-08-08T12:40:31","date_gmt":"2022-08-08T10:40:31","guid":{"rendered":"https:\/\/www.czechcyclingfederation.com\/?p=13073"},"modified":"2022-08-08T12:40:33","modified_gmt":"2022-08-08T10:40:33","slug":"zaver-sp-v-quebecu-jahoda-4-koblasa-a-sejna-5","status":"publish","type":"post","link":"https:\/\/www.czechcyclingfederation.com\/en\/zaver-sp-v-quebecu-jahoda-4-koblasa-a-sejna-5\/","title":{"rendered":"Z\u00e1v\u011br SP v Quebecu: Jahoda 4., Koblasa a \u0160ejna 5."},"content":{"rendered":"\n<p>O v\u00edkendu vrcholil v kanadsk\u00e9m Quebecu fin\u00e1lov\u00fd z\u00e1vod sv\u011btov\u00e9ho poh\u00e1ru v para cyklistice hromadn\u00fdm z\u00e1vodem jednotliv\u00fdch kategori\u00ed. Tentokr\u00e1t se sice \u010desk\u00fdm reprezentant\u016fm nepoda\u0159ilo vybojovat cenn\u00fd kov, ale sv\u00fdmi v\u00fdkony rozhodn\u011b nezklamali.<\/p>\n\n\n\n<p> Nejprve se o bronzovou medaili popral Patrik Jahoda. Nakonec z toho bylo nepopul\u00e1rn\u00ed \u010dtvrt\u00e9 m\u00edsto, ale p\u0159ed nadch\u00e1zej\u00edc\u00edm mistrovstv\u00ed sv\u011bta slibn\u00fd v\u00fdsledek. Patrik se um\u00edstil t\u011bsn\u011b za sv\u00fdm rivalem z\u00a0Finska Teppo Polvim. Oba borce od sebe d\u011blilo pouh\u00fdch 17 sekund. &#8220;<em>Cht\u011bl jsem zkusit z\u00e1vodit jin\u00fdm stylem ne\u017e v minul\u00e9m silni\u010dn\u00edm z\u00e1vod\u011b. Minule jsem se sna\u017eil z\u00e1vod rozhodnout hned na za\u010d\u00e1tku a od startu jet na pln\u00fd plyn, co\u017e nakonec nevy\u0161lo. Dnes jsem cht\u011bl jet chyt\u0159eji, \u0161et\u0159it s\u00edly, vybudovat si n\u00e1skok v technick\u00e9 \u010d\u00e1sti trati a udr\u017eet ho v posledn\u00edm stoup\u00e1n\u00ed. C\u00edtil jsem se dob\u0159e a dr\u017eel jsem se pl\u00e1nu. V posledn\u00edm kole jsem za\u010dal \u00fato\u010dit v\u017edy tam, kde jsem m\u011bl p\u0159evahu. Bohu\u017eel se mi nepovedlo vytvo\u0159it si rozhoduj\u00edc\u00ed n\u00e1skok, a tak jsem do posledn\u00edho stoup\u00e1n\u00ed najel na t\u0159et\u00ed pozici s n\u00e1skokem cca 30 metr\u016f na Fina. Posledn\u00ed 2 km do kopce byly opravdu na \u00fapln\u00e9 maximum a n\u011bkolikr\u00e1t jsem si s Finem prohodil pozici, ale v\u017edy jeden druh\u00e9ho dojel zp\u011bt. Na posledn\u00edch 500 metrech se projevila Finova ni\u017e\u0161\u00ed v\u00e1ha a vy\u0161\u0161\u00ed v\u00fdkonnost a v m\u00edst\u011b, kde se kopec je\u0161t\u011b ut\u00e1hl, mi Fin ujel o cca 20 metr\u016f, kter\u00e9 udr\u017eel a\u017e do c\u00edle. Dal jsem do toho v\u0161e, bohu\u017eel to dnes o kous\u00ed\u010dek na bednu nevy\u0161lo.<\/em>&#8221; Hodnotil sv\u016fj v\u00fdkon Patrik v\u00a0t\u00fdmov\u00e9m stanu.<\/p>\n\n\n\n<p>Stejn\u011b jako Patrik, tak\u00e9 Roman \u0160ejna si \u201epohor\u0161il\u201c o jedno m\u00edsto oproti \u010dasovce. Roman po prvn\u00edm kole \u00fato\u010dil na medaili, ale bohu\u017eel se musel vypo\u0159\u00e1dat s\u00a0p\u00e1dem a bral kone\u010dn\u00e9 5.m\u00edsto. V\u00fdkon \u0160ejny hodnot\u00ed jeho tren\u00e9r Lubo\u0161 Jirka takto: \u201e<em>V silni\u010dn\u00edm z\u00e1vod\u011b Roman bojoval o medaile, av\u0161ak po p\u00e1du z\u00edskal \u201epouze\u201c p\u00e1t\u00e9 m\u00edsto. Je to velk\u00e1 \u0161koda, ale m\u00e1 \u0161anci na repar\u00e1t na bl\u00ed\u017e\u00edc\u00edm se Mistrovstv\u00ed sv\u011bta, kter\u00e9 se kon\u00e1 za t\u00fdden v\u00a0Baie-Comeau.<\/em>\u201c<\/p>\n\n\n\n<p>V ned\u011bli zavr\u0161ili svou \u00fa\u010dast na sv\u011btov\u00e9m poh\u00e1ru cyklist\u00e9 kategorie C2 Ivo Koblasa a Michal Stark. Ivo Koblasa zajel v\u00fdborn\u00fd v\u00fdsledek, kdy\u017e si v z\u00e1v\u011bre\u010dn\u00e9m spurtu dojel pro p\u00e1t\u00e9 m\u00edsto.  Z\u00e1vod Iva hodnotil Ivo Koblasa star\u0161\u00ed \u2013 Iv\u016fv osobn\u00ed mana\u017eer: &#8221; <em>Ivo si cht\u011bl vylep\u0161it sv\u00e9 um\u00edst\u011bn\u00ed z \u010dasovky, kde skon\u010dil sedm\u00fd. Od prvn\u00edch metr\u016f ud\u00e1vala tempo p\u0159edev\u0161\u00edm skupina francouzsk\u00fdch cyklist\u016f, kter\u00e1 sv\u00fdm po\u010detn\u00edm zastoupen\u00edm p\u0159evy\u0161ovala ostatn\u00ed st\u00e1ty a bylo to zn\u00e1t &#8211; po technick\u00fdch pas\u00e1\u017e\u00edch n\u00e1sledovalo stoup\u00e1n\u00ed a pr\u00e1v\u011b zde si cyklist\u00e9 nastupovali. Ivo se sna\u017eil sj\u00ed\u017ed\u011bt jednotliv\u00e9 n\u00e1stupy a aktivn\u011b pracovat ve vedouc\u00ed skupin\u011b, co\u017e se mu da\u0159ilo do p\u016flky posledn\u00edho okruhu, kdy v technick\u00e9m \u00faseku do stoup\u00e1n\u00ed nastoupilo \u010delo z\u00e1vodu, v tomto m\u00edst\u011b se Ivo pohyboval kolem 10. m\u00edsta. Z\u00e1vodn\u00edci jedouc\u00ed v \u010dele pelotonu vyu\u017eili tohoto technick\u00e9ho \u00faseku a z\u00edskali rozhoduj\u00edc\u00ed n\u00e1skok. Po tomto n\u00e1stupu se Ivo zam\u011b\u0159il na boj o 5. m\u00edsto, kter\u00e9 uh\u00e1jil sv\u00fdm razantn\u00edm spurtem.<\/em>\u201c<\/p>\n\n\n\n<p>Zlep\u0161en\u00ed oproti \u010dasovce zaznamenal tak\u00e9 veter\u00e1n Michal Stark, kter\u00fd bral solidn\u00ed 12.m\u00edsto a sv\u016fj silni\u010dn\u00ed z\u00e1vod opep\u0159il vyhran\u00fdm z\u00e1v\u011bre\u010dn\u00fdm spurtem. Michal na\u0161el po z\u00e1vod\u011b tato slova: \u201e<em>U\u017e jsem to n\u011bkde zmi\u0148oval. Z \u010dasovk\u00e1\u0159e se na star\u00e9 koleno st\u00e1v\u00e1m silni\u010d\u00e1\u0159em \u2013 spurt\u00e9rem. \u010celo z\u00e1vodu jsem si nechal hloup\u011b ujet hned pod kopcem. Pot\u00e9 jsem sb\u00edral dal\u0161\u00ed z\u00e1vodn\u00edky a v\u011bt\u0161inu z\u00e1vodu jsme objeli ve skupince 4 z\u00e1vodn\u00edk\u016f. Pot\u011b\u0161il m\u011b v\u00edt\u011bzn\u00fd spurt. 12. m\u00edsto nen\u00ed \u0161patn\u00e9, ale je st\u00e1le co zlep\u0161ovat.<\/em>\u201c<\/p>\n\n\n\n<p>Nyn\u00ed \u010dek\u00e1 reprezentanty p\u0159esun do Baie-Comeau na vrchol sez\u00f3ny \u2013 sv\u011btov\u00fd \u0161ampion\u00e1t, kam se v\u00fdprava vyd\u00e1 ji\u017e v\u00a0pond\u011bln\u00edch rann\u00edch hodin\u00e1ch a ve\u010der ji\u017e chyst\u00e1 prvn\u00ed t\u00fdmov\u00e9 tr\u00e9ninky na trati, kde se bude letos konat MS v\u00a0silni\u010dn\u00ed para-cyklistice. Z\u00e1vody za\u010d\u00ednaj\u00ed \u010dasovkami handbik\u016f a tricykl\u016f ve \u010dtvrtek, 11.8.2022.<\/p>\n\n\n\n<p><strong><u>V\u00fdsledkov\u00fd servis (SP Quebec, silni\u010dn\u00ed z\u00e1vod, 6.8.2022):<\/u><\/strong><\/p>\n\n\n\n<p><strong>MH1:<\/strong><\/p>\n\n\n\n<ol class=\"wp-block-list\" type=\"1\"><li>HORDIES, Maxime (BEL), 1:13:14<\/li><li>CORNEGLIANI, Fabrizio (ITA), 1:13:19 (+00:05)<\/li><li>POLVI, Teppo (FIN), 1:16:16 (+03:02) &#8230; 4. <strong>JAHODA, Patrik (CZE), 1:16:33 (+03:19)<\/strong><\/li><\/ol>\n\n\n\n<p><strong>MT1:<\/strong><\/p>\n\n\n\n<ol class=\"wp-block-list\" type=\"1\"><li>FARRONI, Giorgio (ITA), 0:52:19<\/li><li>CLEMENT, Nathan (CAN), 0:57:55 (+05:36)<\/li><li>GARCIA ABELLA, Gonzalo (ESP), 0:57:55 (+05:36) &#8230; <strong>5. \u0160EJNA Roman (CZE), 1:04:22 (+12:03)<\/strong><\/li><\/ol>\n\n\n\n<p><strong><u>V\u00fdsledkov\u00fd servis (SP Quebec, silni\u010dn\u00ed z\u00e1vod, 7.8.2022):<\/u><\/strong><\/p>\n\n\n\n<p><strong>MC2:<\/strong><\/p>\n\n\n\n<ol class=\"wp-block-list\" type=\"1\"><li>LEAUTE, Alexandre (FRA), 1:38:33<\/li><li>VROMANT, Ewoud (BEL), 1:38:35 (+00:02)<\/li><li>CHAPEAU, Florian (FRA), 1:38:36 (+00:03) &#8230; <strong>5. KOBLASA Ivo (CZE), 1:39:32 (+00:59)<\/strong> &#8230; <strong>12. STARK Michal (CZE), 1:53:15 (+14:42)<\/strong><\/li><\/ol>\n\n\n\n<figure class=\"wp-block-image size-large\"><img decoding=\"async\" src=\"https:\/\/www.czechcyclingfederation.com\/wp-content\/uploads\/2022\/08\/WhatsApp-Image-2022-08-06-at-18.28.20-1024x768.jpeg\" alt=\"\" class=\"wp-image-13074\"\/><\/figure>\n\n\n\n<figure class=\"wp-block-image size-large\"><img loading=\"lazy\" decoding=\"async\" width=\"1024\" height=\"768\" src=\"https:\/\/www.czechcyclingfederation.com\/wp-content\/uploads\/2022\/08\/WhatsApp-Image-2022-08-06-at-18.27.40-1024x768.jpeg\" alt=\"\" class=\"wp-image-13075\" srcset=\"https:\/\/www.czechcyclingfederation.com\/wp-content\/uploads\/2022\/08\/WhatsApp-Image-2022-08-06-at-18.27.40-1024x768.jpeg 1024w, https:\/\/www.czechcyclingfederation.com\/wp-content\/uploads\/2022\/08\/WhatsApp-Image-2022-08-06-at-18.27.40-267x200.jpeg 267w, https:\/\/www.czechcyclingfederation.com\/wp-content\/uploads\/2022\/08\/WhatsApp-Image-2022-08-06-at-18.27.40-768x576.jpeg 768w, https:\/\/www.czechcyclingfederation.com\/wp-content\/uploads\/2022\/08\/WhatsApp-Image-2022-08-06-at-18.27.40-1536x1152.jpeg 1536w, https:\/\/www.czechcyclingfederation.com\/wp-content\/uploads\/2022\/08\/WhatsApp-Image-2022-08-06-at-18.27.40-1320x990.jpeg 1320w, https:\/\/www.czechcyclingfederation.com\/wp-content\/uploads\/2022\/08\/WhatsApp-Image-2022-08-06-at-18.27.40.jpeg 2016w\" sizes=\"auto, (max-width: 1024px) 100vw, 1024px\" \/><\/figure>\n\n\n\n<figure class=\"wp-block-image size-large\"><img loading=\"lazy\" decoding=\"async\" width=\"1024\" height=\"768\" src=\"https:\/\/www.czechcyclingfederation.com\/wp-content\/uploads\/2022\/08\/WhatsApp-Image-2022-08-07-at-01.59.48-1024x768.jpeg\" alt=\"\" class=\"wp-image-13076\" srcset=\"https:\/\/www.czechcyclingfederation.com\/wp-content\/uploads\/2022\/08\/WhatsApp-Image-2022-08-07-at-01.59.48-1024x768.jpeg 1024w, https:\/\/www.czechcyclingfederation.com\/wp-content\/uploads\/2022\/08\/WhatsApp-Image-2022-08-07-at-01.59.48-267x200.jpeg 267w, https:\/\/www.czechcyclingfederation.com\/wp-content\/uploads\/2022\/08\/WhatsApp-Image-2022-08-07-at-01.59.48-768x576.jpeg 768w, https:\/\/www.czechcyclingfederation.com\/wp-content\/uploads\/2022\/08\/WhatsApp-Image-2022-08-07-at-01.59.48-1536x1152.jpeg 1536w, https:\/\/www.czechcyclingfederation.com\/wp-content\/uploads\/2022\/08\/WhatsApp-Image-2022-08-07-at-01.59.48-1320x990.jpeg 1320w, https:\/\/www.czechcyclingfederation.com\/wp-content\/uploads\/2022\/08\/WhatsApp-Image-2022-08-07-at-01.59.48.jpeg 1600w\" sizes=\"auto, (max-width: 1024px) 100vw, 1024px\" \/><\/figure>\n\n\n\n<figure class=\"wp-block-image size-large\"><img loading=\"lazy\" decoding=\"async\" width=\"1024\" height=\"768\" src=\"https:\/\/www.czechcyclingfederation.com\/wp-content\/uploads\/2022\/08\/WhatsApp-Image-2022-08-07-at-18.41.37-1024x768.jpeg\" alt=\"\" class=\"wp-image-13077\" srcset=\"https:\/\/www.czechcyclingfederation.com\/wp-content\/uploads\/2022\/08\/WhatsApp-Image-2022-08-07-at-18.41.37-1024x768.jpeg 1024w, https:\/\/www.czechcyclingfederation.com\/wp-content\/uploads\/2022\/08\/WhatsApp-Image-2022-08-07-at-18.41.37-267x200.jpeg 267w, https:\/\/www.czechcyclingfederation.com\/wp-content\/uploads\/2022\/08\/WhatsApp-Image-2022-08-07-at-18.41.37-768x576.jpeg 768w, https:\/\/www.czechcyclingfederation.com\/wp-content\/uploads\/2022\/08\/WhatsApp-Image-2022-08-07-at-18.41.37-1536x1152.jpeg 1536w, https:\/\/www.czechcyclingfederation.com\/wp-content\/uploads\/2022\/08\/WhatsApp-Image-2022-08-07-at-18.41.37-1320x990.jpeg 1320w, https:\/\/www.czechcyclingfederation.com\/wp-content\/uploads\/2022\/08\/WhatsApp-Image-2022-08-07-at-18.41.37.jpeg 2016w\" sizes=\"auto, (max-width: 1024px) 100vw, 1024px\" \/><\/figure>\n\n\n\n<figure class=\"wp-block-image size-large\"><img loading=\"lazy\" decoding=\"async\" width=\"1024\" height=\"768\" src=\"https:\/\/www.czechcyclingfederation.com\/wp-content\/uploads\/2022\/08\/WhatsApp-Image-2022-08-07-at-18.41.48-1024x768.jpeg\" alt=\"\" class=\"wp-image-13078\" srcset=\"https:\/\/www.czechcyclingfederation.com\/wp-content\/uploads\/2022\/08\/WhatsApp-Image-2022-08-07-at-18.41.48-1024x768.jpeg 1024w, https:\/\/www.czechcyclingfederation.com\/wp-content\/uploads\/2022\/08\/WhatsApp-Image-2022-08-07-at-18.41.48-267x200.jpeg 267w, https:\/\/www.czechcyclingfederation.com\/wp-content\/uploads\/2022\/08\/WhatsApp-Image-2022-08-07-at-18.41.48-768x576.jpeg 768w, https:\/\/www.czechcyclingfederation.com\/wp-content\/uploads\/2022\/08\/WhatsApp-Image-2022-08-07-at-18.41.48-1536x1152.jpeg 1536w, https:\/\/www.czechcyclingfederation.com\/wp-content\/uploads\/2022\/08\/WhatsApp-Image-2022-08-07-at-18.41.48-1320x990.jpeg 1320w, https:\/\/www.czechcyclingfederation.com\/wp-content\/uploads\/2022\/08\/WhatsApp-Image-2022-08-07-at-18.41.48.jpeg 2016w\" sizes=\"auto, (max-width: 1024px) 100vw, 1024px\" \/><\/figure>\n\n\n\n<figure class=\"wp-block-image size-large\"><img loading=\"lazy\" decoding=\"async\" width=\"1024\" height=\"768\" src=\"https:\/\/www.czechcyclingfederation.com\/wp-content\/uploads\/2022\/08\/WhatsApp-Image-2022-08-07-at-18.41.46-1024x768.jpeg\" alt=\"\" class=\"wp-image-13079\" srcset=\"https:\/\/www.czechcyclingfederation.com\/wp-content\/uploads\/2022\/08\/WhatsApp-Image-2022-08-07-at-18.41.46-1024x768.jpeg 1024w, https:\/\/www.czechcyclingfederation.com\/wp-content\/uploads\/2022\/08\/WhatsApp-Image-2022-08-07-at-18.41.46-267x200.jpeg 267w, https:\/\/www.czechcyclingfederation.com\/wp-content\/uploads\/2022\/08\/WhatsApp-Image-2022-08-07-at-18.41.46-768x576.jpeg 768w, https:\/\/www.czechcyclingfederation.com\/wp-content\/uploads\/2022\/08\/WhatsApp-Image-2022-08-07-at-18.41.46-1536x1152.jpeg 1536w, https:\/\/www.czechcyclingfederation.com\/wp-content\/uploads\/2022\/08\/WhatsApp-Image-2022-08-07-at-18.41.46-1320x990.jpeg 1320w, https:\/\/www.czechcyclingfederation.com\/wp-content\/uploads\/2022\/08\/WhatsApp-Image-2022-08-07-at-18.41.46.jpeg 2016w\" sizes=\"auto, (max-width: 1024px) 100vw, 1024px\" \/><\/figure>\n","protected":false},"excerpt":{"rendered":"<p>O v\u00edkendu vrcholil v kanadsk\u00e9m Quebecu fin\u00e1lov\u00fd z\u00e1vod sv\u011btov\u00e9ho poh\u00e1ru v para cyklistice hromadn\u00fdm z\u00e1vodem jednotliv\u00fdch kategori\u00ed. Tentokr\u00e1t se sice \u010desk\u00fdm reprezentant\u016fm nepoda\u0159ilo vybojovat cenn\u00fd kov, ale sv\u00fdmi v\u00fdkony rozhodn\u011b nezklamali. Nejprve se o bronzovou medaili popral Patrik Jahoda. Nakonec z toho bylo nepopul\u00e1rn\u00ed \u010dtvrt\u00e9 m\u00edsto, ale p\u0159ed nadch\u00e1zej\u00edc\u00edm mistrovstv\u00ed sv\u011bta slibn\u00fd v\u00fdsledek. Patrik se [&hellip;]<\/p>\n","protected":false},"author":3,"featured_media":13074,"comment_status":"closed","ping_status":"open","sticky":false,"template":"","format":"standard","meta":{"footnotes":""},"categories":[2,99,103],"tags":[62],"class_list":["post-13073","post","type-post","status-publish","format-standard","has-post-thumbnail","hentry","category-novinky","category-paracyklistika","category-reprezentace","tag-paracyklistika"],"_links":{"self":[{"href":"https:\/\/www.czechcyclingfederation.com\/en\/wp-json\/wp\/v2\/posts\/13073","targetHints":{"allow":["GET"]}}],"collection":[{"href":"https:\/\/www.czechcyclingfederation.com\/en\/wp-json\/wp\/v2\/posts"}],"about":[{"href":"https:\/\/www.czechcyclingfederation.com\/en\/wp-json\/wp\/v2\/types\/post"}],"author":[{"embeddable":true,"href":"https:\/\/www.czechcyclingfederation.com\/en\/wp-json\/wp\/v2\/users\/3"}],"replies":[{"embeddable":true,"href":"https:\/\/www.czechcyclingfederation.com\/en\/wp-json\/wp\/v2\/comments?post=13073"}],"version-history":[{"count":1,"href":"https:\/\/www.czechcyclingfederation.com\/en\/wp-json\/wp\/v2\/posts\/13073\/revisions"}],"predecessor-version":[{"id":13080,"href":"https:\/\/www.czechcyclingfederation.com\/en\/wp-json\/wp\/v2\/posts\/13073\/revisions\/13080"}],"wp:featuredmedia":[{"embeddable":true,"href":"https:\/\/www.czechcyclingfederation.com\/en\/wp-json\/wp\/v2\/media\/13074"}],"wp:attachment":[{"href":"https:\/\/www.czechcyclingfederation.com\/en\/wp-json\/wp\/v2\/media?parent=13073"}],"wp:term":[{"taxonomy":"category","embeddable":true,"href":"https:\/\/www.czechcyclingfederation.com\/en\/wp-json\/wp\/v2\/categories?post=13073"},{"taxonomy":"post_tag","embeddable":true,"href":"https:\/\/www.czechcyclingfederation.com\/en\/wp-json\/wp\/v2\/tags?post=13073"}],"curies":[{"name":"wp","href":"https:\/\/api.w.org\/{rel}","templated":true}]}}