{"id":13061,"date":"2022-08-07T17:18:01","date_gmt":"2022-08-07T15:18:01","guid":{"rendered":"https:\/\/www.czechcyclingfederation.com\/?p=13061"},"modified":"2022-08-08T10:51:10","modified_gmt":"2022-08-08T08:51:10","slug":"ital-rota-vyhral-sazka-tour-kukrle-druhy-ve-sternberku","status":"publish","type":"post","link":"https:\/\/www.czechcyclingfederation.com\/en\/ital-rota-vyhral-sazka-tour-kukrle-druhy-ve-sternberku\/","title":{"rendered":"Ital Rota vyhr\u00e1l Sazka Tour, Kukrle druh\u00fd ve \u0160ternberku"},"content":{"rendered":"\n<p>Italsk\u00fd jezdec Lorenzo Rota ze st\u00e1je Intermarch\u00e9 \u2013 Wanty \u2013 Gobert Mat\u00e9riaux vyhr\u00e1l 14. ro\u010dn\u00edk z\u00e1vodu druh\u00e9 kategorie kalend\u00e1\u0159e UCI Sazka Tour. Z\u00e1v\u011bre\u010dnbou etrapu ze \u0160umperku do \u0160ternberku vyhr\u00e1l po 180 kilometrech francouzsk\u00fd jezdec Alexis Guerin, druh\u00fd byl Michael Kukrle z Elkov Kasper. Nejlep\u0161\u00edm \u010cechem v celkov\u00e9m hodnocen\u00ed se stal Jan Hirt (Intermarch\u00e9 \u2013 Wanty \u2013 Gobert Mat\u00e9riaux), kter\u00fd obsadil jeden\u00e1ct\u00e9 m\u00edsto.<\/p>\n\n\n\n<p>Po dvaceti kilometrech ujela z pelotonu pom\u011brn\u011b po\u010den\u00e1 skupina, k p\u016fvodn\u00ed dvan\u00e1ctce, v n\u00ed\u017e byl z na\u0161ich jezdc\u016f krom\u011b Kukrleho je\u0161t\u011b Daniel Turek (Team Felbermayr \u2013 Simplon Wels) a Karel Camrda (ATT Investment) se p\u0159idali postupn\u011b je\u0161t\u011b dal\u0161\u00ed jezdci a postupn\u011b po p\u0159ejezdu \u010cernohorsk\u00e9ho sedla, a dal\u0161\u00edch vrcha\u0159sk\u00fdch pr\u00e9mi\u00ed na Vidly, Ly\u0159e a Hv\u011bzd\u011b narostl jejich n\u00e1skok na \u010dty\u0159i a p\u016fl minuty a v ten moment do\u0161lo k virtu\u00e1ln\u00ed zm\u011bn\u011b na \u010dele po\u0159ad\u00ed, na n\u011b\u017e se posunul Nizozemec Mathijs Paasschens.<\/p>\n\n\n\n<p>To si nebezpe\u010d\u00ed uv\u011bdomili jezdci st\u00e1je Intermarch\u00e9 \u2013 Wanty \u2013 Gobert Mat\u00e9riaux a zrychlen\u00edm za\u010dali ztr\u00e1tu umaz\u00e1vat. Ov\u0161em je\u0161t\u011b p\u0159i n\u00e1jezdu na okruhy kolem c\u00edlov\u00e9ho m\u011bsta byly zda\u0159il\u00fdm n\u00e1stupem vep\u0159edu jen Guerin a Kukrle, skupina nejv\u011bt\u0161\u00edch favorit\u016f ztr\u00e1cela \u010dty\u0159i minuty.<\/p>\n\n\n\n<p>A pr\u00e1v\u011b v n\u00ed se rozhodovalo o osudu nesm\u00edrn\u011b dramatick\u00e9ho z\u00e1vodu. Do c\u00edlov\u00e9 rovinky vjel na t\u0159et\u00edm m\u00edst\u011b D\u00e1n Anthon Charming, p\u011bt metr\u016f za n\u00edm jel Rota. Kdyby to tak vydr\u017eelo a\u017e do c\u00edlov\u00e9 p\u00e1sky, tak by se Charming v celkov\u00e9 klasifikaci d\u00edky \u010dty\u0159vte\u0159inov\u00e9 bonifikaci posunul na prvn\u00ed m\u00edsto, kdy\u017e p\u0159ed startem zaost\u00e1val o jedinou vte\u0159inu. Ale Rota spurt nevzdal a doslova na p\u00e1sce se p\u0159ed sv\u00e9ho soupe\u0159e dostal a po prvn\u00ed v\u00edt\u011bzn\u00e9 etap\u011b na Pustevn\u00e1ch mohl slavit i premi\u00e9rov\u00fd triumf v etapov\u00e9m z\u00e1vodu.&nbsp;<\/p>\n\n\n\n<p>\u201eDnes je m\u016fj \u0161\u0165astn\u00fd den. T\u00fdm \u010dty\u0159i dny makal a p\u0159ineslo to ovoce,\u201c radoval se Rota. \u201eBylo to n\u00e1ro\u010dn\u00e9, ale jsem spokojen\u00fd. Ten \u00fanik dnes nebyl probl\u00e9m, to jsme v\u011bd\u011bli, \u017ee dojedeme, ale z\u00e1v\u011br byl dramatick\u00fd,\u201c hodnotil Rota.<\/p>\n\n\n\n<p>Dvojice vep\u0159edu mal\u00fd n\u00e1skok uh\u00e1jila, ale ke spurtu nedo\u0161lo. V posledn\u00edm stoup\u00e1n\u00ed Guerin dok\u00e1zal Kukrlemu poodjet a se \u010dty\u0159vte\u0159inov\u00fdm n\u00e1skokem dok\u00e1zal etapu vyhr\u00e1t. &#8220;I tak jsem spokojen, byl zkr\u00e1tka v z\u00e1v\u011bru lep\u0161\u00ed,&#8221; uznal jezdec st\u00e1je Elkov Kasper. &#8220;Dobrou formu jsem m\u011bl v \u00favodu sezony, ale po nemoci p\u0159ed m\u011bs\u00edcem se do n\u00ed teprve vrac\u00edm. M\u00e1m ale radost, \u017ee mi to op\u011bt za\u010d\u00edn\u00e1 jezdit,&#8221; pokra\u010doval. \u201e\u00danik se rodil dlouho a slo\u017eit\u011b, \u0161li po n\u00e1s, bylo to hodn\u011b t\u011b\u017ek\u00e9 se tam dostat, prvn\u00ed t\u0159i kopce jsme museli hodn\u011b jet rychle. Ze skupiny ujel p\u0159ed Moravsk\u00fdm Berounem, z\u00edskal n\u00e1skok a p\u0159idal se k n\u011bmu Guerin. \u201eTo jsem byl r\u00e1d, spolupracovali jsme do posledn\u00edho kopce,\u201c \u0159ekl Kukrle. U\u017e p\u0159ed z\u00e1vodem si Kukrle v\u011b\u0159il pr\u00e1v\u011b na prvn\u00ed a posledn\u00ed etapu. \u201cJsem r\u00e1d, \u017ee se mi to povedlo, \u017ee jsem byl vid\u011bt, \u017ee jsem ud\u011blal dobr\u00e9 v\u00fdsledky. V t\u00e9 prvn\u00ed etap\u011b jsem to mohl jet v z\u00e1v\u011bru jinak, ale dneska to bylo na v\u00fdkonnost, to l\u00e9pe ne\u0161lo. V\u011b\u0159\u00edm, \u017ee mi ty v\u00fdsledky pomohou pro dal\u0161\u00ed v\u00fdvoj sezony. Chci se p\u0159ipravit hlavn\u011b na mistrovstv\u00ed sv\u011bta, to je pro m\u011b velk\u00e1 motivace,\u201c doplnil Kukrle.&nbsp;&nbsp;&nbsp;<\/p>\n\n\n\n<p>V\u00fdsledky:<\/p>\n\n\n\n<p>4. etapa: \u0160umperk &#8211; \u0160ternberk (180 km):<\/p>\n\n\n\n<p>1. Guerin (Fr.) 4:28:45, 2. Kukrle (Elkov Kasper) +4, 3. Rota (It.), 4. Charming (D\u00e1n.), 5. Colleoni (It.) 6. Paasschens (Niz) v\u0161ichni +28, &#8230;12. Hirt (Intermarch\u00e9 \u2013 Wanty \u2013 Gobert Mat\u00e9riaux) +50, 17. Otruba (Elkov Kasper) +59, 22. Schuran (ATT Investments) +1:46, 28. Petru\u0161 (ATT Investments) +2:01, 35. Bittner (Development Team DSM) +3:24, 38. Turek (Team Felbermayr \u2013 Simplon Wels), 39. Neuman oba +3:39, 42. J. B\u00e1rta (oba Elkov Kasper) +3:54, 43. Heming (N\u011bm\/ATT Investments) +4:35.<\/p>\n\n\n\n<p>Kone\u010dn\u00e9 po\u0159ad\u00ed:<\/p>\n\n\n\n<ol class=\"wp-block-list\"><li>Rota 17:34:43, 2. Charming +6, 3. Colleoni +8, 4. Zana +8, 5. Staune Mittet (Niz.) +14, 6. Ryan (Ir.) +20, \u202611. Hirt+1:26, 26. Schuran +6:36, 37. Otruba +12:00, 39. Kukrle +12:19, 40. T. Kopeck\u00fd (Abloc CT) +12:20, 41. Turek +12:26, 44. J. B\u00e1rta +13:01, 49. Neuman +15:18, 51. Heming +17:09.<\/li><\/ol>\n\n\n\n<p>FOTO Sazka Tour<\/p>\n\n\n\n<figure class=\"wp-block-image size-large\"><img loading=\"lazy\" decoding=\"async\" width=\"1024\" height=\"682\" src=\"http:\/\/www.czechcyclingfederation.com\/wp-content\/uploads\/2022\/08\/stupne-rei_9760-1024x682.jpg\" alt=\"\" class=\"wp-image-13065\" srcset=\"https:\/\/www.czechcyclingfederation.com\/wp-content\/uploads\/2022\/08\/stupne-rei_9760-1024x682.jpg 1024w, https:\/\/www.czechcyclingfederation.com\/wp-content\/uploads\/2022\/08\/stupne-rei_9760-300x200.jpg 300w, https:\/\/www.czechcyclingfederation.com\/wp-content\/uploads\/2022\/08\/stupne-rei_9760-768x512.jpg 768w, https:\/\/www.czechcyclingfederation.com\/wp-content\/uploads\/2022\/08\/stupne-rei_9760-1536x1024.jpg 1536w, https:\/\/www.czechcyclingfederation.com\/wp-content\/uploads\/2022\/08\/stupne-rei_9760-1320x880.jpg 1320w, https:\/\/www.czechcyclingfederation.com\/wp-content\/uploads\/2022\/08\/stupne-rei_9760.jpg 2000w\" sizes=\"auto, (max-width: 1024px) 100vw, 1024px\" \/><\/figure>\n\n\n\n<figure class=\"wp-block-image size-large\"><img loading=\"lazy\" decoding=\"async\" width=\"819\" height=\"1024\" src=\"http:\/\/www.czechcyclingfederation.com\/wp-content\/uploads\/2022\/08\/Hirt-rei_9826-819x1024.jpg\" alt=\"\" class=\"wp-image-13062\" srcset=\"https:\/\/www.czechcyclingfederation.com\/wp-content\/uploads\/2022\/08\/Hirt-rei_9826-819x1024.jpg 819w, https:\/\/www.czechcyclingfederation.com\/wp-content\/uploads\/2022\/08\/Hirt-rei_9826-160x200.jpg 160w, https:\/\/www.czechcyclingfederation.com\/wp-content\/uploads\/2022\/08\/Hirt-rei_9826-768x960.jpg 768w, https:\/\/www.czechcyclingfederation.com\/wp-content\/uploads\/2022\/08\/Hirt-rei_9826-1229x1536.jpg 1229w, https:\/\/www.czechcyclingfederation.com\/wp-content\/uploads\/2022\/08\/Hirt-rei_9826-1320x1650.jpg 1320w, https:\/\/www.czechcyclingfederation.com\/wp-content\/uploads\/2022\/08\/Hirt-rei_9826.jpg 1600w\" sizes=\"auto, (max-width: 819px) 100vw, 819px\" \/><\/figure>\n\n\n\n<figure class=\"wp-block-image size-large\"><img loading=\"lazy\" decoding=\"async\" width=\"1024\" height=\"682\" src=\"http:\/\/www.czechcyclingfederation.com\/wp-content\/uploads\/2022\/08\/Kukrle-1-1024x682.jpg\" alt=\"\" class=\"wp-image-13064\" srcset=\"https:\/\/www.czechcyclingfederation.com\/wp-content\/uploads\/2022\/08\/Kukrle-1-1024x682.jpg 1024w, https:\/\/www.czechcyclingfederation.com\/wp-content\/uploads\/2022\/08\/Kukrle-1-300x200.jpg 300w, https:\/\/www.czechcyclingfederation.com\/wp-content\/uploads\/2022\/08\/Kukrle-1-768x512.jpg 768w, https:\/\/www.czechcyclingfederation.com\/wp-content\/uploads\/2022\/08\/Kukrle-1-1536x1024.jpg 1536w, https:\/\/www.czechcyclingfederation.com\/wp-content\/uploads\/2022\/08\/Kukrle-1-1320x880.jpg 1320w, https:\/\/www.czechcyclingfederation.com\/wp-content\/uploads\/2022\/08\/Kukrle-1.jpg 2000w\" sizes=\"auto, (max-width: 1024px) 100vw, 1024px\" \/><\/figure>\n","protected":false},"excerpt":{"rendered":"<p>Italsk\u00fd jezdec Lorenzo Rota ze st\u00e1je Intermarch\u00e9 \u2013 Wanty \u2013 Gobert Mat\u00e9riaux vyhr\u00e1l 14. ro\u010dn\u00edk z\u00e1vodu druh\u00e9 kategorie kalend\u00e1\u0159e UCI Sazka Tour. Z\u00e1v\u011bre\u010dnbou etrapu ze \u0160umperku do \u0160ternberku vyhr\u00e1l po 180 kilometrech francouzsk\u00fd jezdec Alexis Guerin, druh\u00fd byl Michael Kukrle z Elkov Kasper. Nejlep\u0161\u00edm \u010cechem v celkov\u00e9m hodnocen\u00ed se stal Jan Hirt (Intermarch\u00e9 \u2013 Wanty [&hellip;]<\/p>\n","protected":false},"author":8,"featured_media":13066,"comment_status":"closed","ping_status":"open","sticky":false,"template":"","format":"standard","meta":{"footnotes":""},"categories":[2,18],"tags":[11],"class_list":["post-13061","post","type-post","status-publish","format-standard","has-post-thumbnail","hentry","category-novinky","category-silnice","tag-silnice"],"_links":{"self":[{"href":"https:\/\/www.czechcyclingfederation.com\/en\/wp-json\/wp\/v2\/posts\/13061","targetHints":{"allow":["GET"]}}],"collection":[{"href":"https:\/\/www.czechcyclingfederation.com\/en\/wp-json\/wp\/v2\/posts"}],"about":[{"href":"https:\/\/www.czechcyclingfederation.com\/en\/wp-json\/wp\/v2\/types\/post"}],"author":[{"embeddable":true,"href":"https:\/\/www.czechcyclingfederation.com\/en\/wp-json\/wp\/v2\/users\/8"}],"replies":[{"embeddable":true,"href":"https:\/\/www.czechcyclingfederation.com\/en\/wp-json\/wp\/v2\/comments?post=13061"}],"version-history":[{"count":2,"href":"https:\/\/www.czechcyclingfederation.com\/en\/wp-json\/wp\/v2\/posts\/13061\/revisions"}],"predecessor-version":[{"id":13070,"href":"https:\/\/www.czechcyclingfederation.com\/en\/wp-json\/wp\/v2\/posts\/13061\/revisions\/13070"}],"wp:featuredmedia":[{"embeddable":true,"href":"https:\/\/www.czechcyclingfederation.com\/en\/wp-json\/wp\/v2\/media\/13066"}],"wp:attachment":[{"href":"https:\/\/www.czechcyclingfederation.com\/en\/wp-json\/wp\/v2\/media?parent=13061"}],"wp:term":[{"taxonomy":"category","embeddable":true,"href":"https:\/\/www.czechcyclingfederation.com\/en\/wp-json\/wp\/v2\/categories?post=13061"},{"taxonomy":"post_tag","embeddable":true,"href":"https:\/\/www.czechcyclingfederation.com\/en\/wp-json\/wp\/v2\/tags?post=13061"}],"curies":[{"name":"wp","href":"https:\/\/api.w.org\/{rel}","templated":true}]}}