{"id":13055,"date":"2022-08-06T18:47:51","date_gmt":"2022-08-06T16:47:51","guid":{"rendered":"https:\/\/www.czechcyclingfederation.com\/?p=13055"},"modified":"2022-08-06T18:47:53","modified_gmt":"2022-08-06T16:47:53","slug":"rota-uhajil-zluty-trikot-na-sazka-tour","status":"publish","type":"post","link":"https:\/\/www.czechcyclingfederation.com\/en\/rota-uhajil-zluty-trikot-na-sazka-tour\/","title":{"rendered":"Rota uh\u00e1jil \u017elut\u00fd trikot na Sazka Tour"},"content":{"rendered":"\n<p>Italsk\u00fd jezdec Lorenzo Rota (Intermarch\u00e9 \u2013 Wanty \u2013 Gobert Mat\u00e9riaux) uh\u00e1jil v dne\u0161n\u00ed t\u0159et\u00ed etap\u011b Sazka Tour \u017elut\u00fd trikot vedouc\u00edho jezdce z\u00e1vodu. Ta vedla z Moravsk\u00e9 T\u0159ebov\u00e9 a po 150 kilometrech a dvou v\u00fd\u0161lapech na Dlouh\u00e9 str\u00e1n\u011b a vyhr\u00e1l ji Kamiel Bonneu z Belgie, kter\u00fd v t\u011bsn\u00e9m dojezdu porazil Anthona Charminga z D\u00e1nska. Rota dojel na \u0161est\u00e9m m\u00edst\u011b s odstupem dvou vte\u0159in, co\u017e mu sta\u010dilo.<\/p>\n\n\n\n<p>V\u00fdrazn\u011b mu k tomu pomohl nejlep\u0161\u00ed \u010cech Jan Hirt. V etap\u011b obsadil jeden\u00e1ct\u00e9 m\u00edsto a zejm\u00e9na v z\u00e1v\u011bre\u010dn\u00e9m kopci byl velmi aktivn\u00ed, ov\u0161em pracoval p\u0159edev\u0161\u00edm pro sv\u00e9ho l\u00eddra. \u201eMysl\u00edm, \u017ee dneska jsem mohl za\u00fato\u010dit, m\u011bl jsem nohy na v\u00edt\u011bzstv\u00ed. Ale posledn\u00ed kopec jsem ud\u00e1val tempo kluk\u016fm a jsem moc r\u00e1d, \u017ee to vy\u0161lo a ten \u017elut\u00fd dres jsme udr\u017eeli, i kdy\u017e jsme nebyli na stupn\u00edch v\u00edt\u011bz\u016f. Ostatn\u00ed m\u011bli dnes v z\u00e1v\u011bru lep\u0161\u00ed nohy. Ale z\u00e1vod to byl hezk\u00fd, docela se hodilo, \u017ee se zlep\u0161ilo po\u010das\u00ed a trochu jsme se zchladili a na\u0161t\u011bst\u00ed jsme nezmokli,\u201c zhodnotil etapu Hirt.<\/p>\n\n\n\n<p>Kr\u00e1tce po startu se do \u00faniku dostala po\u010detn\u00e1 skupina dvan\u00e1cti lid\u00ed, v n\u00ed\u017e byli \u010dty\u0159i \u010de\u0161t\u00ed jezdci &#8211; J. B\u00e1rta a Otruba (oba Elkov Kasper), Ka\u0161par (ATT Investments) a Turek (Team Felbermayr \u2013 Simplon Wels). Skupina dlouho dr\u017eela n\u00e1skok, ale asi t\u0159icet kilometr\u016f p\u0159ed c\u00edlem v prvn\u00edm stoup\u00e1n\u00ed na Dlouh\u00e9 str\u00e1n\u011b byli postupn\u011b v\u0161ichni dosti\u017eeni. Hlavn\u00ed peloton se sjel a do druh\u00e9ho v\u00fdjezdu na ob\u00e1van\u00fd kopec v Jesen\u00edk\u00e1ch se vydal pohromad\u011b.<\/p>\n\n\n\n<p>Pak se ale roztrhal, velmi aktivn\u00ed byli pr\u00e1v\u011b jezdci t\u00fdmu Intermarch\u00e9 Wanty Gobert Materiaux. Hirt se dlouho pohyboval a viditeln\u011b se c\u00edtil l\u00e9pe ne\u017e v minul\u00fdch etap\u00e1ch. \u201eDobr\u00e9 to bylo, mohl jsem ud\u011blat v\u00fdsledek i pro sebe, ale bylo pot\u0159eba pomoci t\u00fdmov\u00fdm koleg\u016fm, dodal Hirt.<\/p>\n\n\n\n<p>Z\u00e1v\u011bre\u010dn\u00e1 ned\u011bln\u00ed etapa Sazka Tour m\u011b\u0159\u00ed 180 kilometr\u016f ze \u0160umperka do \u0160ternberka a cyklisty na n\u00ed \u010dek\u00e1 2720 v\u00fd\u0161kov\u00fdch metr\u016f. Je na n\u00ed plno n\u00e1ro\u010dn\u00fdch stoup\u00e1n\u00ed, ale d\u00e1 se o\u010dek\u00e1vat, \u017ee Hirt\u016fv t\u00fdm u\u017e si celkov\u00e9 veden\u00ed pohl\u00edd\u00e1. \u201eZ\u00edtra to bude na\u0161im kluk\u016fm sed\u011bt v\u00edc, m\u00e1 to i v\u00edc technick\u00fd dojezd, tak\u017ee v\u011b\u0159\u00edm, \u017ee to udr\u017e\u00edme,\u201c dodal Hirt.<\/p>\n\n\n\n<p>Velice spokojen\u00fd byl v c\u00edli Jan Ka\u0161par. Vyhr\u00e1l toti\u017e dv\u011b horsk\u00e9 pr\u00e9mie a to jej posunulo co \u010dela klasifikace vrcha\u0159sk\u00e9 sout\u011b\u017ee a v ned\u011bli oble\u010de punt\u00edkat\u00fd dres pro nejlep\u0161\u00edho jezdce t\u00e9to sout\u011b\u017ee.<\/p>\n\n\n\n<p>V\u00fdsledky:<\/p>\n\n\n\n<p>3. etapa: Moravsk\u00e1 T\u0159ebov\u00e1 &#8211; Dlouh\u00e9 str\u00e1n\u011b (149,4 km):<\/p>\n\n\n\n<p>1. Bonneau (Belg.) 3:49:24, 2. Charming (D\u00e1n.), 3. Staume Mittet (Nor.) oba stejn\u00fd \u010das, 4. Colleoni (It.), 5. Zana, 6. Rota (v\u0161ichni It.) v\u0161ichni +2, &#8230;11. Hirt (Intermarch\u00e9 \u2013 Wanty \u2013 Gobert Mat\u00e9riaux) +11, 33. Schuran (ATT Investments) +3:19, 37. T. Kopeck\u00fd (Abloc CT) +3:56, 43. \u0158eha (Elkov Kasper) +5:37, 45. Turek (Team Felbermayr \u2013 Simplon Wels), 46. J. B\u00e1rta (Elkov Kasper) oba 6:30.<\/p>\n\n\n\n<p>Po\u0159ad\u00ed po t\u0159et\u00ed etap\u011b:<\/p>\n\n\n\n<p>1. Rota 13:05:35, 2. Charming +1, 3. Colleoni +3, 4. Zana +3, 5. Onley (Brit.) +4, 6, Staune Mittet +9, &#8230;13. Hirt +59, 26. Schuran +5:13, 32. T. Kopeck\u00fd +7:25, 33. \u0158eha +7:38, 38. Furek +9:11, 39. J. B\u00e1rta +9:30, 44. Otruba +11:26, 48. Neuman +12:03, 50. Kukrle (v\u0161ichni Elkov Kasper) +12:50.<\/p>\n\n\n\n<p>FOTO Sazka Tour<\/p>\n\n\n\n<figure class=\"wp-block-image size-large\"><img loading=\"lazy\" decoding=\"async\" width=\"901\" height=\"642\" src=\"https:\/\/www.czechcyclingfederation.com\/wp-content\/uploads\/2022\/08\/c2e82d1c-f3d0-46a5-aab9-010bbd49f8d6.jpg\" alt=\"\" class=\"wp-image-13057\" srcset=\"https:\/\/www.czechcyclingfederation.com\/wp-content\/uploads\/2022\/08\/c2e82d1c-f3d0-46a5-aab9-010bbd49f8d6.jpg 901w, https:\/\/www.czechcyclingfederation.com\/wp-content\/uploads\/2022\/08\/c2e82d1c-f3d0-46a5-aab9-010bbd49f8d6-281x200.jpg 281w, https:\/\/www.czechcyclingfederation.com\/wp-content\/uploads\/2022\/08\/c2e82d1c-f3d0-46a5-aab9-010bbd49f8d6-768x547.jpg 768w\" sizes=\"auto, (max-width: 901px) 100vw, 901px\" \/><\/figure>\n\n\n\n<figure class=\"wp-block-image size-large\"><img loading=\"lazy\" decoding=\"async\" width=\"1024\" height=\"819\" src=\"https:\/\/www.czechcyclingfederation.com\/wp-content\/uploads\/2022\/08\/podium-1024x819.jpg\" alt=\"\" class=\"wp-image-13058\" srcset=\"https:\/\/www.czechcyclingfederation.com\/wp-content\/uploads\/2022\/08\/podium-1024x819.jpg 1024w, https:\/\/www.czechcyclingfederation.com\/wp-content\/uploads\/2022\/08\/podium-250x200.jpg 250w, https:\/\/www.czechcyclingfederation.com\/wp-content\/uploads\/2022\/08\/podium-768x615.jpg 768w, https:\/\/www.czechcyclingfederation.com\/wp-content\/uploads\/2022\/08\/podium-1536x1229.jpg 1536w, https:\/\/www.czechcyclingfederation.com\/wp-content\/uploads\/2022\/08\/podium-2048x1639.jpg 2048w, https:\/\/www.czechcyclingfederation.com\/wp-content\/uploads\/2022\/08\/podium-1320x1056.jpg 1320w\" sizes=\"auto, (max-width: 1024px) 100vw, 1024px\" \/><\/figure>\n\n\n\n<figure class=\"wp-block-image size-large\"><img loading=\"lazy\" decoding=\"async\" width=\"1024\" height=\"683\" src=\"https:\/\/www.czechcyclingfederation.com\/wp-content\/uploads\/2022\/08\/Hirt-1-1024x683.jpg\" alt=\"\" class=\"wp-image-13059\" srcset=\"https:\/\/www.czechcyclingfederation.com\/wp-content\/uploads\/2022\/08\/Hirt-1-1024x683.jpg 1024w, https:\/\/www.czechcyclingfederation.com\/wp-content\/uploads\/2022\/08\/Hirt-1-300x200.jpg 300w, https:\/\/www.czechcyclingfederation.com\/wp-content\/uploads\/2022\/08\/Hirt-1-768x512.jpg 768w, https:\/\/www.czechcyclingfederation.com\/wp-content\/uploads\/2022\/08\/Hirt-1-1536x1024.jpg 1536w, https:\/\/www.czechcyclingfederation.com\/wp-content\/uploads\/2022\/08\/Hirt-1-2048x1366.jpg 2048w, https:\/\/www.czechcyclingfederation.com\/wp-content\/uploads\/2022\/08\/Hirt-1-1320x880.jpg 1320w\" sizes=\"auto, (max-width: 1024px) 100vw, 1024px\" \/><\/figure>\n","protected":false},"excerpt":{"rendered":"<p>Italsk\u00fd jezdec Lorenzo Rota (Intermarch\u00e9 \u2013 Wanty \u2013 Gobert Mat\u00e9riaux) uh\u00e1jil v dne\u0161n\u00ed t\u0159et\u00ed etap\u011b Sazka Tour \u017elut\u00fd trikot vedouc\u00edho jezdce z\u00e1vodu. Ta vedla z Moravsk\u00e9 T\u0159ebov\u00e9 a po 150 kilometrech a dvou v\u00fd\u0161lapech na Dlouh\u00e9 str\u00e1n\u011b a vyhr\u00e1l ji Kamiel Bonneu z Belgie, kter\u00fd v t\u011bsn\u00e9m dojezdu porazil Anthona Charminga z D\u00e1nska. Rota dojel [&hellip;]<\/p>\n","protected":false},"author":8,"featured_media":13056,"comment_status":"closed","ping_status":"open","sticky":false,"template":"","format":"standard","meta":{"footnotes":""},"categories":[2,18],"tags":[11],"class_list":["post-13055","post","type-post","status-publish","format-standard","has-post-thumbnail","hentry","category-novinky","category-silnice","tag-silnice"],"_links":{"self":[{"href":"https:\/\/www.czechcyclingfederation.com\/en\/wp-json\/wp\/v2\/posts\/13055","targetHints":{"allow":["GET"]}}],"collection":[{"href":"https:\/\/www.czechcyclingfederation.com\/en\/wp-json\/wp\/v2\/posts"}],"about":[{"href":"https:\/\/www.czechcyclingfederation.com\/en\/wp-json\/wp\/v2\/types\/post"}],"author":[{"embeddable":true,"href":"https:\/\/www.czechcyclingfederation.com\/en\/wp-json\/wp\/v2\/users\/8"}],"replies":[{"embeddable":true,"href":"https:\/\/www.czechcyclingfederation.com\/en\/wp-json\/wp\/v2\/comments?post=13055"}],"version-history":[{"count":1,"href":"https:\/\/www.czechcyclingfederation.com\/en\/wp-json\/wp\/v2\/posts\/13055\/revisions"}],"predecessor-version":[{"id":13060,"href":"https:\/\/www.czechcyclingfederation.com\/en\/wp-json\/wp\/v2\/posts\/13055\/revisions\/13060"}],"wp:featuredmedia":[{"embeddable":true,"href":"https:\/\/www.czechcyclingfederation.com\/en\/wp-json\/wp\/v2\/media\/13056"}],"wp:attachment":[{"href":"https:\/\/www.czechcyclingfederation.com\/en\/wp-json\/wp\/v2\/media?parent=13055"}],"wp:term":[{"taxonomy":"category","embeddable":true,"href":"https:\/\/www.czechcyclingfederation.com\/en\/wp-json\/wp\/v2\/categories?post=13055"},{"taxonomy":"post_tag","embeddable":true,"href":"https:\/\/www.czechcyclingfederation.com\/en\/wp-json\/wp\/v2\/tags?post=13055"}],"curies":[{"name":"wp","href":"https:\/\/api.w.org\/{rel}","templated":true}]}}