{"id":13046,"date":"2022-08-05T22:40:38","date_gmt":"2022-08-05T20:40:38","guid":{"rendered":"https:\/\/www.czechcyclingfederation.com\/?p=13046"},"modified":"2022-08-05T22:43:18","modified_gmt":"2022-08-05T20:43:18","slug":"svetovy-pohar-uci-v-silnicni-para-cyklistice-pokracuje-casovkami-stojicich-cyklistu-koblasa-sedmy","status":"publish","type":"post","link":"https:\/\/www.czechcyclingfederation.com\/en\/svetovy-pohar-uci-v-silnicni-para-cyklistice-pokracuje-casovkami-stojicich-cyklistu-koblasa-sedmy\/","title":{"rendered":"Koblasa v \u010dasovce na SP v para cyklistice sedm\u00fd!"},"content":{"rendered":"\n<p>Druh\u00fd den v&nbsp;kanadsk\u00e9 provincii Quebec pokra\u010doval Sv\u011btov\u00fd poh\u00e1r UCI \u010dasovkami. Tentokr\u00e1te se na startovn\u00ed rampu postavili stoj\u00edc\u00ed cyklist\u00e9 z&nbsp;kategorie \u201eC\u201c. \u010cesk\u00fd v\u00fdb\u011br poslal do boje 2 borce z&nbsp;kategorie MC2 \u2013 Ivo Koblasu a Michala Starka.<\/p>\n\n\n\n<p>Z&nbsp;dvoje reprezenta\u010dn\u00edch koleg\u016f se dle o\u010dek\u00e1v\u00e1n\u00ed l\u00e9pe vedlo Koblasovi, kter\u00fd dokon\u010dil svou \u010dasovku v&nbsp;\u010dase 26:44.75, co\u017e Ivovi vyneslo celkov\u00e9 7.m\u00edsto. Osobn\u00ed mana\u017eer Ivo Koblasa star\u0161\u00ed hodnotil v\u00fdstup sv\u00e9ho sv\u011b\u0159ence takto: \u201e<em>Silni\u010dn\u00ed \u010dasovka byla po\u0159adateli postavena v ulic\u00edch m\u011bsta Quebec, co\u017e znamenalo postaven\u00ed velmi technick\u00e9ho okruhu, pln\u00e9ho velk\u00e9ho po\u010dtu ostr\u00fdch zat\u00e1\u010dek. Ivo, co by druh\u00fd mu\u017e sv\u011btov\u00e9ho poh\u00e1ru, startoval 3. od konce startovn\u00edho pole, co\u017e jeho t\u00fdmu umo\u017enilo sledovat pr\u016fb\u011b\u017en\u00e9 \u010dasy nejv\u011bt\u0161\u00edch soupe\u0159\u016f. Vzhledem k technick\u00e9 trati byl t\u00fdmem vyty\u010den Ivovi c\u00edl um\u00edst\u011bn\u00ed v TOP TEN. Ivo na trati poctiv\u011b ttr\u00e9noval,a tak i p\u0159es sv\u016fj handicap s p\u0159echyt\u00e1v\u00e1n\u00edm \u0159id\u00edtek nenechal dnes nikoho na pochyb\u00e1ch, \u017ee vyty\u010den\u00fd c\u00edl spln\u00ed. Ivo na trati udr\u017eoval strojov\u00e9 tempo, kter\u00e9 mu vyneslo 7. m\u00edsto v c\u00edli, co\u017e je velk\u00fd \u00fasp\u011bch a to p\u0159edev\u0161\u00edm k v\u00fdsledn\u00e9mu \u010dasu, kter\u00fd slibuje je\u0161t\u011b lep\u0161\u00ed um\u00edst\u011bn\u00ed na bl\u00ed\u017e\u00edc\u00edm se Mistrovstv\u00ed sv\u011bta.<\/em>\u201c<\/p>\n\n\n\n<p>V\u016fbec jako prvn\u00ed startuj\u00edc\u00ed v&nbsp;kategorii MC2 byl n\u00e1\u0161 druh\u00fd reprezentant \u2013 dlouholet\u00fd reprezenta\u010dn\u00ed veter\u00e1n Michal Stark. Michal zvl\u00e1dnul zajet svou \u010dasovku v&nbsp;\u010dase 31:41.74 a z\u00e1vod dokon\u010dil jako 14. v&nbsp;po\u0159ad\u00ed. Hodnocen\u00ed Michala bezprost\u0159edn\u011b po z\u00e1vod\u011b: \u201e<em>\u010casovka se mi kupodivu nejela \u00fapln\u011b \u0161patn\u011b. St\u00e1le se pot\u00fdk\u00e1m s n\u00e1sledky covidu, ale byl jsem schopn\u00fd ud\u00fdchat vysok\u00e9 tepy. Jedin\u00fdm z\u00e1drhelem byla chvilka kdy m\u011b v kopci dojel pozd\u011bji v\u00edt\u011bzn\u00fd Australan Darren Hicks. Zb\u011bsile jsem se sna\u017eil mu jet alespo\u0148 \u201eoptick\u00e9ho h\u00e1ka\u201c, ale \u0161patn\u011b jsem si p\u0159ehodil a spadl mi \u0159et\u011bz. Cel\u00e1 tato eskap\u00e1da m\u011b st\u00e1la cca p\u016fl minuty. P\u0159esto i kdybych se vyhnul t\u00e9to chyb\u011b, tak bych z\u016fstal na 14.m\u00edst\u011b. Nen\u00ed to zrovna v\u00fdkonnostn\u00ed hitpar\u00e1da, ale v t\u00e9to konkurenci asi maximum mo\u017en\u00e9ho. Silni\u010dn\u00ed z\u00e1vod snad nab\u00eddne v\u00fdsledkov\u00fd posun. Jsme mal\u00fd, ale skv\u011bl\u00fd t\u00fdm! D\u011bkuji v\u0161em za podporu.<\/em>\u201c<\/p>\n\n\n\n<p>V\u00fdkon obou reprezentant\u016f shrnul tak\u00e9 reprezenta\u010dn\u00ed tren\u00e9r Luk\u00e1\u0161 Petr: \u201e<em>Kluci \u201ec\u00e9\u010dka\u0159i\u201c startovali kousek po sob\u011b, tak\u017ee volba mechanick\u00e9ho vozu padla na mlad\u0161\u00edho z nich, Iva. Michal i p\u0159es vlekl\u00e9 probl\u00e9my s Covidem podal hezk\u00fd v\u00fdkon a spadl\u00fd \u0159et\u011bz ve druh\u00e9m okruhu ho mo\u017en\u00e1 p\u0159ipravil o trochu lep\u0161\u00ed um\u00edst\u011bn\u00ed. Ivo \u010dasovku kr\u00e1sn\u011b rozjel, mus\u00edm ho pochv\u00e1lit za zv\u00fd\u0161enou frekvenci \u0161lap\u00e1n\u00ed a profesorsky rozlo\u017een\u00e9 tempo. Oba okruhy zajel ve shodn\u00e9m \u010dase 13:22. Jde vid\u011bt, \u017ee i Ivo na sob\u011b pracuje a douf\u00e1m, \u017ee brzy p\u0159ijde jeho den D.<\/em>\u201c<\/p>\n\n\n\n<p>Z\u00edtra \u010dek\u00e1 na\u0161e borce prvn\u00ed den silni\u010dn\u00edch z\u00e1vod\u016f. \u010casov\u00fd program Sv\u011btov\u00e9ho poh\u00e1ru p\u0159i\u0159adil prvn\u00ed start kategorii MH1, kde se m\u016f\u017eeme t\u011b\u0161it na Patrika Jahodu, kter\u00fd ve \u010dtvrtek vybojoval doposud jedinou medaili pro n\u00e1\u0161 n\u00e1rodn\u00ed t\u00fdm. Patrik startuje v&nbsp;8:02 r\u00e1no m\u00edstn\u00edho \u010dasu (tj. 14:02 v&nbsp;\u010cR). Silni\u010dn\u00ed z\u00e1vod \u010dek\u00e1 z\u00edtra tak\u00e9 Romana \u0160ejnu v&nbsp;kategorii MT1. Romana budeme moci vid\u011bt na startovn\u00edm ro\u0161tu ve 14:00 m\u00edstn\u00edho \u010dasu (tj. 20:00 v&nbsp;\u010cR). Oba borci maj\u00ed medailov\u00e9 ambice, proto jim dr\u017eme palce!<\/p>\n\n\n\n<p><strong><u>V\u00fdsledkov\u00fd servis (SP Quebec, \u010dasovka, 5.8.2022):<\/u><\/strong><\/p>\n\n\n\n<p><strong>MC2:<\/strong><\/p>\n\n\n\n<ol class=\"wp-block-list\" type=\"1\"><li>HICKS Darren (AUS), 25:13.34<\/li><li>LEAUTE Alexandre (FRA), 25:19.18 (+5.84)<\/li><li>VROMANT Ewoud (BEL), 25:24.49 (+11.15) &#8230; <strong>7. KOBLASA Ivo (CZE), 26:44.75 (+1:31.41)<\/strong> &#8230; <strong>14. STARK Michal (CZE), 31:41.74 (+6:28.40)<\/strong><\/li><\/ol>\n\n\n\n<figure class=\"wp-block-image size-large\"><img loading=\"lazy\" decoding=\"async\" width=\"1024\" height=\"768\" src=\"https:\/\/www.czechcyclingfederation.com\/wp-content\/uploads\/2022\/08\/WhatsApp-Image-2022-08-05-at-18.37.55-1024x768.jpeg\" alt=\"\" class=\"wp-image-13047\" srcset=\"https:\/\/www.czechcyclingfederation.com\/wp-content\/uploads\/2022\/08\/WhatsApp-Image-2022-08-05-at-18.37.55-1024x768.jpeg 1024w, https:\/\/www.czechcyclingfederation.com\/wp-content\/uploads\/2022\/08\/WhatsApp-Image-2022-08-05-at-18.37.55-267x200.jpeg 267w, https:\/\/www.czechcyclingfederation.com\/wp-content\/uploads\/2022\/08\/WhatsApp-Image-2022-08-05-at-18.37.55-768x576.jpeg 768w, https:\/\/www.czechcyclingfederation.com\/wp-content\/uploads\/2022\/08\/WhatsApp-Image-2022-08-05-at-18.37.55-1536x1152.jpeg 1536w, https:\/\/www.czechcyclingfederation.com\/wp-content\/uploads\/2022\/08\/WhatsApp-Image-2022-08-05-at-18.37.55-1320x990.jpeg 1320w, https:\/\/www.czechcyclingfederation.com\/wp-content\/uploads\/2022\/08\/WhatsApp-Image-2022-08-05-at-18.37.55.jpeg 1600w\" sizes=\"auto, (max-width: 1024px) 100vw, 1024px\" \/><\/figure>\n\n\n\n<figure class=\"wp-block-image size-large\"><img loading=\"lazy\" decoding=\"async\" width=\"1024\" height=\"768\" src=\"https:\/\/www.czechcyclingfederation.com\/wp-content\/uploads\/2022\/08\/WhatsApp-Image-2022-08-05-at-18.37.58-1024x768.jpeg\" alt=\"\" class=\"wp-image-13048\" srcset=\"https:\/\/www.czechcyclingfederation.com\/wp-content\/uploads\/2022\/08\/WhatsApp-Image-2022-08-05-at-18.37.58-1024x768.jpeg 1024w, https:\/\/www.czechcyclingfederation.com\/wp-content\/uploads\/2022\/08\/WhatsApp-Image-2022-08-05-at-18.37.58-267x200.jpeg 267w, https:\/\/www.czechcyclingfederation.com\/wp-content\/uploads\/2022\/08\/WhatsApp-Image-2022-08-05-at-18.37.58-768x576.jpeg 768w, https:\/\/www.czechcyclingfederation.com\/wp-content\/uploads\/2022\/08\/WhatsApp-Image-2022-08-05-at-18.37.58-1536x1152.jpeg 1536w, https:\/\/www.czechcyclingfederation.com\/wp-content\/uploads\/2022\/08\/WhatsApp-Image-2022-08-05-at-18.37.58-1320x990.jpeg 1320w, https:\/\/www.czechcyclingfederation.com\/wp-content\/uploads\/2022\/08\/WhatsApp-Image-2022-08-05-at-18.37.58.jpeg 2016w\" sizes=\"auto, (max-width: 1024px) 100vw, 1024px\" \/><\/figure>\n","protected":false},"excerpt":{"rendered":"<p>Druh\u00fd den v&nbsp;kanadsk\u00e9 provincii Quebec pokra\u010doval Sv\u011btov\u00fd poh\u00e1r UCI \u010dasovkami. Tentokr\u00e1te se na startovn\u00ed rampu postavili stoj\u00edc\u00ed cyklist\u00e9 z&nbsp;kategorie \u201eC\u201c. \u010cesk\u00fd v\u00fdb\u011br poslal do boje 2 borce z&nbsp;kategorie MC2 \u2013 Ivo Koblasu a Michala Starka. Z&nbsp;dvoje reprezenta\u010dn\u00edch koleg\u016f se dle o\u010dek\u00e1v\u00e1n\u00ed l\u00e9pe vedlo Koblasovi, kter\u00fd dokon\u010dil svou \u010dasovku v&nbsp;\u010dase 26:44.75, co\u017e Ivovi vyneslo celkov\u00e9 7.m\u00edsto. [&hellip;]<\/p>\n","protected":false},"author":3,"featured_media":13047,"comment_status":"closed","ping_status":"open","sticky":false,"template":"","format":"standard","meta":{"footnotes":""},"categories":[2,99,103],"tags":[62],"class_list":["post-13046","post","type-post","status-publish","format-standard","has-post-thumbnail","hentry","category-novinky","category-paracyklistika","category-reprezentace","tag-paracyklistika"],"_links":{"self":[{"href":"https:\/\/www.czechcyclingfederation.com\/en\/wp-json\/wp\/v2\/posts\/13046","targetHints":{"allow":["GET"]}}],"collection":[{"href":"https:\/\/www.czechcyclingfederation.com\/en\/wp-json\/wp\/v2\/posts"}],"about":[{"href":"https:\/\/www.czechcyclingfederation.com\/en\/wp-json\/wp\/v2\/types\/post"}],"author":[{"embeddable":true,"href":"https:\/\/www.czechcyclingfederation.com\/en\/wp-json\/wp\/v2\/users\/3"}],"replies":[{"embeddable":true,"href":"https:\/\/www.czechcyclingfederation.com\/en\/wp-json\/wp\/v2\/comments?post=13046"}],"version-history":[{"count":3,"href":"https:\/\/www.czechcyclingfederation.com\/en\/wp-json\/wp\/v2\/posts\/13046\/revisions"}],"predecessor-version":[{"id":13054,"href":"https:\/\/www.czechcyclingfederation.com\/en\/wp-json\/wp\/v2\/posts\/13046\/revisions\/13054"}],"wp:featuredmedia":[{"embeddable":true,"href":"https:\/\/www.czechcyclingfederation.com\/en\/wp-json\/wp\/v2\/media\/13047"}],"wp:attachment":[{"href":"https:\/\/www.czechcyclingfederation.com\/en\/wp-json\/wp\/v2\/media?parent=13046"}],"wp:term":[{"taxonomy":"category","embeddable":true,"href":"https:\/\/www.czechcyclingfederation.com\/en\/wp-json\/wp\/v2\/categories?post=13046"},{"taxonomy":"post_tag","embeddable":true,"href":"https:\/\/www.czechcyclingfederation.com\/en\/wp-json\/wp\/v2\/tags?post=13046"}],"curies":[{"name":"wp","href":"https:\/\/api.w.org\/{rel}","templated":true}]}}