{"id":13036,"date":"2022-08-05T13:06:06","date_gmt":"2022-08-05T11:06:06","guid":{"rendered":"https:\/\/www.czechcyclingfederation.com\/?p=13036"},"modified":"2022-08-26T15:13:53","modified_gmt":"2022-08-26T13:13:53","slug":"ms-youth-games-v-trialu-a-stribro-pro-pechackovou","status":"publish","type":"post","link":"https:\/\/www.czechcyclingfederation.com\/en\/ms-youth-games-v-trialu-a-stribro-pro-pechackovou\/","title":{"rendered":"MS youth games v trialu a st\u0159\u00edbro pro Pech\u00e1\u010dkovou"},"content":{"rendered":"\n<p>O v\u00edkendu 30. a 31. 7. 2022 se v polsk\u00fdch Wadowic\u00edch konalo MS youth games v Trialu. V kategorii d\u00edvek se na skv\u011bl\u00e9m druh\u00e9m m\u00edst\u011b um\u00edstila Denisa Pech\u00e1\u010dkov\u00e1.<\/p>\n\n\n\n<p>V sobotn\u00edm semifin\u00e1le skon\u010dila druh\u00e1 a postoupila tak s p\u0159ehledem do ned\u011bln\u00edch fin\u00e1lov\u00fdch j\u00edzd. &#8220;T\u011bsn\u011b p\u0159ed ned\u011bln\u00edm startem jsem m\u011bla probl\u00e9my s kolem tak\u017ee jsem na n\u011bm nemohla jet. A proto jsem to musela zvl\u00e1dnout na vyp\u016fj\u010den\u00e9m, a\u017e&nbsp;\u010dtvrt\u00e9 kolo v po\u0159ad\u00ed&nbsp;&nbsp;mi kone\u010dn\u011b sedlo. I p\u0159es v\u0161echny tyhle probl\u00e9my jsem nakonec dojela na skv\u011bl\u00e9m druh\u00e9m m\u00edst\u011b. Aspo\u0148 jedna bedna za&nbsp;\u010deskou&nbsp;reprezentaci,&#8221; uvedlo k \u0161ampion\u00e1tu mlad\u00e1 Pech\u00e1\u010dkov\u00e1.<\/p>\n\n\n\n<figure class=\"wp-block-image size-large\"><img loading=\"lazy\" decoding=\"async\" width=\"768\" height=\"1024\" src=\"https:\/\/www.czechcyclingfederation.com\/wp-content\/uploads\/2022\/08\/IMG-20220803-WA0003-768x1024.jpg\" alt=\"\" class=\"wp-image-13038\" srcset=\"https:\/\/www.czechcyclingfederation.com\/wp-content\/uploads\/2022\/08\/IMG-20220803-WA0003-768x1025.jpg 768w, https:\/\/www.czechcyclingfederation.com\/wp-content\/uploads\/2022\/08\/IMG-20220803-WA0003-150x200.jpg 150w, https:\/\/www.czechcyclingfederation.com\/wp-content\/uploads\/2022\/08\/IMG-20220803-WA0003.jpg 877w\" sizes=\"auto, (max-width: 768px) 100vw, 768px\" \/><\/figure>\n\n\n\n<p>FOTO: UAMK<\/p>\n","protected":false},"excerpt":{"rendered":"<p>O v\u00edkendu 30. a 31. 7. 2022 se v polsk\u00fdch Wadowic\u00edch konalo MS youth games v Trialu. V kategorii d\u00edvek se na skv\u011bl\u00e9m druh\u00e9m m\u00edst\u011b um\u00edstila Denisa Pech\u00e1\u010dkov\u00e1. V sobotn\u00edm semifin\u00e1le skon\u010dila druh\u00e1 a postoupila tak s p\u0159ehledem do ned\u011bln\u00edch fin\u00e1lov\u00fdch j\u00edzd. &#8220;T\u011bsn\u011b p\u0159ed ned\u011bln\u00edm startem jsem m\u011bla probl\u00e9my s kolem tak\u017ee jsem na n\u011bm [&hellip;]<\/p>\n","protected":false},"author":1,"featured_media":13037,"comment_status":"closed","ping_status":"open","sticky":false,"template":"","format":"standard","meta":{"footnotes":""},"categories":[17,6,2,103],"tags":[64],"class_list":["post-13036","post","type-post","status-publish","format-standard","has-post-thumbnail","hentry","category-discipliny","category-mtb","category-novinky","category-reprezentace","tag-trial"],"_links":{"self":[{"href":"https:\/\/www.czechcyclingfederation.com\/en\/wp-json\/wp\/v2\/posts\/13036","targetHints":{"allow":["GET"]}}],"collection":[{"href":"https:\/\/www.czechcyclingfederation.com\/en\/wp-json\/wp\/v2\/posts"}],"about":[{"href":"https:\/\/www.czechcyclingfederation.com\/en\/wp-json\/wp\/v2\/types\/post"}],"author":[{"embeddable":true,"href":"https:\/\/www.czechcyclingfederation.com\/en\/wp-json\/wp\/v2\/users\/1"}],"replies":[{"embeddable":true,"href":"https:\/\/www.czechcyclingfederation.com\/en\/wp-json\/wp\/v2\/comments?post=13036"}],"version-history":[{"count":2,"href":"https:\/\/www.czechcyclingfederation.com\/en\/wp-json\/wp\/v2\/posts\/13036\/revisions"}],"predecessor-version":[{"id":13472,"href":"https:\/\/www.czechcyclingfederation.com\/en\/wp-json\/wp\/v2\/posts\/13036\/revisions\/13472"}],"wp:featuredmedia":[{"embeddable":true,"href":"https:\/\/www.czechcyclingfederation.com\/en\/wp-json\/wp\/v2\/media\/13037"}],"wp:attachment":[{"href":"https:\/\/www.czechcyclingfederation.com\/en\/wp-json\/wp\/v2\/media?parent=13036"}],"wp:term":[{"taxonomy":"category","embeddable":true,"href":"https:\/\/www.czechcyclingfederation.com\/en\/wp-json\/wp\/v2\/categories?post=13036"},{"taxonomy":"post_tag","embeddable":true,"href":"https:\/\/www.czechcyclingfederation.com\/en\/wp-json\/wp\/v2\/tags?post=13036"}],"curies":[{"name":"wp","href":"https:\/\/api.w.org\/{rel}","templated":true}]}}