{"id":13022,"date":"2022-08-04T22:50:21","date_gmt":"2022-08-04T20:50:21","guid":{"rendered":"https:\/\/www.czechcyclingfederation.com\/?p=13022"},"modified":"2022-08-05T00:10:28","modified_gmt":"2022-08-04T22:10:28","slug":"handbiker-patrik-jahoda-vybojoval-bronz-v-casovce","status":"publish","type":"post","link":"https:\/\/www.czechcyclingfederation.com\/en\/handbiker-patrik-jahoda-vybojoval-bronz-v-casovce\/","title":{"rendered":"Handbiker Patrik Jahoda vybojoval bronz v \u010dasovce!"},"content":{"rendered":"\n<p>\u010cesk\u00e1 v\u00fdprava para cyklist\u016f bojuje v&nbsp;Quebec-City v&nbsp;Kanad\u011b o cenn\u00e9 kovy. Prvn\u00ed den tradi\u010dn\u011b zahajuj\u00ed \u010dasovky kategori\u00ed H (handbike) a tricykl\u016f (T).<\/p>\n\n\n\n<p>P\u016fvodn\u00ed p\u0159edpov\u011b\u010f po\u010das\u00ed nebyla pro cyklisty p\u0159\u00edzniv\u00e1, t\u00e9m\u011b\u0159 jist\u00fd d\u00e9\u0161\u0165 a m\u00edrn\u00e9 ochlazen\u00ed oproti p\u0159edchoz\u00edm dn\u016fm. Ze zata\u017een\u00e9 oblohy nakonec byly ob\u010dasn\u00e9 p\u0159eh\u00e1\u0148ky, kter\u00e9 p\u0159\u00edjemn\u011b osv\u011b\u017eily ve velmi dusn\u00e9m prost\u0159ed\u00ed.<\/p>\n\n\n\n<p>Obrovskou vlnu euforie v&nbsp;n\u00e1rodn\u00edm t\u00fdmu vyvolal vynikaj\u00edc\u00ed v\u00fdkon handbikera Patrika Jahody (MH1), kter\u00fd po naprosto ojedin\u011bl\u00e9m v\u00fdkonu dok\u00e1zal dojet na t\u0159et\u00edm m\u00edst\u011b a vybojoval bronz pro \u010ceskou republiku! Patrika nav\u00edc d\u011blily pouh\u00e9 4 sekundy od st\u0159\u00edbrn\u00e9 pozice, co\u017e jen dokazuje v\u00fdjime\u010dnost Patrikova v\u00fdkonu p\u0159i dne\u0161n\u00ed \u010dasovce.<\/p>\n\n\n\n<p>&#8220;<em>M\u00e1m fakt obrovskou radost. Dnes jsem si v\u011b\u0159il na bronz, ale to, \u017ee jsem bojoval o st\u0159\u00edbro, a je\u0161t\u011b 1 km p\u0159ed c\u00edlem jsem byl virtu\u00e1ln\u011b na druh\u00e9m m\u00edst\u011b, pro m\u011b je v\u00fdsledek z \u0159\u00ed\u0161e sn\u016f. Nakonec m\u011b Belgi\u010dan je\u0161t\u011b o 4 vte\u0159iny p\u0159edjel, ale zklaman\u00fd z toho nejsem. Povedlo se mi v\u00fdkonnostn\u011b se posunout nahoru, a nav\u00edc je\u0161t\u011b shodit v\u00e1hu o p\u00e1r kilo dol\u016f. Douf\u00e1m, \u017ee se na vln\u011b euforie svezu je\u0161t\u011b v sobotu, kdy jedu silni\u010dn\u00ed z\u00e1vod. D\u00e1m do toho op\u011bt v\u0161echno.<\/em>&#8221; Hodnotil Patrik sv\u00e9 vystoupen\u00ed v&nbsp;dne\u0161n\u00ed \u010dasovce.<\/p>\n\n\n\n<p>Ze startovn\u00ed rampy dnes vyjel tak\u00e9 druh\u00fd \u010desk\u00fd z\u00e1vodn\u00edk \u2013 Roman \u0160ejna (MT1), kter\u00fd dojel v&nbsp;\u010dasovce ve sv\u00e9 kategorii na v\u00fdborn\u00e9m \u010dtvrt\u00e9m m\u00edst\u011b. Z\u00e1vod Romana \u0160ejny vyhodnotil tren\u00e9r Lubo\u0161 Jirka takto: \u201e<em>Na dne\u0161n\u00edm sv\u011btov\u00e9m poh\u00e1ru v Kanad\u011b v&nbsp;Qu\u00e9becu obsadil Roman \u0160ejna \u010dtvrt\u00e9 m\u00edsto. Na \u00favod sv\u011btov\u00e9ho poh\u00e1ru je to skv\u011bl\u00e9 um\u00edst\u011bn\u00ed. Roman se zat\u00edm pere posunem \u010dasu a se sv\u00fdm zdravotn\u00edm stavem. V\u011b\u0159\u00ed si na silni\u010dn\u00ed z\u00e1vod, kter\u00fd se pojede v sobotu.<\/em>\u201c<\/p>\n\n\n\n<p>\u00davodn\u00ed den vy\u0161el na\u0161im borc\u016fm skute\u010dn\u011b nad o\u010dek\u00e1v\u00e1n\u00ed a medaile bezpochyby dod\u00e1 klid a pohodu do cel\u00e9ho t\u00fdmu. Reprezenta\u010dn\u00ed tren\u00e9r Luk\u00e1\u0161 Petr hodnot\u00ed \u00favodn\u00ed den n\u00e1sledovn\u011b: \u201e<em>Prvn\u00ed den se p\u0159edstavili jezdci Roman a Patrik. Oba p\u0159edvedli v\u00fdborn\u00e9 v\u00fdkony, kdy\u017e Roman j\u00edzdou na hranici rizika ve sjezdech cht\u011bl \u00fato\u010dit na p\u0159edn\u00ed p\u0159\u00ed\u010dky. Byla na n\u011bm vid\u011bt touha a odhodl\u00e1n\u00ed d\u00e1t do z\u00e1vodu v\u0161echno. Jeho snaha vy\u00fastila ve velmi dobr\u00fd v\u00fdsledek a d\u00e1v\u00e1 n\u00e1m nad\u011bji, \u017ee v budoucnu p\u0159ijde velk\u00e1 medaile. Druh\u00fd jmenovan\u00fd, Patrik, jel dnes sv\u016fj \u017eivotn\u00ed z\u00e1vod. P\u0159edvedl jeden z jeho nejlep\u0161\u00edch wattov\u00fdch v\u00fdkon\u016f a v kombinaci se sn\u00ed\u017een\u00edm hmotnosti a profesorskou j\u00edzdou v zat\u00e1\u010dk\u00e1ch je vid\u011bt znateln\u00fd posun dop\u0159edu. Velik\u00e1 gratulace kluk\u016fm i jejich dlouhodob\u00fdm tren\u00e9r\u016fm a opatrovatel\u016fm, jste na spr\u00e1vn\u00e9 cest\u011b<\/em>\u201c<em>.<\/em><\/p>\n\n\n\n<p>Z\u00edtra bude SP v&nbsp;Quebec-City pokra\u010dovat \u010dasovkami. Tentokr\u00e1te uvid\u00edme v&nbsp;akci stoj\u00edc\u00ed cyklisty (kategorie C). V&nbsp;na\u0161ich barv\u00e1ch se p\u0159edstav\u00ed Michal Stark a jeho par\u0165\u00e1k z&nbsp;kategorie C2 \u2013 Ivo Koblasa. Pr\u00e1v\u011b Ivo bude pat\u0159it k&nbsp;dal\u0161\u00edm \u201e\u017eel\u00edzk\u016fm v&nbsp;ohni\u201c \u010desk\u00e9ho t\u00fdmu. Michal se postav\u00ed na startovn\u00ed rampu v&nbsp;10:17 m\u00edstn\u00edho \u010dasu (16:17 v&nbsp;\u010cR) a Ivo Koblasa bude startovat v&nbsp;10:32 m\u00edstn\u00edho \u010dasu (16:32 v&nbsp;\u010cR), tak dr\u017ete na\u0161im borc\u016fm palce!<\/p>\n\n\n\n<p><strong><u>V\u00fdsledkov\u00fd servis (SP Quebec, \u010dasovka, 4.8.2022):<\/u><\/strong><\/p>\n\n\n\n<p><strong>MH1:<\/strong><\/p>\n\n\n\n<ol class=\"wp-block-list\" type=\"1\"><li>CORNEGLIANI Fabrizio (ITA), 43:47.55<\/li><li>HORDIES Maxime (BEL), 48:00.50 (+4:12.95)<\/li><li><strong>JAHODA Patrik (CZE), 48:04.50 (+4:16.95)<\/strong><\/li><\/ol>\n\n\n\n<p><strong>MT1:<\/strong><\/p>\n\n\n\n<ol class=\"wp-block-list\" type=\"1\"><li>FARRONI Giorgio (ITA), 35:19.62<\/li><li>CLEMENT Nathan (CAN), 36:09.60 (+49.98)<\/li><li>GARCIA ABELLA Gonzalo (ESP), 36:53.70 (+1:34.08)&#8230; <strong>4.<\/strong> <strong>\u0160EJNA Roman (CZE), 39:09.28 (+3:49.66)<\/strong><\/li><\/ol>\n\n\n\n<figure class=\"wp-block-image size-large\"><img decoding=\"async\" src=\"https:\/\/www.czechcyclingfederation.com\/wp-content\/uploads\/2022\/08\/WhatsApp-Image-2022-08-04-at-21.00.04-1024x821.jpeg\" alt=\"\" class=\"wp-image-13023\"\/><\/figure>\n\n\n\n<figure class=\"wp-block-image size-large is-resized\"><img loading=\"lazy\" decoding=\"async\" src=\"https:\/\/www.czechcyclingfederation.com\/wp-content\/uploads\/2022\/08\/WhatsApp-Image-2022-08-04-at-20.57.57-1024x824.jpeg\" alt=\"\" class=\"wp-image-13024\" width=\"768\" height=\"618\" srcset=\"https:\/\/www.czechcyclingfederation.com\/wp-content\/uploads\/2022\/08\/WhatsApp-Image-2022-08-04-at-20.57.57-1024x824.jpeg 1024w, https:\/\/www.czechcyclingfederation.com\/wp-content\/uploads\/2022\/08\/WhatsApp-Image-2022-08-04-at-20.57.57-249x200.jpeg 249w, https:\/\/www.czechcyclingfederation.com\/wp-content\/uploads\/2022\/08\/WhatsApp-Image-2022-08-04-at-20.57.57-768x618.jpeg 768w, https:\/\/www.czechcyclingfederation.com\/wp-content\/uploads\/2022\/08\/WhatsApp-Image-2022-08-04-at-20.57.57-1536x1236.jpeg 1536w, https:\/\/www.czechcyclingfederation.com\/wp-content\/uploads\/2022\/08\/WhatsApp-Image-2022-08-04-at-20.57.57-1320x1062.jpeg 1320w, https:\/\/www.czechcyclingfederation.com\/wp-content\/uploads\/2022\/08\/WhatsApp-Image-2022-08-04-at-20.57.57.jpeg 2048w\" sizes=\"auto, (max-width: 768px) 100vw, 768px\" \/><\/figure>\n\n\n\n<figure class=\"wp-block-image size-large\"><img loading=\"lazy\" decoding=\"async\" width=\"768\" height=\"1024\" src=\"https:\/\/www.czechcyclingfederation.com\/wp-content\/uploads\/2022\/08\/WhatsApp-Image-2022-08-04-at-20.56.30-768x1024.jpeg\" alt=\"\" class=\"wp-image-13025\" srcset=\"https:\/\/www.czechcyclingfederation.com\/wp-content\/uploads\/2022\/08\/WhatsApp-Image-2022-08-04-at-20.56.30-768x1024.jpeg 768w, https:\/\/www.czechcyclingfederation.com\/wp-content\/uploads\/2022\/08\/WhatsApp-Image-2022-08-04-at-20.56.30-150x200.jpeg 150w, https:\/\/www.czechcyclingfederation.com\/wp-content\/uploads\/2022\/08\/WhatsApp-Image-2022-08-04-at-20.56.30-1152x1536.jpeg 1152w, https:\/\/www.czechcyclingfederation.com\/wp-content\/uploads\/2022\/08\/WhatsApp-Image-2022-08-04-at-20.56.30-1320x1760.jpeg 1320w, https:\/\/www.czechcyclingfederation.com\/wp-content\/uploads\/2022\/08\/WhatsApp-Image-2022-08-04-at-20.56.30.jpeg 1536w\" sizes=\"auto, (max-width: 768px) 100vw, 768px\" \/><\/figure>\n\n\n\n<figure class=\"wp-block-image size-large\"><img loading=\"lazy\" decoding=\"async\" width=\"877\" height=\"1024\" src=\"https:\/\/www.czechcyclingfederation.com\/wp-content\/uploads\/2022\/08\/WhatsApp-Image-2022-08-04-at-20.56.25-877x1024.jpeg\" alt=\"\" class=\"wp-image-13026\" srcset=\"https:\/\/www.czechcyclingfederation.com\/wp-content\/uploads\/2022\/08\/WhatsApp-Image-2022-08-04-at-20.56.25-877x1024.jpeg 877w, https:\/\/www.czechcyclingfederation.com\/wp-content\/uploads\/2022\/08\/WhatsApp-Image-2022-08-04-at-20.56.25-171x200.jpeg 171w, https:\/\/www.czechcyclingfederation.com\/wp-content\/uploads\/2022\/08\/WhatsApp-Image-2022-08-04-at-20.56.25-768x897.jpeg 768w, https:\/\/www.czechcyclingfederation.com\/wp-content\/uploads\/2022\/08\/WhatsApp-Image-2022-08-04-at-20.56.25-1316x1536.jpeg 1316w, https:\/\/www.czechcyclingfederation.com\/wp-content\/uploads\/2022\/08\/WhatsApp-Image-2022-08-04-at-20.56.25-1320x1541.jpeg 1320w, https:\/\/www.czechcyclingfederation.com\/wp-content\/uploads\/2022\/08\/WhatsApp-Image-2022-08-04-at-20.56.25.jpeg 1754w\" sizes=\"auto, (max-width: 877px) 100vw, 877px\" \/><\/figure>\n\n\n\n<figure class=\"wp-block-image size-large\"><img loading=\"lazy\" decoding=\"async\" width=\"768\" height=\"1024\" src=\"https:\/\/www.czechcyclingfederation.com\/wp-content\/uploads\/2022\/08\/WhatsApp-Image-2022-08-04-at-20.56.24-768x1024.jpeg\" alt=\"\" class=\"wp-image-13027\" srcset=\"https:\/\/www.czechcyclingfederation.com\/wp-content\/uploads\/2022\/08\/WhatsApp-Image-2022-08-04-at-20.56.24-768x1024.jpeg 768w, https:\/\/www.czechcyclingfederation.com\/wp-content\/uploads\/2022\/08\/WhatsApp-Image-2022-08-04-at-20.56.24-150x200.jpeg 150w, https:\/\/www.czechcyclingfederation.com\/wp-content\/uploads\/2022\/08\/WhatsApp-Image-2022-08-04-at-20.56.24-1152x1536.jpeg 1152w, https:\/\/www.czechcyclingfederation.com\/wp-content\/uploads\/2022\/08\/WhatsApp-Image-2022-08-04-at-20.56.24-1320x1760.jpeg 1320w, https:\/\/www.czechcyclingfederation.com\/wp-content\/uploads\/2022\/08\/WhatsApp-Image-2022-08-04-at-20.56.24.jpeg 1536w\" sizes=\"auto, (max-width: 768px) 100vw, 768px\" \/><\/figure>\n\n\n\n<figure class=\"wp-block-image size-large\"><img loading=\"lazy\" decoding=\"async\" width=\"768\" height=\"1024\" src=\"https:\/\/www.czechcyclingfederation.com\/wp-content\/uploads\/2022\/08\/WhatsApp-Image-2022-08-04-at-20.57.35-768x1024.jpeg\" alt=\"\" class=\"wp-image-13028\" srcset=\"https:\/\/www.czechcyclingfederation.com\/wp-content\/uploads\/2022\/08\/WhatsApp-Image-2022-08-04-at-20.57.35-768x1024.jpeg 768w, https:\/\/www.czechcyclingfederation.com\/wp-content\/uploads\/2022\/08\/WhatsApp-Image-2022-08-04-at-20.57.35-150x200.jpeg 150w, https:\/\/www.czechcyclingfederation.com\/wp-content\/uploads\/2022\/08\/WhatsApp-Image-2022-08-04-at-20.57.35-1152x1536.jpeg 1152w, https:\/\/www.czechcyclingfederation.com\/wp-content\/uploads\/2022\/08\/WhatsApp-Image-2022-08-04-at-20.57.35.jpeg 1200w\" sizes=\"auto, (max-width: 768px) 100vw, 768px\" \/><\/figure>\n\n\n\n<figure class=\"wp-block-image size-large\"><img loading=\"lazy\" decoding=\"async\" width=\"1024\" height=\"461\" src=\"https:\/\/www.czechcyclingfederation.com\/wp-content\/uploads\/2022\/08\/WhatsApp-Image-2022-08-04-at-20.55.18-1024x461.jpeg\" alt=\"\" class=\"wp-image-13029\" srcset=\"https:\/\/www.czechcyclingfederation.com\/wp-content\/uploads\/2022\/08\/WhatsApp-Image-2022-08-04-at-20.55.18-1024x461.jpeg 1024w, https:\/\/www.czechcyclingfederation.com\/wp-content\/uploads\/2022\/08\/WhatsApp-Image-2022-08-04-at-20.55.18-300x135.jpeg 300w, https:\/\/www.czechcyclingfederation.com\/wp-content\/uploads\/2022\/08\/WhatsApp-Image-2022-08-04-at-20.55.18-768x346.jpeg 768w, https:\/\/www.czechcyclingfederation.com\/wp-content\/uploads\/2022\/08\/WhatsApp-Image-2022-08-04-at-20.55.18-1536x691.jpeg 1536w, https:\/\/www.czechcyclingfederation.com\/wp-content\/uploads\/2022\/08\/WhatsApp-Image-2022-08-04-at-20.55.18-1320x594.jpeg 1320w, https:\/\/www.czechcyclingfederation.com\/wp-content\/uploads\/2022\/08\/WhatsApp-Image-2022-08-04-at-20.55.18.jpeg 1600w\" sizes=\"auto, (max-width: 1024px) 100vw, 1024px\" \/><\/figure>\n","protected":false},"excerpt":{"rendered":"<p>\u010cesk\u00e1 v\u00fdprava para cyklist\u016f bojuje v&nbsp;Quebec-City v&nbsp;Kanad\u011b o cenn\u00e9 kovy. Prvn\u00ed den tradi\u010dn\u011b zahajuj\u00ed \u010dasovky kategori\u00ed H (handbike) a tricykl\u016f (T). P\u016fvodn\u00ed p\u0159edpov\u011b\u010f po\u010das\u00ed nebyla pro cyklisty p\u0159\u00edzniv\u00e1, t\u00e9m\u011b\u0159 jist\u00fd d\u00e9\u0161\u0165 a m\u00edrn\u00e9 ochlazen\u00ed oproti p\u0159edchoz\u00edm dn\u016fm. Ze zata\u017een\u00e9 oblohy nakonec byly ob\u010dasn\u00e9 p\u0159eh\u00e1\u0148ky, kter\u00e9 p\u0159\u00edjemn\u011b osv\u011b\u017eily ve velmi dusn\u00e9m prost\u0159ed\u00ed. Obrovskou vlnu euforie v&nbsp;n\u00e1rodn\u00edm [&hellip;]<\/p>\n","protected":false},"author":3,"featured_media":13032,"comment_status":"closed","ping_status":"open","sticky":false,"template":"","format":"standard","meta":{"footnotes":""},"categories":[2,99,103],"tags":[62],"class_list":["post-13022","post","type-post","status-publish","format-standard","has-post-thumbnail","hentry","category-novinky","category-paracyklistika","category-reprezentace","tag-paracyklistika"],"_links":{"self":[{"href":"https:\/\/www.czechcyclingfederation.com\/en\/wp-json\/wp\/v2\/posts\/13022","targetHints":{"allow":["GET"]}}],"collection":[{"href":"https:\/\/www.czechcyclingfederation.com\/en\/wp-json\/wp\/v2\/posts"}],"about":[{"href":"https:\/\/www.czechcyclingfederation.com\/en\/wp-json\/wp\/v2\/types\/post"}],"author":[{"embeddable":true,"href":"https:\/\/www.czechcyclingfederation.com\/en\/wp-json\/wp\/v2\/users\/3"}],"replies":[{"embeddable":true,"href":"https:\/\/www.czechcyclingfederation.com\/en\/wp-json\/wp\/v2\/comments?post=13022"}],"version-history":[{"count":2,"href":"https:\/\/www.czechcyclingfederation.com\/en\/wp-json\/wp\/v2\/posts\/13022\/revisions"}],"predecessor-version":[{"id":13033,"href":"https:\/\/www.czechcyclingfederation.com\/en\/wp-json\/wp\/v2\/posts\/13022\/revisions\/13033"}],"wp:featuredmedia":[{"embeddable":true,"href":"https:\/\/www.czechcyclingfederation.com\/en\/wp-json\/wp\/v2\/media\/13032"}],"wp:attachment":[{"href":"https:\/\/www.czechcyclingfederation.com\/en\/wp-json\/wp\/v2\/media?parent=13022"}],"wp:term":[{"taxonomy":"category","embeddable":true,"href":"https:\/\/www.czechcyclingfederation.com\/en\/wp-json\/wp\/v2\/categories?post=13022"},{"taxonomy":"post_tag","embeddable":true,"href":"https:\/\/www.czechcyclingfederation.com\/en\/wp-json\/wp\/v2\/tags?post=13022"}],"curies":[{"name":"wp","href":"https:\/\/api.w.org\/{rel}","templated":true}]}}