{"id":13012,"date":"2022-08-04T17:58:36","date_gmt":"2022-08-04T15:58:36","guid":{"rendered":"https:\/\/www.czechcyclingfederation.com\/?p=13012"},"modified":"2022-08-04T17:58:38","modified_gmt":"2022-08-04T15:58:38","slug":"prvni-etapu-sazka-tour-vyhral-belgican-herregodts-kukrle-treti","status":"publish","type":"post","link":"https:\/\/www.czechcyclingfederation.com\/en\/prvni-etapu-sazka-tour-vyhral-belgican-herregodts-kukrle-treti\/","title":{"rendered":"Prvn\u00ed etapu Sazka Tour vyhr\u00e1l Belgi\u010dan Herregodts, Kukrle t\u0159et\u00ed"},"content":{"rendered":"\n<p>Michael Kukrle, jezdec nejlep\u0161\u00ed \u010desk\u00e9 st\u00e1je Elkov Kasper, skon\u010dil t\u0159et\u00ed v \u00favodn\u00ed etap\u011b presti\u017en\u00edho cyklistick\u00e9ho z\u00e1vodu SAZKA Tour. \u00davodn\u00ed etapa se dnes jela z Uni\u010dova do Prost\u011bjova a m\u011b\u0159ila 175 kilometr\u016f. Kukrle byl \u010dlenem p\u011bti\u010dlenn\u00e9 skupiny, kter\u00e1 t\u011bsn\u011b dot\u00e1hla \u00fanik a\u017e do c\u00edlov\u00e9 rovinky kde se rozhodovalo ve spurtu. V n\u011bm m\u011bl nejv\u00edce sil Belgi\u010dan Rune Herregodts p\u0159ed sv\u00fdm krajanem Johanem Meensem.<\/p>\n\n\n\n<p>Kukrle, \u00fa\u010dastn\u00edk olympijsk\u00fdch her v Tokiu, byl sou\u010d\u00e1st\u00ed skupiny, je\u017e odjela kr\u00e1tce po startu a vytvo\u0159ila si n\u00e1skok, kter\u00fd v jeden moment dos\u00e1hl a\u017e t\u0159i a p\u016fl minuty a trochu ne\u010dekan\u011b udr\u017eela a\u017e do c\u00edle. \u201eV\u011bd\u011bl jsem, \u017ee to bude t\u011b\u017ek\u00e9, bylo to nahoru dol\u016f, ale cht\u011bl jsem to zkusit a vyhr\u00e1t etapu, i kdy\u017e jsem si myslel, \u017ee to nem\u00e1 moc \u0161anc\u00ed na \u00fasp\u011bch,\u201c hodnotil Kukrle. \u201eA kdy\u017e u\u017e to dojelo do c\u00edle, tak se mi to vyhr\u00e1t nepovedlo, tak\u017ee nejsem \u00fapln\u011b spokojen\u00fd, jak to dopadlo,\u201c \u0159\u00edkal v c\u00edli Kukrle.<\/p>\n\n\n\n<p>Ve skupin\u011b byl i druh\u00fd \u010desk\u00fd jezdec &nbsp;Jan Ka\u0161par (ATT Investments), kter\u00fd c\u00edlovou p\u00e1skou projel \u010dtvrt\u00fd a prohr\u00e1l s Kukrlem velmi t\u011bsn\u011b. Do des\u00edtky se ve\u0161el na osm\u00e9m m\u00edst\u011b je\u0161t\u011b mlad\u00fd sprinter Pavel Bittner (Development Team DSM). \u201eZ\u00edtra se to zm\u011bn\u00ed, dne\u0161n\u00ed n\u00e1skok nebude hr\u00e1t roli,\u201c p\u0159edpokl\u00e1d\u00e1 Kukrle, kter\u00fd podobn\u011b ujel pelotonu i na olympijsk\u00fdch hr\u00e1ch v Tokiu. \u201eDneska to ale bylo takov\u00e9 bolav\u00e9, byl jsem p\u0159ed m\u011bs\u00edcem nemocn\u00fd, je\u0161t\u011b nem\u00e1m ide\u00e1ln\u00ed formu. Pojedeme z\u00edtra na Honzu B\u00e1rtu s Kubou Otrubou a uvid\u00edme, jak to p\u016fjde,\u201c pl\u00e1noval.<\/p>\n\n\n\n<p>Druh\u00e1 etapa startuje v p\u00e1tek v Olomouci na Horn\u00edm n\u00e1m\u011bst\u00ed a bude m\u00edt konec na zn\u00e1m\u00e9m beskydsk\u00e9m m\u00edst\u011b Pustevny, kam cyklist\u00e9 vyjedou v jej\u00edm pr\u016fb\u011bhu dokonce dvakr\u00e1t. Celkem je bude \u010dekat 189,3 kilometr\u016f s p\u0159ev\u00fd\u0161en\u00edm t\u00e9m\u011b\u0159 3000 metr\u016f. D\u00e1 se o\u010dek\u00e1vat, \u017ee po\u0159ad\u00ed se podstatn\u011b zm\u011bn\u00ed.<\/p>\n\n\n\n<p>V\u00fdsledky:<\/p>\n\n\n\n<p>1. etapa (175 km):<\/p>\n\n\n\n<p>1. Herregodts 4:24:00, 2. Meens (oba Belg.), 3. Kukrle (Elkov Kasper), 4. Ka\u0161par (ATT Investments) v\u0161ichni stejn\u00fd \u010das, 5. Tartlon (N\u011bm.) +3, 6. Fortin (It.), &#8230;8. Bittner (Development Team DSM), 14. T. Kopeck\u00fd (Tomas Abloc CT), 19. T. B\u00e1rta, 27. Petru\u0161 (oba ATT Investments), 28. Neuman, 34. J. B\u00e1rta, 38. \u0158eha (v\u0161ichni Elkov Kasper), 46. Heming (N\u011bm.\/ATT Investments), 47. \u0160to\u010dek (SR\/ATT Investments) v\u0161ichni +23.<\/p>\n\n\n\n<p>FOTO Sazka Tour<\/p>\n\n\n\n<figure class=\"wp-block-image size-large\"><img loading=\"lazy\" decoding=\"async\" width=\"1024\" height=\"683\" src=\"http:\/\/www.czechcyclingfederation.com\/wp-content\/uploads\/2022\/08\/Kukrle-1024x683.jpg\" alt=\"\" class=\"wp-image-13014\" srcset=\"https:\/\/www.czechcyclingfederation.com\/wp-content\/uploads\/2022\/08\/Kukrle-1024x683.jpg 1024w, https:\/\/www.czechcyclingfederation.com\/wp-content\/uploads\/2022\/08\/Kukrle-300x200.jpg 300w, https:\/\/www.czechcyclingfederation.com\/wp-content\/uploads\/2022\/08\/Kukrle-768x512.jpg 768w, https:\/\/www.czechcyclingfederation.com\/wp-content\/uploads\/2022\/08\/Kukrle-1536x1024.jpg 1536w, https:\/\/www.czechcyclingfederation.com\/wp-content\/uploads\/2022\/08\/Kukrle-2048x1365.jpg 2048w, https:\/\/www.czechcyclingfederation.com\/wp-content\/uploads\/2022\/08\/Kukrle-1320x880.jpg 1320w\" sizes=\"auto, (max-width: 1024px) 100vw, 1024px\" \/><\/figure>\n\n\n\n<figure class=\"wp-block-image size-large\"><img loading=\"lazy\" decoding=\"async\" width=\"1024\" height=\"819\" src=\"http:\/\/www.czechcyclingfederation.com\/wp-content\/uploads\/2022\/08\/Herregodts-1024x819.jpg\" alt=\"\" class=\"wp-image-13013\" srcset=\"https:\/\/www.czechcyclingfederation.com\/wp-content\/uploads\/2022\/08\/Herregodts-1024x819.jpg 1024w, https:\/\/www.czechcyclingfederation.com\/wp-content\/uploads\/2022\/08\/Herregodts-250x200.jpg 250w, https:\/\/www.czechcyclingfederation.com\/wp-content\/uploads\/2022\/08\/Herregodts-768x614.jpg 768w, https:\/\/www.czechcyclingfederation.com\/wp-content\/uploads\/2022\/08\/Herregodts-1536x1229.jpg 1536w, https:\/\/www.czechcyclingfederation.com\/wp-content\/uploads\/2022\/08\/Herregodts-2048x1638.jpg 2048w, https:\/\/www.czechcyclingfederation.com\/wp-content\/uploads\/2022\/08\/Herregodts-1320x1056.jpg 1320w\" sizes=\"auto, (max-width: 1024px) 100vw, 1024px\" \/><\/figure>\n","protected":false},"excerpt":{"rendered":"<p>Michael Kukrle, jezdec nejlep\u0161\u00ed \u010desk\u00e9 st\u00e1je Elkov Kasper, skon\u010dil t\u0159et\u00ed v \u00favodn\u00ed etap\u011b presti\u017en\u00edho cyklistick\u00e9ho z\u00e1vodu SAZKA Tour. \u00davodn\u00ed etapa se dnes jela z Uni\u010dova do Prost\u011bjova a m\u011b\u0159ila 175 kilometr\u016f. Kukrle byl \u010dlenem p\u011bti\u010dlenn\u00e9 skupiny, kter\u00e1 t\u011bsn\u011b dot\u00e1hla \u00fanik a\u017e do c\u00edlov\u00e9 rovinky kde se rozhodovalo ve spurtu. V n\u011bm m\u011bl nejv\u00edce sil Belgi\u010dan [&hellip;]<\/p>\n","protected":false},"author":8,"featured_media":13015,"comment_status":"closed","ping_status":"open","sticky":false,"template":"","format":"standard","meta":{"footnotes":""},"categories":[2,18],"tags":[11],"class_list":["post-13012","post","type-post","status-publish","format-standard","has-post-thumbnail","hentry","category-novinky","category-silnice","tag-silnice"],"_links":{"self":[{"href":"https:\/\/www.czechcyclingfederation.com\/en\/wp-json\/wp\/v2\/posts\/13012","targetHints":{"allow":["GET"]}}],"collection":[{"href":"https:\/\/www.czechcyclingfederation.com\/en\/wp-json\/wp\/v2\/posts"}],"about":[{"href":"https:\/\/www.czechcyclingfederation.com\/en\/wp-json\/wp\/v2\/types\/post"}],"author":[{"embeddable":true,"href":"https:\/\/www.czechcyclingfederation.com\/en\/wp-json\/wp\/v2\/users\/8"}],"replies":[{"embeddable":true,"href":"https:\/\/www.czechcyclingfederation.com\/en\/wp-json\/wp\/v2\/comments?post=13012"}],"version-history":[{"count":1,"href":"https:\/\/www.czechcyclingfederation.com\/en\/wp-json\/wp\/v2\/posts\/13012\/revisions"}],"predecessor-version":[{"id":13016,"href":"https:\/\/www.czechcyclingfederation.com\/en\/wp-json\/wp\/v2\/posts\/13012\/revisions\/13016"}],"wp:featuredmedia":[{"embeddable":true,"href":"https:\/\/www.czechcyclingfederation.com\/en\/wp-json\/wp\/v2\/media\/13015"}],"wp:attachment":[{"href":"https:\/\/www.czechcyclingfederation.com\/en\/wp-json\/wp\/v2\/media?parent=13012"}],"wp:term":[{"taxonomy":"category","embeddable":true,"href":"https:\/\/www.czechcyclingfederation.com\/en\/wp-json\/wp\/v2\/categories?post=13012"},{"taxonomy":"post_tag","embeddable":true,"href":"https:\/\/www.czechcyclingfederation.com\/en\/wp-json\/wp\/v2\/tags?post=13012"}],"curies":[{"name":"wp","href":"https:\/\/api.w.org\/{rel}","templated":true}]}}