{"id":13002,"date":"2022-08-03T18:40:08","date_gmt":"2022-08-03T16:40:08","guid":{"rendered":"https:\/\/www.czechcyclingfederation.com\/?p=13002"},"modified":"2022-08-03T18:40:11","modified_gmt":"2022-08-03T16:40:11","slug":"para-cyklisty-ceka-vrchol-sezony-v-kanade","status":"publish","type":"post","link":"https:\/\/www.czechcyclingfederation.com\/en\/para-cyklisty-ceka-vrchol-sezony-v-kanade\/","title":{"rendered":"Para cyklisty \u010dek\u00e1 vrchol sez\u00f3ny v Kanad\u011b"},"content":{"rendered":"\n<p>Velmi n\u00e1ro\u010dnou sez\u00f3nu absolvuj\u00ed \u010de\u0161t\u00ed reprezentanti v para cyklistice ji\u017e od kv\u011btna leto\u0161n\u00edho roku. Po dvou uplynul\u00fdch letech, kdy se v\u011bt\u0161ina sout\u011b\u017e\u00ed nemohla z d\u016fvodu opat\u0159en\u00ed proti COVIDu 19 uskute\u010dnit a do\u0161lo, stejn\u011b jako u olympionik\u016f, k p\u0159esunut\u00ed kon\u00e1n\u00ed paralympijsk\u00fdch her v Tokiu o jeden rok, leto\u0161n\u00ed rok je doslova nabit\u00fd vrcholn\u00fdmi podniky UCI a UEC. <\/p>\n\n\n\n<p>V n\u00e1sleduj\u00edc\u00edch dvou t\u00fddnech budou handicapovan\u00ed cyklist\u00e9 bojovat jak o co nejlep\u0161\u00ed um\u00edst\u011bn\u00ed v celkov\u00e9m po\u0159ad\u00ed v seri\u00e1lu UCI sv\u011btov\u00e9ho poh\u00e1ru v para cyklistice, tak v nejpresti\u017en\u011bj\u0161\u00edch souboj\u00edch na mistrovstv\u00ed sv\u011bta. Nejprve sv\u011btov\u00fd peloton para cyklist\u016f p\u0159iv\u00edt\u00e1 kanadsk\u00fd Quebec, kde se uskute\u010dn\u00ed fin\u00e1lov\u00fd z\u00e1vod sv\u011btov\u00e9ho poh\u00e1ru. Pot\u00e9 se cyklist\u00e9 p\u0159esunou do Baie Comeau, vzd\u00e1len\u00e9ho 400 km od Quebecu, kde od 11.8.2022 prob\u011bhne mistrovstv\u00ed sv\u011bta v silni\u010dn\u00ed para cyklistice.<\/p>\n\n\n\n<p>Mistrovstv\u00ed sv\u011bta host\u00ed mal\u00e9 m\u011bste\u010dko na v\u00fdchod\u011b Kanady ji\u017e po t\u0159et\u00ed a \u010desk\u00fdm cyklist\u016fm se v n\u011bm v\u017edy da\u0159ilo. Poprv\u00e9 se para cyklist\u00e9 v Kanad\u011b p\u0159edstavili p\u0159ed 12 lety v roce 2010 a \u010desk\u00e1 v\u00fdprava p\u0159ivezla z\u00e1sluhou Jirky Je\u017eka titul mistra sv\u011bta v \u010dasovce a dv\u011b bronzov\u00e9 medaile p\u0159idali z\u00e1vodn\u00edci Michal Stark a David Vondr\u00e1\u010dek. Za \u010dty\u0159i roky v roce 2013 se \u010desk\u00e1 v\u00fdprava bl\u00fdskla hned 6 cenn\u00fdmi kovy, kter\u00e9 vybojovali Ji\u0159\u00ed Je\u017eek, Tereza Diepoldov\u00e1 a Ji\u0159\u00ed Hindr. <\/p>\n\n\n\n<p>Letos se vydala do Kanady m\u00e9n\u011b po\u010detn\u00e1 v\u00fdprava \u010d\u00edtaj\u00edc\u00ed \u010dty\u0159i reprezentanty: handbikera Patrika Jahodu, tricyklistu Romana \u0160ejnu a dva &#8220;bicyklisty&#8221; Iva Koblasu a Michala Starka. Svou \u00fa\u010dast musely ze zdravotn\u00edch d\u016fvod\u016f od\u0159\u00edct handbikerka Kate\u0159ina Anto\u0161ov\u00e1 a tricyklistka Pavl\u00edna Vejvodov\u00e1, tak\u017ee o co nejlep\u0161\u00ed v\u00fdsledky budou bojovat za \u010cR pouze mu\u017ei a to v \u010dasovce jednotlivc\u016f a v hromadn\u00e9m silni\u010dn\u00edm z\u00e1vod\u011b.<\/p>\n\n\n\n<p>Program sv\u011btov\u00e9ho poh\u00e1ru v Quebecu se rozb\u00edh\u00e1 ji\u017e z\u00edtra \u010dasovkami jednotlivc\u016f a na start se postupn\u011b postav\u00ed v\u0161ichni \u010dty\u0159i \u010ce\u0161i. O v\u00edkendu pak program pokra\u010duje hromadn\u00fdm z\u00e1vodem jednotliv\u00fdch kategori\u00ed.<\/p>\n\n\n\n<figure class=\"wp-block-image size-large\"><img decoding=\"async\" src=\"https:\/\/www.czechcyclingfederation.com\/wp-content\/uploads\/2022\/08\/f26aec1e-710d-4867-a871-b39c827fa2f5-1024x768.jpeg\" alt=\"\" class=\"wp-image-13003\"\/><\/figure>\n\n\n\n<figure class=\"wp-block-image size-large\"><img loading=\"lazy\" decoding=\"async\" width=\"1024\" height=\"773\" src=\"https:\/\/www.czechcyclingfederation.com\/wp-content\/uploads\/2022\/08\/2cf82f01-2925-4533-9424-714704d01423-1024x773.jpeg\" alt=\"\" class=\"wp-image-13004\" srcset=\"https:\/\/www.czechcyclingfederation.com\/wp-content\/uploads\/2022\/08\/2cf82f01-2925-4533-9424-714704d01423-1024x773.jpeg 1024w, https:\/\/www.czechcyclingfederation.com\/wp-content\/uploads\/2022\/08\/2cf82f01-2925-4533-9424-714704d01423-265x200.jpeg 265w, https:\/\/www.czechcyclingfederation.com\/wp-content\/uploads\/2022\/08\/2cf82f01-2925-4533-9424-714704d01423-768x580.jpeg 768w, https:\/\/www.czechcyclingfederation.com\/wp-content\/uploads\/2022\/08\/2cf82f01-2925-4533-9424-714704d01423-1536x1160.jpeg 1536w, https:\/\/www.czechcyclingfederation.com\/wp-content\/uploads\/2022\/08\/2cf82f01-2925-4533-9424-714704d01423-1320x996.jpeg 1320w, https:\/\/www.czechcyclingfederation.com\/wp-content\/uploads\/2022\/08\/2cf82f01-2925-4533-9424-714704d01423.jpeg 2048w\" sizes=\"auto, (max-width: 1024px) 100vw, 1024px\" \/><\/figure>\n\n\n\n<figure class=\"wp-block-image size-large\"><img loading=\"lazy\" decoding=\"async\" width=\"1024\" height=\"768\" src=\"https:\/\/www.czechcyclingfederation.com\/wp-content\/uploads\/2022\/08\/e2f8db2c-6166-49cc-9634-6ed1aef74e7c-1024x768.jpeg\" alt=\"\" class=\"wp-image-13005\" srcset=\"https:\/\/www.czechcyclingfederation.com\/wp-content\/uploads\/2022\/08\/e2f8db2c-6166-49cc-9634-6ed1aef74e7c-1024x768.jpeg 1024w, https:\/\/www.czechcyclingfederation.com\/wp-content\/uploads\/2022\/08\/e2f8db2c-6166-49cc-9634-6ed1aef74e7c-267x200.jpeg 267w, https:\/\/www.czechcyclingfederation.com\/wp-content\/uploads\/2022\/08\/e2f8db2c-6166-49cc-9634-6ed1aef74e7c-768x576.jpeg 768w, https:\/\/www.czechcyclingfederation.com\/wp-content\/uploads\/2022\/08\/e2f8db2c-6166-49cc-9634-6ed1aef74e7c-1536x1152.jpeg 1536w, https:\/\/www.czechcyclingfederation.com\/wp-content\/uploads\/2022\/08\/e2f8db2c-6166-49cc-9634-6ed1aef74e7c-1320x990.jpeg 1320w, https:\/\/www.czechcyclingfederation.com\/wp-content\/uploads\/2022\/08\/e2f8db2c-6166-49cc-9634-6ed1aef74e7c.jpeg 2048w\" sizes=\"auto, (max-width: 1024px) 100vw, 1024px\" \/><\/figure>\n\n\n\n<figure class=\"wp-block-image size-large\"><img loading=\"lazy\" decoding=\"async\" width=\"1024\" height=\"768\" src=\"https:\/\/www.czechcyclingfederation.com\/wp-content\/uploads\/2022\/08\/50e998c0-eaae-4e88-b793-9c354e349ad8-1024x768.jpeg\" alt=\"\" class=\"wp-image-13006\" srcset=\"https:\/\/www.czechcyclingfederation.com\/wp-content\/uploads\/2022\/08\/50e998c0-eaae-4e88-b793-9c354e349ad8-1024x768.jpeg 1024w, https:\/\/www.czechcyclingfederation.com\/wp-content\/uploads\/2022\/08\/50e998c0-eaae-4e88-b793-9c354e349ad8-267x200.jpeg 267w, https:\/\/www.czechcyclingfederation.com\/wp-content\/uploads\/2022\/08\/50e998c0-eaae-4e88-b793-9c354e349ad8-768x576.jpeg 768w, https:\/\/www.czechcyclingfederation.com\/wp-content\/uploads\/2022\/08\/50e998c0-eaae-4e88-b793-9c354e349ad8-1536x1152.jpeg 1536w, https:\/\/www.czechcyclingfederation.com\/wp-content\/uploads\/2022\/08\/50e998c0-eaae-4e88-b793-9c354e349ad8-1320x990.jpeg 1320w, https:\/\/www.czechcyclingfederation.com\/wp-content\/uploads\/2022\/08\/50e998c0-eaae-4e88-b793-9c354e349ad8.jpeg 1600w\" sizes=\"auto, (max-width: 1024px) 100vw, 1024px\" \/><\/figure>\n\n\n\n<figure class=\"wp-block-image size-large\"><img loading=\"lazy\" decoding=\"async\" width=\"1024\" height=\"806\" src=\"https:\/\/www.czechcyclingfederation.com\/wp-content\/uploads\/2022\/08\/a2a167de-a6b9-48a5-89b3-21963500ca18-1024x806.jpeg\" alt=\"\" class=\"wp-image-13007\" srcset=\"https:\/\/www.czechcyclingfederation.com\/wp-content\/uploads\/2022\/08\/a2a167de-a6b9-48a5-89b3-21963500ca18-1024x806.jpeg 1024w, https:\/\/www.czechcyclingfederation.com\/wp-content\/uploads\/2022\/08\/a2a167de-a6b9-48a5-89b3-21963500ca18-254x200.jpeg 254w, https:\/\/www.czechcyclingfederation.com\/wp-content\/uploads\/2022\/08\/a2a167de-a6b9-48a5-89b3-21963500ca18-768x605.jpeg 768w, https:\/\/www.czechcyclingfederation.com\/wp-content\/uploads\/2022\/08\/a2a167de-a6b9-48a5-89b3-21963500ca18-1536x1209.jpeg 1536w, https:\/\/www.czechcyclingfederation.com\/wp-content\/uploads\/2022\/08\/a2a167de-a6b9-48a5-89b3-21963500ca18-1320x1039.jpeg 1320w, https:\/\/www.czechcyclingfederation.com\/wp-content\/uploads\/2022\/08\/a2a167de-a6b9-48a5-89b3-21963500ca18.jpeg 2048w\" sizes=\"auto, (max-width: 1024px) 100vw, 1024px\" \/><\/figure>\n\n\n\n<figure class=\"wp-block-image size-large\"><img loading=\"lazy\" decoding=\"async\" width=\"1024\" height=\"768\" src=\"https:\/\/www.czechcyclingfederation.com\/wp-content\/uploads\/2022\/08\/020153d6-734f-46b8-97c0-08aab55ab3a6-1024x768.jpeg\" alt=\"\" class=\"wp-image-13008\" srcset=\"https:\/\/www.czechcyclingfederation.com\/wp-content\/uploads\/2022\/08\/020153d6-734f-46b8-97c0-08aab55ab3a6-1024x768.jpeg 1024w, https:\/\/www.czechcyclingfederation.com\/wp-content\/uploads\/2022\/08\/020153d6-734f-46b8-97c0-08aab55ab3a6-267x200.jpeg 267w, https:\/\/www.czechcyclingfederation.com\/wp-content\/uploads\/2022\/08\/020153d6-734f-46b8-97c0-08aab55ab3a6-768x576.jpeg 768w, https:\/\/www.czechcyclingfederation.com\/wp-content\/uploads\/2022\/08\/020153d6-734f-46b8-97c0-08aab55ab3a6-1536x1152.jpeg 1536w, https:\/\/www.czechcyclingfederation.com\/wp-content\/uploads\/2022\/08\/020153d6-734f-46b8-97c0-08aab55ab3a6-1320x990.jpeg 1320w, https:\/\/www.czechcyclingfederation.com\/wp-content\/uploads\/2022\/08\/020153d6-734f-46b8-97c0-08aab55ab3a6.jpeg 1600w\" sizes=\"auto, (max-width: 1024px) 100vw, 1024px\" \/><\/figure>\n\n\n\n<figure class=\"wp-block-image size-large\"><img loading=\"lazy\" decoding=\"async\" width=\"1024\" height=\"768\" src=\"https:\/\/www.czechcyclingfederation.com\/wp-content\/uploads\/2022\/08\/a12b1b7f-19b2-4a96-8ca4-0bc59a24564d-1024x768.jpeg\" alt=\"\" class=\"wp-image-13009\" srcset=\"https:\/\/www.czechcyclingfederation.com\/wp-content\/uploads\/2022\/08\/a12b1b7f-19b2-4a96-8ca4-0bc59a24564d-1024x768.jpeg 1024w, https:\/\/www.czechcyclingfederation.com\/wp-content\/uploads\/2022\/08\/a12b1b7f-19b2-4a96-8ca4-0bc59a24564d-267x200.jpeg 267w, https:\/\/www.czechcyclingfederation.com\/wp-content\/uploads\/2022\/08\/a12b1b7f-19b2-4a96-8ca4-0bc59a24564d-768x576.jpeg 768w, https:\/\/www.czechcyclingfederation.com\/wp-content\/uploads\/2022\/08\/a12b1b7f-19b2-4a96-8ca4-0bc59a24564d-1536x1152.jpeg 1536w, https:\/\/www.czechcyclingfederation.com\/wp-content\/uploads\/2022\/08\/a12b1b7f-19b2-4a96-8ca4-0bc59a24564d-1320x990.jpeg 1320w, https:\/\/www.czechcyclingfederation.com\/wp-content\/uploads\/2022\/08\/a12b1b7f-19b2-4a96-8ca4-0bc59a24564d.jpeg 2016w\" sizes=\"auto, (max-width: 1024px) 100vw, 1024px\" \/><\/figure>\n\n\n\n<figure class=\"wp-block-image size-large\"><img loading=\"lazy\" decoding=\"async\" width=\"1024\" height=\"768\" src=\"https:\/\/www.czechcyclingfederation.com\/wp-content\/uploads\/2022\/08\/0a5dfce6-ff19-4237-9acd-f54d0d12fbf8-1024x768.jpeg\" alt=\"\" class=\"wp-image-13010\" srcset=\"https:\/\/www.czechcyclingfederation.com\/wp-content\/uploads\/2022\/08\/0a5dfce6-ff19-4237-9acd-f54d0d12fbf8-1024x768.jpeg 1024w, https:\/\/www.czechcyclingfederation.com\/wp-content\/uploads\/2022\/08\/0a5dfce6-ff19-4237-9acd-f54d0d12fbf8-267x200.jpeg 267w, https:\/\/www.czechcyclingfederation.com\/wp-content\/uploads\/2022\/08\/0a5dfce6-ff19-4237-9acd-f54d0d12fbf8-768x576.jpeg 768w, https:\/\/www.czechcyclingfederation.com\/wp-content\/uploads\/2022\/08\/0a5dfce6-ff19-4237-9acd-f54d0d12fbf8-1536x1152.jpeg 1536w, https:\/\/www.czechcyclingfederation.com\/wp-content\/uploads\/2022\/08\/0a5dfce6-ff19-4237-9acd-f54d0d12fbf8-1320x990.jpeg 1320w, https:\/\/www.czechcyclingfederation.com\/wp-content\/uploads\/2022\/08\/0a5dfce6-ff19-4237-9acd-f54d0d12fbf8.jpeg 2016w\" sizes=\"auto, (max-width: 1024px) 100vw, 1024px\" \/><\/figure>\n","protected":false},"excerpt":{"rendered":"<p>Velmi n\u00e1ro\u010dnou sez\u00f3nu absolvuj\u00ed \u010de\u0161t\u00ed reprezentanti v para cyklistice ji\u017e od kv\u011btna leto\u0161n\u00edho roku. Po dvou uplynul\u00fdch letech, kdy se v\u011bt\u0161ina sout\u011b\u017e\u00ed nemohla z d\u016fvodu opat\u0159en\u00ed proti COVIDu 19 uskute\u010dnit a do\u0161lo, stejn\u011b jako u olympionik\u016f, k p\u0159esunut\u00ed kon\u00e1n\u00ed paralympijsk\u00fdch her v Tokiu o jeden rok, leto\u0161n\u00ed rok je doslova nabit\u00fd vrcholn\u00fdmi podniky UCI a [&hellip;]<\/p>\n","protected":false},"author":3,"featured_media":13003,"comment_status":"closed","ping_status":"open","sticky":false,"template":"","format":"standard","meta":{"footnotes":""},"categories":[2,99,103],"tags":[62],"class_list":["post-13002","post","type-post","status-publish","format-standard","has-post-thumbnail","hentry","category-novinky","category-paracyklistika","category-reprezentace","tag-paracyklistika"],"_links":{"self":[{"href":"https:\/\/www.czechcyclingfederation.com\/en\/wp-json\/wp\/v2\/posts\/13002","targetHints":{"allow":["GET"]}}],"collection":[{"href":"https:\/\/www.czechcyclingfederation.com\/en\/wp-json\/wp\/v2\/posts"}],"about":[{"href":"https:\/\/www.czechcyclingfederation.com\/en\/wp-json\/wp\/v2\/types\/post"}],"author":[{"embeddable":true,"href":"https:\/\/www.czechcyclingfederation.com\/en\/wp-json\/wp\/v2\/users\/3"}],"replies":[{"embeddable":true,"href":"https:\/\/www.czechcyclingfederation.com\/en\/wp-json\/wp\/v2\/comments?post=13002"}],"version-history":[{"count":1,"href":"https:\/\/www.czechcyclingfederation.com\/en\/wp-json\/wp\/v2\/posts\/13002\/revisions"}],"predecessor-version":[{"id":13011,"href":"https:\/\/www.czechcyclingfederation.com\/en\/wp-json\/wp\/v2\/posts\/13002\/revisions\/13011"}],"wp:featuredmedia":[{"embeddable":true,"href":"https:\/\/www.czechcyclingfederation.com\/en\/wp-json\/wp\/v2\/media\/13003"}],"wp:attachment":[{"href":"https:\/\/www.czechcyclingfederation.com\/en\/wp-json\/wp\/v2\/media?parent=13002"}],"wp:term":[{"taxonomy":"category","embeddable":true,"href":"https:\/\/www.czechcyclingfederation.com\/en\/wp-json\/wp\/v2\/categories?post=13002"},{"taxonomy":"post_tag","embeddable":true,"href":"https:\/\/www.czechcyclingfederation.com\/en\/wp-json\/wp\/v2\/tags?post=13002"}],"curies":[{"name":"wp","href":"https:\/\/api.w.org\/{rel}","templated":true}]}}