{"id":12995,"date":"2022-08-03T14:18:00","date_gmt":"2022-08-03T12:18:00","guid":{"rendered":"https:\/\/www.czechcyclingfederation.com\/?p=12995"},"modified":"2022-08-03T14:18:03","modified_gmt":"2022-08-03T12:18:03","slug":"silna-konkurence-na-sazka-tour","status":"publish","type":"post","link":"https:\/\/www.czechcyclingfederation.com\/en\/silna-konkurence-na-sazka-tour\/","title":{"rendered":"Siln\u00e1 konkurence na SAZKA Tour"},"content":{"rendered":"\n<p>Celkem dvaadvacet t\u00fdm\u016f, z toho t\u0159i z World Tour, \u010desk\u00e1 jedni\u010dka Jan Hirt a dal\u0161\u00ed siln\u00ed cyklist\u00e9 z cel\u00e9ho sv\u011bta. To bude leto\u0161n\u00ed ro\u010dn\u00edk SAZKA Tour, nejv\u011bt\u0161\u00edho etapov\u00e9ho z\u00e1vodu v \u010cesk\u00e9 republice, kter\u00fd se pojede od \u010dtvrtka do ned\u011ble zejm\u00e9na v Olomouck\u00e9m a Moravskoslezsk\u00e9m kraji. Obhajovat v\u00edt\u011bzstv\u00ed bude Ital Filipo Zana, na startu bude tak\u00e9 celkov\u00fd v\u00edt\u011bz z roku 2020 Damien Howson z Austr\u00e1lie. Cyklist\u00e9 najezd\u00ed p\u0159es 700 kilometr\u016f a nastoupaj\u00ed v\u00edce ne\u017e deset tis\u00edc metr\u016f.<\/p>\n\n\n\n<p>Organiz\u00e1tor\u016fm se poda\u0159ilo domluvit i \u00fa\u010dast st\u00e1je Intermarch\u00e9 Wanty Gobert Mat\u00e9riaux, za kter\u00fd jezd\u00ed pr\u00e1v\u011b aktu\u00e1ln\u00ed tuzemsk\u00e1 jedni\u010dka Jan Hirt, celkov\u011b \u0161est\u00fd mu\u017e leto\u0161n\u00edho Gira. Dopln\u00ed ho t\u00fdmov\u00ed kolegov\u00e9 Domenico Pozzovivo z It\u00e1lie a Estonec Rein Taaram\u00e4e, prvn\u00ed z nich byl na Giru jen o dv\u011b m\u00edsta za Hirtem. Taaram\u00e4e dok\u00e1zal b\u011bhem sv\u00e9 kari\u00e9ry vyhr\u00e1t etapy na Giru i Vuelt\u011b. Zaj\u00edmav\u00fdm jm\u00e9nem ve startovn\u00ed listin\u011b je tak\u00e9 Cameron Meyer z Austr\u00e1lie, dev\u00edtin\u00e1sobn\u00fd mistr sv\u011bta v dr\u00e1hov\u00e9 cyklistice, kter\u00fd nyn\u00ed z\u00e1vod\u00ed za Team BikeExchange \u2013 Jayco.<\/p>\n\n\n\n<p>\u201eMysl\u00edm, \u017ee se m\u00e1me na co t\u011b\u0161it. Na startu jsou skv\u011bl\u00ed cyklist\u00e9 z World Tour i Honza Hirt, bude se z\u00e1vodit od za\u010d\u00e1tku do konce,\u201c je p\u0159esv\u011bd\u010den \u0159editel z\u00e1vodu Leopold K\u00f6nig, b\u00fdval\u00fd elitn\u00ed cyklista, kter\u00fd SAZKA Tour v minulosti dvakr\u00e1t vyhr\u00e1l. \u201eSamoz\u0159ejm\u011b bychom byli moc r\u00e1di, kdyby pr\u00e1v\u011b Honza promluvil do celkov\u00e9ho po\u0159ad\u00ed,\u201c doplnil K\u00f6nig.<\/p>\n\n\n\n<p>Hirt se p\u0159edstavil na SAZKA Tour ji\u017e n\u011bkolikr\u00e1t. Letos se bl\u00fdskl zejm\u00e9na v\u00edt\u011bzstv\u00edm v kr\u00e1lovsk\u00e9 etap\u011b italsk\u00e9ho Gira. \u201eDoma jsem v\u017edycky r\u00e1d z\u00e1vodil. Chci ud\u011blat co nejlep\u0161\u00ed v\u00fdsledek v celkov\u00e9m po\u0159ad\u00ed a hodn\u011b l\u00e1k\u00e1v\u00e1 je t\u0159et\u00ed etapa na Dlouh\u00e9 str\u00e1n\u011b, o kterou se chci pokusit,\u201c prohl\u00e1sil Hirt, kter\u00fd v\u0161ak od nov\u00e9 sezony bude jezdit v jin\u00fdch barv\u00e1ch.<\/p>\n\n\n\n<p>Ve startovn\u00ed listin\u011b jsou st\u00e1je World Tour, ale i nejlep\u0161\u00ed \u010desk\u00fd t\u00fdm Elkov \u2013 Kasper. P\u0159ihl\u00e1\u0161en je tak\u00e9 mlad\u00fd \u010desk\u00fd talent Pavel Bittner (Development Team DSM), kter\u00fd v \u010dervnov\u00e9m Z\u00e1vodu m\u00edru v Jesen\u00edk\u00e1ch jel jednu etapu ve \u017elut\u00e9m.<\/p>\n\n\n\n<p>FOTO Jan Brychta<\/p>\n\n\n\n<figure class=\"wp-block-image size-large\"><img loading=\"lazy\" decoding=\"async\" width=\"1024\" height=\"681\" src=\"https:\/\/www.czechcyclingfederation.com\/wp-content\/uploads\/2022\/08\/brychtajan_sazka_tour_20210808_161521_dsc_1197-1024x681.jpg\" alt=\"\" class=\"wp-image-12997\" srcset=\"https:\/\/www.czechcyclingfederation.com\/wp-content\/uploads\/2022\/08\/brychtajan_sazka_tour_20210808_161521_dsc_1197-1024x681.jpg 1024w, https:\/\/www.czechcyclingfederation.com\/wp-content\/uploads\/2022\/08\/brychtajan_sazka_tour_20210808_161521_dsc_1197-300x200.jpg 300w, https:\/\/www.czechcyclingfederation.com\/wp-content\/uploads\/2022\/08\/brychtajan_sazka_tour_20210808_161521_dsc_1197-768x511.jpg 768w, https:\/\/www.czechcyclingfederation.com\/wp-content\/uploads\/2022\/08\/brychtajan_sazka_tour_20210808_161521_dsc_1197-1536x1022.jpg 1536w, https:\/\/www.czechcyclingfederation.com\/wp-content\/uploads\/2022\/08\/brychtajan_sazka_tour_20210808_161521_dsc_1197-1320x878.jpg 1320w, https:\/\/www.czechcyclingfederation.com\/wp-content\/uploads\/2022\/08\/brychtajan_sazka_tour_20210808_161521_dsc_1197.jpg 2000w\" sizes=\"auto, (max-width: 1024px) 100vw, 1024px\" \/><\/figure>\n","protected":false},"excerpt":{"rendered":"<p>Celkem dvaadvacet t\u00fdm\u016f, z toho t\u0159i z World Tour, \u010desk\u00e1 jedni\u010dka Jan Hirt a dal\u0161\u00ed siln\u00ed cyklist\u00e9 z cel\u00e9ho sv\u011bta. To bude leto\u0161n\u00ed ro\u010dn\u00edk SAZKA Tour, nejv\u011bt\u0161\u00edho etapov\u00e9ho z\u00e1vodu v \u010cesk\u00e9 republice, kter\u00fd se pojede od \u010dtvrtka do ned\u011ble zejm\u00e9na v Olomouck\u00e9m a Moravskoslezsk\u00e9m kraji. Obhajovat v\u00edt\u011bzstv\u00ed bude Ital Filipo Zana, na startu bude tak\u00e9 [&hellip;]<\/p>\n","protected":false},"author":8,"featured_media":12996,"comment_status":"closed","ping_status":"open","sticky":false,"template":"","format":"standard","meta":{"footnotes":""},"categories":[2,18],"tags":[11],"class_list":["post-12995","post","type-post","status-publish","format-standard","has-post-thumbnail","hentry","category-novinky","category-silnice","tag-silnice"],"_links":{"self":[{"href":"https:\/\/www.czechcyclingfederation.com\/en\/wp-json\/wp\/v2\/posts\/12995","targetHints":{"allow":["GET"]}}],"collection":[{"href":"https:\/\/www.czechcyclingfederation.com\/en\/wp-json\/wp\/v2\/posts"}],"about":[{"href":"https:\/\/www.czechcyclingfederation.com\/en\/wp-json\/wp\/v2\/types\/post"}],"author":[{"embeddable":true,"href":"https:\/\/www.czechcyclingfederation.com\/en\/wp-json\/wp\/v2\/users\/8"}],"replies":[{"embeddable":true,"href":"https:\/\/www.czechcyclingfederation.com\/en\/wp-json\/wp\/v2\/comments?post=12995"}],"version-history":[{"count":1,"href":"https:\/\/www.czechcyclingfederation.com\/en\/wp-json\/wp\/v2\/posts\/12995\/revisions"}],"predecessor-version":[{"id":12998,"href":"https:\/\/www.czechcyclingfederation.com\/en\/wp-json\/wp\/v2\/posts\/12995\/revisions\/12998"}],"wp:featuredmedia":[{"embeddable":true,"href":"https:\/\/www.czechcyclingfederation.com\/en\/wp-json\/wp\/v2\/media\/12996"}],"wp:attachment":[{"href":"https:\/\/www.czechcyclingfederation.com\/en\/wp-json\/wp\/v2\/media?parent=12995"}],"wp:term":[{"taxonomy":"category","embeddable":true,"href":"https:\/\/www.czechcyclingfederation.com\/en\/wp-json\/wp\/v2\/categories?post=12995"},{"taxonomy":"post_tag","embeddable":true,"href":"https:\/\/www.czechcyclingfederation.com\/en\/wp-json\/wp\/v2\/tags?post=12995"}],"curies":[{"name":"wp","href":"https:\/\/api.w.org\/{rel}","templated":true}]}}