{"id":12992,"date":"2022-08-02T08:14:37","date_gmt":"2022-08-02T06:14:37","guid":{"rendered":"https:\/\/www.czechcyclingfederation.com\/?p=12992"},"modified":"2022-08-02T08:14:39","modified_gmt":"2022-08-02T06:14:39","slug":"jan-hirt-pojede-sazka-tour","status":"publish","type":"post","link":"https:\/\/www.czechcyclingfederation.com\/en\/jan-hirt-pojede-sazka-tour\/","title":{"rendered":"Jan Hirt pojede Sazka Tour"},"content":{"rendered":"\n<p>Aktu\u00e1ln\u00ed \u010desk\u00e1 jedni\u010dka Jan Hirt pojede Sazka Tour, jeden z nejpresti\u017en\u011bj\u0161\u00edch tuzemsk\u00fdch etapov\u00fdch z\u00e1vod\u016f, kter\u00fd se kon\u00e1 tento t\u00fdden od \u010dtvrtka do ned\u011ble v\u00a0Olomouck\u00e9m a Moravskoslezsk\u00e9m kraji. Z\u00e1vodn\u00edk t\u00fdmu Intermarch\u00e9 Wanty Gobert Mat\u00e9riaux potvrdil \u00fa\u010dast. Doplnit by ho m\u011bli i t\u00fdmov\u00ed kolegov\u00e9 Domenico Pozzovivo z\u00a0It\u00e1lie a Estonec Taaram\u00e4e.<\/p>\n\n\n\n<p><br>\u201eJe to skv\u011bl\u00e1 zpr\u00e1va, \u017ee se n\u00e1m poda\u0159ilo domluvit se s nejlep\u0161\u00edm tuzemsk\u00fdm cyklistou leto\u0161n\u00ed sezony na jeho startu. V\u011b\u0159\u00edme, \u017ee bude bojovat o celkov\u00fd triumf a p\u0159it\u00e1hne co nejv\u00edc fanou\u0161k\u016f k trati,\u201c prohl\u00e1sil Leopold K\u00f6nig, \u0159editel z\u00e1vodu.&nbsp;<\/p>\n\n\n\n<p><br>Hirtov\u00fdm soupe\u0159em bude mimo jin\u00e9 tak\u00e9 obh\u00e1jce lo\u0148sk\u00e9ho v\u00edt\u011bzstv\u00ed Filippo Zana z&nbsp;It\u00e1lie, kter\u00fd byl loni tak\u00e9 celkov\u011b t\u0159et\u00ed na Tour de l\u2019Avenir, p\u0159ijede tak\u00e9 v\u00edt\u011bz z\u00e1vodu z&nbsp;roku 2020 Australan Damien Howson. Pozzovivo byl letos celkov\u011b osm\u00fd na Giru, Taaram\u00e4e dok\u00e1zal b\u011bhem sv\u00e9 kari\u00e9ry vyhr\u00e1t etapy na Giru i Vuelt\u011b.<\/p>\n\n\n\n<p><br>Na Sazka Tour Hirt z\u00e1vodil u\u017e celkem osmkr\u00e1t. Letos se bl\u00fdskl zejm\u00e9na v\u00edt\u011bzstv\u00edm v&nbsp;kr\u00e1lovsk\u00e9 etap\u011b italsk\u00e9ho Gira, v&nbsp;n\u011bm\u017e byl nakonec celkov\u011b \u0161est\u00fd. \u201eV\u017edy jsem byl r\u00e1d, kdy\u017e jsem mohl z\u00e1vod p\u0159ed dom\u00e1c\u00edmi fanou\u0161ky. Proto\u017ee se mi u\u017e v&nbsp;sezon\u011b poda\u0159ilo ud\u011blat kvalitn\u00ed v\u00fdsledek, pojedu v&nbsp;klidu a bez stresu,\u201c vzk\u00e1zal Hirt. \u201eChci ud\u011blat co nejlep\u0161\u00ed v\u00fdsledek v&nbsp;celkov\u00e9m po\u0159ad\u00ed a hodn\u011b l\u00e1k\u00e1v\u00e1 je t\u0159et\u00ed etapa na Dlouh\u00e9 str\u00e1n\u011b, o kterou se chci pokusit,\u201c doplnil.&nbsp;<\/p>\n","protected":false},"excerpt":{"rendered":"<p>Aktu\u00e1ln\u00ed \u010desk\u00e1 jedni\u010dka Jan Hirt pojede Sazka Tour, jeden z nejpresti\u017en\u011bj\u0161\u00edch tuzemsk\u00fdch etapov\u00fdch z\u00e1vod\u016f, kter\u00fd se kon\u00e1 tento t\u00fdden od \u010dtvrtka do ned\u011ble v\u00a0Olomouck\u00e9m a Moravskoslezsk\u00e9m kraji. Z\u00e1vodn\u00edk t\u00fdmu Intermarch\u00e9 Wanty Gobert Mat\u00e9riaux potvrdil \u00fa\u010dast. Doplnit by ho m\u011bli i t\u00fdmov\u00ed kolegov\u00e9 Domenico Pozzovivo z\u00a0It\u00e1lie a Estonec Taaram\u00e4e. \u201eJe to skv\u011bl\u00e1 zpr\u00e1va, \u017ee se n\u00e1m [&hellip;]<\/p>\n","protected":false},"author":1,"featured_media":11100,"comment_status":"closed","ping_status":"open","sticky":false,"template":"","format":"standard","meta":{"footnotes":""},"categories":[17,2,18],"tags":[11],"class_list":["post-12992","post","type-post","status-publish","format-standard","has-post-thumbnail","hentry","category-discipliny","category-novinky","category-silnice","tag-silnice"],"_links":{"self":[{"href":"https:\/\/www.czechcyclingfederation.com\/en\/wp-json\/wp\/v2\/posts\/12992","targetHints":{"allow":["GET"]}}],"collection":[{"href":"https:\/\/www.czechcyclingfederation.com\/en\/wp-json\/wp\/v2\/posts"}],"about":[{"href":"https:\/\/www.czechcyclingfederation.com\/en\/wp-json\/wp\/v2\/types\/post"}],"author":[{"embeddable":true,"href":"https:\/\/www.czechcyclingfederation.com\/en\/wp-json\/wp\/v2\/users\/1"}],"replies":[{"embeddable":true,"href":"https:\/\/www.czechcyclingfederation.com\/en\/wp-json\/wp\/v2\/comments?post=12992"}],"version-history":[{"count":1,"href":"https:\/\/www.czechcyclingfederation.com\/en\/wp-json\/wp\/v2\/posts\/12992\/revisions"}],"predecessor-version":[{"id":12993,"href":"https:\/\/www.czechcyclingfederation.com\/en\/wp-json\/wp\/v2\/posts\/12992\/revisions\/12993"}],"wp:featuredmedia":[{"embeddable":true,"href":"https:\/\/www.czechcyclingfederation.com\/en\/wp-json\/wp\/v2\/media\/11100"}],"wp:attachment":[{"href":"https:\/\/www.czechcyclingfederation.com\/en\/wp-json\/wp\/v2\/media?parent=12992"}],"wp:term":[{"taxonomy":"category","embeddable":true,"href":"https:\/\/www.czechcyclingfederation.com\/en\/wp-json\/wp\/v2\/categories?post=12992"},{"taxonomy":"post_tag","embeddable":true,"href":"https:\/\/www.czechcyclingfederation.com\/en\/wp-json\/wp\/v2\/tags?post=12992"}],"curies":[{"name":"wp","href":"https:\/\/api.w.org\/{rel}","templated":true}]}}