{"id":12979,"date":"2022-07-31T17:19:42","date_gmt":"2022-07-31T15:19:42","guid":{"rendered":"https:\/\/www.czechcyclingfederation.com\/?p=12979"},"modified":"2022-07-31T17:19:44","modified_gmt":"2022-07-31T15:19:44","slug":"zemrel-trener-cyril-schejbal","status":"publish","type":"post","link":"https:\/\/www.czechcyclingfederation.com\/en\/zemrel-trener-cyril-schejbal\/","title":{"rendered":"Zem\u0159el tren\u00e9r Cyril Schejbal"},"content":{"rendered":"\n<p>Cyklistick\u00e9 \u0159ady p\u0159i\u0161ly o Cyrila Schejbala, kter\u00fd zem\u0159el v sobotu 30. \u010dervence ve v\u011bku 74 let. Schejbal byl b\u00fdval\u00fd z\u00e1vodn\u00edk Favoritu Praha a n\u00e1sledn\u011b KOVO Praha, potom d\u011blal tren\u00e9ra a byl p\u0159edsedou odd\u00edlu VTJ Dukla Praha kde se staral o ml\u00e1de\u017e. Pod jeho veden\u00edm za\u010d\u00ednat t\u0159eba n\u011bkolikan\u00e1sobn\u00fd mistra republiky ve st\u00edhac\u00edm z\u00e1vodu Roman \u010cerm\u00e1k.<\/p>\n\n\n\n<p>N\u00e1sledn\u011b d\u011blal tak\u00e9 metodika v Dukle Praha a byl \u0161\u00e9f sportovn\u00edho \u00faseku tohoto \u00fasp\u011b\u0161n\u00e9ho klubu.<\/p>\n\n\n\n<p>Posledn\u00ed rozlou\u010den\u00ed s&nbsp;Cyrilen Schejbalem se uskute\u010dn\u00ed ve \u010dtvrtek 4. srpna ve 14:40 v mal\u00e9 ob\u0159adn\u00ed s\u00edni krematoria v Praze-Stra\u0161nic\u00edch.<\/p>\n","protected":false},"excerpt":{"rendered":"<p>Cyklistick\u00e9 \u0159ady p\u0159i\u0161ly o Cyrila Schejbala, kter\u00fd zem\u0159el v sobotu 30. \u010dervence ve v\u011bku 74 let. Schejbal byl b\u00fdval\u00fd z\u00e1vodn\u00edk Favoritu Praha a n\u00e1sledn\u011b KOVO Praha, potom d\u011blal tren\u00e9ra a byl p\u0159edsedou odd\u00edlu VTJ Dukla Praha kde se staral o ml\u00e1de\u017e. Pod jeho veden\u00edm za\u010d\u00ednat t\u0159eba n\u011bkolikan\u00e1sobn\u00fd mistra republiky ve st\u00edhac\u00edm z\u00e1vodu Roman \u010cerm\u00e1k. N\u00e1sledn\u011b [&hellip;]<\/p>\n","protected":false},"author":8,"featured_media":12980,"comment_status":"closed","ping_status":"open","sticky":false,"template":"","format":"standard","meta":{"footnotes":""},"categories":[54,2,18],"tags":[169],"class_list":["post-12979","post","type-post","status-publish","format-standard","has-post-thumbnail","hentry","category-draha","category-novinky","category-silnice","tag-ostatni"],"_links":{"self":[{"href":"https:\/\/www.czechcyclingfederation.com\/en\/wp-json\/wp\/v2\/posts\/12979","targetHints":{"allow":["GET"]}}],"collection":[{"href":"https:\/\/www.czechcyclingfederation.com\/en\/wp-json\/wp\/v2\/posts"}],"about":[{"href":"https:\/\/www.czechcyclingfederation.com\/en\/wp-json\/wp\/v2\/types\/post"}],"author":[{"embeddable":true,"href":"https:\/\/www.czechcyclingfederation.com\/en\/wp-json\/wp\/v2\/users\/8"}],"replies":[{"embeddable":true,"href":"https:\/\/www.czechcyclingfederation.com\/en\/wp-json\/wp\/v2\/comments?post=12979"}],"version-history":[{"count":1,"href":"https:\/\/www.czechcyclingfederation.com\/en\/wp-json\/wp\/v2\/posts\/12979\/revisions"}],"predecessor-version":[{"id":12981,"href":"https:\/\/www.czechcyclingfederation.com\/en\/wp-json\/wp\/v2\/posts\/12979\/revisions\/12981"}],"wp:featuredmedia":[{"embeddable":true,"href":"https:\/\/www.czechcyclingfederation.com\/en\/wp-json\/wp\/v2\/media\/12980"}],"wp:attachment":[{"href":"https:\/\/www.czechcyclingfederation.com\/en\/wp-json\/wp\/v2\/media?parent=12979"}],"wp:term":[{"taxonomy":"category","embeddable":true,"href":"https:\/\/www.czechcyclingfederation.com\/en\/wp-json\/wp\/v2\/categories?post=12979"},{"taxonomy":"post_tag","embeddable":true,"href":"https:\/\/www.czechcyclingfederation.com\/en\/wp-json\/wp\/v2\/tags?post=12979"}],"curies":[{"name":"wp","href":"https:\/\/api.w.org\/{rel}","templated":true}]}}