{"id":12964,"date":"2022-07-31T14:25:17","date_gmt":"2022-07-31T12:25:17","guid":{"rendered":"https:\/\/www.czechcyclingfederation.com\/?p=12964"},"modified":"2022-08-01T22:39:07","modified_gmt":"2022-08-01T20:39:07","slug":"gruszczynski-vyhral-regionem-orlicka-lanskroun-2022","status":"publish","type":"post","link":"https:\/\/www.czechcyclingfederation.com\/en\/gruszczynski-vyhral-regionem-orlicka-lanskroun-2022\/","title":{"rendered":"Gruszczynski vyhr\u00e1l Regionem Orlicka Lan\u0161kroun 2022"},"content":{"rendered":"\n<p>Polsk\u00fd junior Filip Gruszczynsk uh\u00e1jil i v poledn\u00ed etap\u011b 36. ro\u010dn\u00edku mezin\u00e1rodn\u00edho cyklistick\u00e9ho z\u00e1vodu junior\u016f a kadet\u016f Regionem Orlicka Lan\u0161kroun 2022 v trikotu nejlep\u0161\u00edho jezdce z\u00e1vodu. Dnes sice Milan Kadlec umazal na pr\u00e9mi\u00edch n\u011bkolik vte\u0159in, ale ani to nesta\u010dilo, za Gruszczynsk\u00fdm zaostal v celkov\u00e9 klasifikaci o osm vte\u0159in. Z\u00e1v\u011bre\u010dnou etapu dlouho 85,2 kilometru vyhr\u00e1l jeho spolujezdec ze zlat\u00e9 dvojice na ned\u00e1vn\u00e9m ME v madisonu Maty\u00e1\u0161 Kobl\u00ed\u017eek (TUFO Pardus Prost\u011bjov).<\/p>\n\n\n\n<p>Celkov\u011b se ale z\u00e1vod \u010desk\u00fdm jezdc\u016fm vyda\u0159il, v elitn\u00ed des\u00edtce jich skon\u010dilo osm, t\u0159et\u00ed vystoupil na podium \u0160t\u011bp\u00e1n Teleck\u00fd z Favoritu Brno. Kadlec nav\u00edc vyhr\u00e1l bodovac\u00ed i vrcha\u0159skou sout\u011b\u017e a v\u00fdrazn\u011b p\u0159isp\u011bl i k prvenstv\u00ed Dukly Praha v t\u00fdmov\u00e9m hodnocen\u00ed. Nejlep\u0161\u00edm kadetem byl na 11. m\u00edst\u011b Adam Pe\u0161ek (Roman Kreuziger Academy).<\/p>\n\n\n\n<p>V\u00fdsledky:<\/p>\n\n\n\n<p>4. etapa (85,1 km):<\/p>\n\n\n\n<p>1. M. Kobl\u00ed\u017eek (TUFO Pardus Prost\u011bjov) 2:10:17, 2. Mr\u00e1z (Mapei Merida Ka\u0148kovsk\u00fd), 3. Rube\u0161 (MIX2 v\u00fdb\u011br cyklokros), 4. Vrb\u00edk, 5. Niemo (oba SR), 6. Rob. Kobr (Roman Kreuziger Academy), 7. Falt\u00fdnek (\u010cEZ Cyklo Team T\u00e1bor), 8. Kerl (MIX2 v\u00fdb\u011br cyklokros), 9. Kadlec, 10. Elbardi (oba Dukla Praha) v\u0161ichni stejn\u00fd \u010das.<\/p>\n\n\n\n<p>Kone\u010dn\u00e9 po\u0159ad\u00ed:<\/p>\n\n\n\n<p>1. Gruszczynski (Pol.) 6:10:07, 2. Kadlec +8, 3. Teleck\u00fd (Favorit Brno) +1:11, 4. P\u0159idal +1:21, 5. J. Bittner (oba Mapei Merida Ka\u0148kovsk\u00fd) +1:23, 6. Cuelemans (Belg.) +1:27, 7. \u0160ejstal (MIX Team Junior) +1:37, 8. Rich. Kobr (Roman Kreuziger Academy) +1:38, 9. Elbadri +1:42, &#8230;11. Pe\u0161ek (Roman Kreuziger Academy) +1:44.<\/p>\n\n\n\n<p>Po\u0159ad\u00ed dru\u017estev:<\/p>\n\n\n\n<p>1. Dukla Praha 18:34:51, 2. Mapei Merida Ka\u0148kovsk\u00fd +13, 3. Sportraces UCC MIX Team) +49, 4. Roman Kreuziger Academy +1:11, 5. WAC Team +1:15, 6. MIX2 v\u00fdb\u011br cyklokros +1:24.<\/p>\n\n\n\n<p>Bodovac\u00ed sout\u011b\u017e:<\/p>\n\n\n\n<p>1. Kadlec 67, 2. M. Kobl\u00ed\u017eek 57, 3. Rich. Kobr 41.<\/p>\n\n\n\n<p>Vrcha\u0159sk\u00e1 sout\u011b\u017e:<\/p>\n\n\n\n<p>1. Kadlec 30, 2. P\u0159idal 20, 3. Gruszczynski 15.<\/p>\n\n\n\n<p>FOTO Jan Brychta<\/p>\n\n\n\n<figure class=\"wp-block-image size-large\"><img loading=\"lazy\" decoding=\"async\" width=\"1024\" height=\"684\" src=\"https:\/\/www.czechcyclingfederation.com\/wp-content\/uploads\/2022\/07\/BrychtaJan_Regionem_Orlicka_20220731_092612_DSC_7956-1024x684.jpg\" alt=\"\" class=\"wp-image-12966\" srcset=\"https:\/\/www.czechcyclingfederation.com\/wp-content\/uploads\/2022\/07\/BrychtaJan_Regionem_Orlicka_20220731_092612_DSC_7956-1024x684.jpg 1024w, https:\/\/www.czechcyclingfederation.com\/wp-content\/uploads\/2022\/07\/BrychtaJan_Regionem_Orlicka_20220731_092612_DSC_7956-300x200.jpg 300w, https:\/\/www.czechcyclingfederation.com\/wp-content\/uploads\/2022\/07\/BrychtaJan_Regionem_Orlicka_20220731_092612_DSC_7956-768x513.jpg 768w, https:\/\/www.czechcyclingfederation.com\/wp-content\/uploads\/2022\/07\/BrychtaJan_Regionem_Orlicka_20220731_092612_DSC_7956-1536x1025.jpg 1536w, https:\/\/www.czechcyclingfederation.com\/wp-content\/uploads\/2022\/07\/BrychtaJan_Regionem_Orlicka_20220731_092612_DSC_7956-1320x881.jpg 1320w, https:\/\/www.czechcyclingfederation.com\/wp-content\/uploads\/2022\/07\/BrychtaJan_Regionem_Orlicka_20220731_092612_DSC_7956.jpg 2000w\" sizes=\"auto, (max-width: 1024px) 100vw, 1024px\" \/><\/figure>\n\n\n\n<figure class=\"wp-block-image size-large\"><img loading=\"lazy\" decoding=\"async\" width=\"1024\" height=\"681\" src=\"http:\/\/www.czechcyclingfederation.com\/wp-content\/uploads\/2022\/07\/Koblizek-M.-BrychtaJan_Regionem_Orlicka_20220731_111106_DSC_1584-1024x681.jpg\" alt=\"\" class=\"wp-image-12968\" srcset=\"https:\/\/www.czechcyclingfederation.com\/wp-content\/uploads\/2022\/07\/Koblizek-M.-BrychtaJan_Regionem_Orlicka_20220731_111106_DSC_1584-1024x681.jpg 1024w, https:\/\/www.czechcyclingfederation.com\/wp-content\/uploads\/2022\/07\/Koblizek-M.-BrychtaJan_Regionem_Orlicka_20220731_111106_DSC_1584-300x200.jpg 300w, https:\/\/www.czechcyclingfederation.com\/wp-content\/uploads\/2022\/07\/Koblizek-M.-BrychtaJan_Regionem_Orlicka_20220731_111106_DSC_1584-768x511.jpg 768w, https:\/\/www.czechcyclingfederation.com\/wp-content\/uploads\/2022\/07\/Koblizek-M.-BrychtaJan_Regionem_Orlicka_20220731_111106_DSC_1584-1536x1022.jpg 1536w, https:\/\/www.czechcyclingfederation.com\/wp-content\/uploads\/2022\/07\/Koblizek-M.-BrychtaJan_Regionem_Orlicka_20220731_111106_DSC_1584-1320x878.jpg 1320w, https:\/\/www.czechcyclingfederation.com\/wp-content\/uploads\/2022\/07\/Koblizek-M.-BrychtaJan_Regionem_Orlicka_20220731_111106_DSC_1584.jpg 2000w\" sizes=\"auto, (max-width: 1024px) 100vw, 1024px\" \/><\/figure>\n\n\n\n<figure class=\"wp-block-image size-large\"><img loading=\"lazy\" decoding=\"async\" width=\"1024\" height=\"684\" src=\"https:\/\/www.czechcyclingfederation.com\/wp-content\/uploads\/2022\/07\/Mraz-M.-Koblizek-Rubes-BrychtaJan_Regionem_Orlicka_20220731_112137_DSC_8118-1-1024x684.jpg\" alt=\"\" class=\"wp-image-12969\" srcset=\"https:\/\/www.czechcyclingfederation.com\/wp-content\/uploads\/2022\/07\/Mraz-M.-Koblizek-Rubes-BrychtaJan_Regionem_Orlicka_20220731_112137_DSC_8118-1-1024x684.jpg 1024w, https:\/\/www.czechcyclingfederation.com\/wp-content\/uploads\/2022\/07\/Mraz-M.-Koblizek-Rubes-BrychtaJan_Regionem_Orlicka_20220731_112137_DSC_8118-1-300x200.jpg 300w, https:\/\/www.czechcyclingfederation.com\/wp-content\/uploads\/2022\/07\/Mraz-M.-Koblizek-Rubes-BrychtaJan_Regionem_Orlicka_20220731_112137_DSC_8118-1-768x513.jpg 768w, https:\/\/www.czechcyclingfederation.com\/wp-content\/uploads\/2022\/07\/Mraz-M.-Koblizek-Rubes-BrychtaJan_Regionem_Orlicka_20220731_112137_DSC_8118-1-1536x1025.jpg 1536w, https:\/\/www.czechcyclingfederation.com\/wp-content\/uploads\/2022\/07\/Mraz-M.-Koblizek-Rubes-BrychtaJan_Regionem_Orlicka_20220731_112137_DSC_8118-1-1320x881.jpg 1320w, https:\/\/www.czechcyclingfederation.com\/wp-content\/uploads\/2022\/07\/Mraz-M.-Koblizek-Rubes-BrychtaJan_Regionem_Orlicka_20220731_112137_DSC_8118-1.jpg 2000w\" sizes=\"auto, (max-width: 1024px) 100vw, 1024px\" \/><\/figure>\n\n\n\n<figure class=\"wp-block-image size-large\"><img loading=\"lazy\" decoding=\"async\" width=\"1024\" height=\"569\" src=\"http:\/\/www.czechcyclingfederation.com\/wp-content\/uploads\/2022\/07\/Mraz-M.-Koblizek-Rubes-BrychtaJan_Regionem_Orlicka_20220731_112056_DSC_1630-1-1024x569.jpg\" alt=\"\" class=\"wp-image-12971\" srcset=\"https:\/\/www.czechcyclingfederation.com\/wp-content\/uploads\/2022\/07\/Mraz-M.-Koblizek-Rubes-BrychtaJan_Regionem_Orlicka_20220731_112056_DSC_1630-1-1024x569.jpg 1024w, https:\/\/www.czechcyclingfederation.com\/wp-content\/uploads\/2022\/07\/Mraz-M.-Koblizek-Rubes-BrychtaJan_Regionem_Orlicka_20220731_112056_DSC_1630-1-300x167.jpg 300w, https:\/\/www.czechcyclingfederation.com\/wp-content\/uploads\/2022\/07\/Mraz-M.-Koblizek-Rubes-BrychtaJan_Regionem_Orlicka_20220731_112056_DSC_1630-1-768x427.jpg 768w, https:\/\/www.czechcyclingfederation.com\/wp-content\/uploads\/2022\/07\/Mraz-M.-Koblizek-Rubes-BrychtaJan_Regionem_Orlicka_20220731_112056_DSC_1630-1-1536x853.jpg 1536w, https:\/\/www.czechcyclingfederation.com\/wp-content\/uploads\/2022\/07\/Mraz-M.-Koblizek-Rubes-BrychtaJan_Regionem_Orlicka_20220731_112056_DSC_1630-1-1320x733.jpg 1320w, https:\/\/www.czechcyclingfederation.com\/wp-content\/uploads\/2022\/07\/Mraz-M.-Koblizek-Rubes-BrychtaJan_Regionem_Orlicka_20220731_112056_DSC_1630-1.jpg 2000w\" sizes=\"auto, (max-width: 1024px) 100vw, 1024px\" \/><\/figure>\n","protected":false},"excerpt":{"rendered":"<p>Polsk\u00fd junior Filip Gruszczynsk uh\u00e1jil i v poledn\u00ed etap\u011b 36. ro\u010dn\u00edku mezin\u00e1rodn\u00edho cyklistick\u00e9ho z\u00e1vodu junior\u016f a kadet\u016f Regionem Orlicka Lan\u0161kroun 2022 v trikotu nejlep\u0161\u00edho jezdce z\u00e1vodu. Dnes sice Milan Kadlec umazal na pr\u00e9mi\u00edch n\u011bkolik vte\u0159in, ale ani to nesta\u010dilo, za Gruszczynsk\u00fdm zaostal v celkov\u00e9 klasifikaci o osm vte\u0159in. Z\u00e1v\u011bre\u010dnou etapu dlouho 85,2 kilometru vyhr\u00e1l jeho [&hellip;]<\/p>\n","protected":false},"author":8,"featured_media":12982,"comment_status":"closed","ping_status":"open","sticky":false,"template":"","format":"standard","meta":{"footnotes":""},"categories":[2,18],"tags":[11],"class_list":["post-12964","post","type-post","status-publish","format-standard","has-post-thumbnail","hentry","category-novinky","category-silnice","tag-silnice"],"_links":{"self":[{"href":"https:\/\/www.czechcyclingfederation.com\/en\/wp-json\/wp\/v2\/posts\/12964","targetHints":{"allow":["GET"]}}],"collection":[{"href":"https:\/\/www.czechcyclingfederation.com\/en\/wp-json\/wp\/v2\/posts"}],"about":[{"href":"https:\/\/www.czechcyclingfederation.com\/en\/wp-json\/wp\/v2\/types\/post"}],"author":[{"embeddable":true,"href":"https:\/\/www.czechcyclingfederation.com\/en\/wp-json\/wp\/v2\/users\/8"}],"replies":[{"embeddable":true,"href":"https:\/\/www.czechcyclingfederation.com\/en\/wp-json\/wp\/v2\/comments?post=12964"}],"version-history":[{"count":3,"href":"https:\/\/www.czechcyclingfederation.com\/en\/wp-json\/wp\/v2\/posts\/12964\/revisions"}],"predecessor-version":[{"id":12990,"href":"https:\/\/www.czechcyclingfederation.com\/en\/wp-json\/wp\/v2\/posts\/12964\/revisions\/12990"}],"wp:featuredmedia":[{"embeddable":true,"href":"https:\/\/www.czechcyclingfederation.com\/en\/wp-json\/wp\/v2\/media\/12982"}],"wp:attachment":[{"href":"https:\/\/www.czechcyclingfederation.com\/en\/wp-json\/wp\/v2\/media?parent=12964"}],"wp:term":[{"taxonomy":"category","embeddable":true,"href":"https:\/\/www.czechcyclingfederation.com\/en\/wp-json\/wp\/v2\/categories?post=12964"},{"taxonomy":"post_tag","embeddable":true,"href":"https:\/\/www.czechcyclingfederation.com\/en\/wp-json\/wp\/v2\/tags?post=12964"}],"curies":[{"name":"wp","href":"https:\/\/api.w.org\/{rel}","templated":true}]}}