{"id":12957,"date":"2022-07-30T19:38:50","date_gmt":"2022-07-30T17:38:50","guid":{"rendered":"https:\/\/www.czechcyclingfederation.com\/?p=12957"},"modified":"2022-08-01T22:39:41","modified_gmt":"2022-08-01T20:39:41","slug":"regionem-orlicka-lanskroun-vede-polak-gruszczynski","status":"publish","type":"post","link":"https:\/\/www.czechcyclingfederation.com\/en\/regionem-orlicka-lanskroun-vede-polak-gruszczynski\/","title":{"rendered":"Regionem Orlicka Lan\u0161kroun vede Pol\u00e1k Gruszczynski"},"content":{"rendered":"\n<p>Polsk\u00fd junior Filip Gruszczynski nastoup\u00ed di z\u00e1v\u011bre\u010dn\u00e9ho dne 36. ro\u010dn\u00edku mezin\u00e1rodn\u00edho cyklistick\u00e9ho z\u00e1vodu junior\u016f a kadet\u016f Regionem Orlicka Lan\u0161kroun 2022 v&nbsp;trikotu vedouc\u00edho jezdce. T\u0159in\u00e1ct vte\u0159in na n\u011bj ztr\u00e1c\u00ed \u010desk\u00fd juniorsk\u00fd mistr Evropy z&nbsp;madisonu Milan Kadlec z&nbsp;Dukly Praha.<\/p>\n\n\n\n<p>&nbsp;Gruszczynski se o \u010dela klasifikace dostal po vyhran\u00e9 dne\u0161n\u00ed dopoledn\u00ed \u010dasovce. Na trati dlouh\u00e9 9,2 km porazil o dev\u011bt vte\u0159in \u0160t\u011bp\u00e1na Teleck\u00e9ho (TJ Favorit Brno). V&nbsp;odpoledn\u00ed etap\u011b dlouh\u00e978,6 km p\u0159ijel do c\u00edle po \u00faniku s&nbsp;Kadlec s&nbsp;n\u00e1skokem 53 vte\u0159in p\u0159ed hlavn\u00ed skupinou, z&nbsp;etapov\u00e9ho v\u00edt\u011bzstv\u00ed se radoval Kadlec, kter\u00fd se t\u00edm posunul na druhou p\u0159\u00ed\u010dku.<\/p>\n\n\n\n<p>V\u00fdsledky:<\/p>\n\n\n\n<p>2. etapa (\u010dasovka na 9,2 km):<\/p>\n\n\n\n<p>1. Gruszczynski (Pol.) 11:49, 2. Teleck\u00fd (TJ Favorit Brno) +9, 3. P\u0159idal (Mapei Merida Ka\u0148kovsk\u00fd) +21, 4. Kadlec (Dukla Praha) +22, 5. J. Bittmer (Mapei Merida Ka\u0148kovsk\u00fd) +24, 6. Cuelemans (Belg.) +26, 7. M. Kobl\u00ed\u017eek (TUFO Pardus Prost\u011bjov) +26, 8. Muro\u0148 (TJ Favorit Brno) +33, 9. \u0160ejstal (Sportraces -UCC Mix Team) +35.<\/p>\n\n\n\n<p>3. etapa (78,6 km)<\/p>\n\n\n\n<p>1. Kadlec 1:55:15, 2. Gruszczynski stejn\u00fd \u010das, 3. Rich. Kobr (Roman Kreuziger Academy), &nbsp;4. Kr\u00e1l (MIX4 &#8211; Dukla Praha), 5. Rob. Kobr (Roman Kreuziger Academy), 6. Cuelemans, 7. Kerl (v\u00fdb\u011br cyklokros MIX2), 9. O. \u0160ilhav\u00fd (KOVO Praha), 10. Zah\u00e1lka (MIX1 &#8211; CK Slavoj Terez\u00edn) v\u0161ichni +53.<\/p>\n\n\n\n<p>Po\u0159ad\u00ed po t\u0159ech etap\u00e1ch:<\/p>\n\n\n\n<p>1.Gruszczynski 3:59:52, 2. Kadlec +13, 3. Teleck\u00fd +1:09, 4. P\u0159idal +1:19, 5. J. Bittner +1:22, 6. Cuelemans +1:25, 7. \u0160ejstal +1:35, 8. Elbardi (Dukla Praha) +1:40, 9. Rich Kobr +1:40.<\/p>\n\n\n\n<p>FOTO Jan Brychta<\/p>\n\n\n\n<figure class=\"wp-block-image size-large\"><img loading=\"lazy\" decoding=\"async\" width=\"1024\" height=\"681\" src=\"https:\/\/www.czechcyclingfederation.com\/wp-content\/uploads\/2022\/07\/BrychtaJan_Regionem_Orlicka_20220730_150320_DSC_0804-1024x681.jpg\" alt=\"\" class=\"wp-image-12959\" srcset=\"https:\/\/www.czechcyclingfederation.com\/wp-content\/uploads\/2022\/07\/BrychtaJan_Regionem_Orlicka_20220730_150320_DSC_0804-1024x681.jpg 1024w, https:\/\/www.czechcyclingfederation.com\/wp-content\/uploads\/2022\/07\/BrychtaJan_Regionem_Orlicka_20220730_150320_DSC_0804-300x200.jpg 300w, https:\/\/www.czechcyclingfederation.com\/wp-content\/uploads\/2022\/07\/BrychtaJan_Regionem_Orlicka_20220730_150320_DSC_0804-768x511.jpg 768w, https:\/\/www.czechcyclingfederation.com\/wp-content\/uploads\/2022\/07\/BrychtaJan_Regionem_Orlicka_20220730_150320_DSC_0804-1536x1022.jpg 1536w, https:\/\/www.czechcyclingfederation.com\/wp-content\/uploads\/2022\/07\/BrychtaJan_Regionem_Orlicka_20220730_150320_DSC_0804-1320x878.jpg 1320w, https:\/\/www.czechcyclingfederation.com\/wp-content\/uploads\/2022\/07\/BrychtaJan_Regionem_Orlicka_20220730_150320_DSC_0804.jpg 2000w\" sizes=\"auto, (max-width: 1024px) 100vw, 1024px\" \/><\/figure>\n\n\n\n<figure class=\"wp-block-image size-large\"><img loading=\"lazy\" decoding=\"async\" width=\"1024\" height=\"681\" src=\"https:\/\/www.czechcyclingfederation.com\/wp-content\/uploads\/2022\/07\/BrychtaJan_Regionem_Orlicka_20220730_150237_DSC_0788-1024x681.jpg\" alt=\"\" class=\"wp-image-12960\" srcset=\"https:\/\/www.czechcyclingfederation.com\/wp-content\/uploads\/2022\/07\/BrychtaJan_Regionem_Orlicka_20220730_150237_DSC_0788-1024x681.jpg 1024w, https:\/\/www.czechcyclingfederation.com\/wp-content\/uploads\/2022\/07\/BrychtaJan_Regionem_Orlicka_20220730_150237_DSC_0788-300x200.jpg 300w, https:\/\/www.czechcyclingfederation.com\/wp-content\/uploads\/2022\/07\/BrychtaJan_Regionem_Orlicka_20220730_150237_DSC_0788-768x511.jpg 768w, https:\/\/www.czechcyclingfederation.com\/wp-content\/uploads\/2022\/07\/BrychtaJan_Regionem_Orlicka_20220730_150237_DSC_0788-1536x1022.jpg 1536w, https:\/\/www.czechcyclingfederation.com\/wp-content\/uploads\/2022\/07\/BrychtaJan_Regionem_Orlicka_20220730_150237_DSC_0788-1320x878.jpg 1320w, https:\/\/www.czechcyclingfederation.com\/wp-content\/uploads\/2022\/07\/BrychtaJan_Regionem_Orlicka_20220730_150237_DSC_0788.jpg 2000w\" sizes=\"auto, (max-width: 1024px) 100vw, 1024px\" \/><\/figure>\n\n\n\n<figure class=\"wp-block-image size-large\"><img loading=\"lazy\" decoding=\"async\" width=\"1024\" height=\"681\" src=\"https:\/\/www.czechcyclingfederation.com\/wp-content\/uploads\/2022\/07\/GRUSZCZYNSKI-Filip-BrychtaJan_Regionem_Orlicka_20220730_104827_DSC_0499-1024x681.jpg\" alt=\"\" class=\"wp-image-12961\" srcset=\"https:\/\/www.czechcyclingfederation.com\/wp-content\/uploads\/2022\/07\/GRUSZCZYNSKI-Filip-BrychtaJan_Regionem_Orlicka_20220730_104827_DSC_0499-1024x681.jpg 1024w, https:\/\/www.czechcyclingfederation.com\/wp-content\/uploads\/2022\/07\/GRUSZCZYNSKI-Filip-BrychtaJan_Regionem_Orlicka_20220730_104827_DSC_0499-300x200.jpg 300w, https:\/\/www.czechcyclingfederation.com\/wp-content\/uploads\/2022\/07\/GRUSZCZYNSKI-Filip-BrychtaJan_Regionem_Orlicka_20220730_104827_DSC_0499-768x511.jpg 768w, https:\/\/www.czechcyclingfederation.com\/wp-content\/uploads\/2022\/07\/GRUSZCZYNSKI-Filip-BrychtaJan_Regionem_Orlicka_20220730_104827_DSC_0499-1536x1022.jpg 1536w, https:\/\/www.czechcyclingfederation.com\/wp-content\/uploads\/2022\/07\/GRUSZCZYNSKI-Filip-BrychtaJan_Regionem_Orlicka_20220730_104827_DSC_0499-2048x1363.jpg 2048w, https:\/\/www.czechcyclingfederation.com\/wp-content\/uploads\/2022\/07\/GRUSZCZYNSKI-Filip-BrychtaJan_Regionem_Orlicka_20220730_104827_DSC_0499-1320x878.jpg 1320w\" sizes=\"auto, (max-width: 1024px) 100vw, 1024px\" \/><\/figure>\n\n\n\n<figure class=\"wp-block-image size-large\"><img loading=\"lazy\" decoding=\"async\" width=\"1024\" height=\"684\" src=\"https:\/\/www.czechcyclingfederation.com\/wp-content\/uploads\/2022\/07\/BrychtaJan_Regionem_Orlicka_20220730_145504_DSC_7782-1024x684.jpg\" alt=\"\" class=\"wp-image-12962\" srcset=\"https:\/\/www.czechcyclingfederation.com\/wp-content\/uploads\/2022\/07\/BrychtaJan_Regionem_Orlicka_20220730_145504_DSC_7782-1024x684.jpg 1024w, https:\/\/www.czechcyclingfederation.com\/wp-content\/uploads\/2022\/07\/BrychtaJan_Regionem_Orlicka_20220730_145504_DSC_7782-300x200.jpg 300w, https:\/\/www.czechcyclingfederation.com\/wp-content\/uploads\/2022\/07\/BrychtaJan_Regionem_Orlicka_20220730_145504_DSC_7782-768x513.jpg 768w, https:\/\/www.czechcyclingfederation.com\/wp-content\/uploads\/2022\/07\/BrychtaJan_Regionem_Orlicka_20220730_145504_DSC_7782-1536x1025.jpg 1536w, https:\/\/www.czechcyclingfederation.com\/wp-content\/uploads\/2022\/07\/BrychtaJan_Regionem_Orlicka_20220730_145504_DSC_7782-1320x881.jpg 1320w, https:\/\/www.czechcyclingfederation.com\/wp-content\/uploads\/2022\/07\/BrychtaJan_Regionem_Orlicka_20220730_145504_DSC_7782.jpg 2000w\" sizes=\"auto, (max-width: 1024px) 100vw, 1024px\" \/><\/figure>\n","protected":false},"excerpt":{"rendered":"<p>Polsk\u00fd junior Filip Gruszczynski nastoup\u00ed di z\u00e1v\u011bre\u010dn\u00e9ho dne 36. ro\u010dn\u00edku mezin\u00e1rodn\u00edho cyklistick\u00e9ho z\u00e1vodu junior\u016f a kadet\u016f Regionem Orlicka Lan\u0161kroun 2022 v&nbsp;trikotu vedouc\u00edho jezdce. T\u0159in\u00e1ct vte\u0159in na n\u011bj ztr\u00e1c\u00ed \u010desk\u00fd juniorsk\u00fd mistr Evropy z&nbsp;madisonu Milan Kadlec z&nbsp;Dukly Praha. &nbsp;Gruszczynski se o \u010dela klasifikace dostal po vyhran\u00e9 dne\u0161n\u00ed dopoledn\u00ed \u010dasovce. Na trati dlouh\u00e9 9,2 km porazil o [&hellip;]<\/p>\n","protected":false},"author":8,"featured_media":12958,"comment_status":"closed","ping_status":"open","sticky":false,"template":"","format":"standard","meta":{"footnotes":""},"categories":[2,18],"tags":[11],"class_list":["post-12957","post","type-post","status-publish","format-standard","has-post-thumbnail","hentry","category-novinky","category-silnice","tag-silnice"],"_links":{"self":[{"href":"https:\/\/www.czechcyclingfederation.com\/en\/wp-json\/wp\/v2\/posts\/12957","targetHints":{"allow":["GET"]}}],"collection":[{"href":"https:\/\/www.czechcyclingfederation.com\/en\/wp-json\/wp\/v2\/posts"}],"about":[{"href":"https:\/\/www.czechcyclingfederation.com\/en\/wp-json\/wp\/v2\/types\/post"}],"author":[{"embeddable":true,"href":"https:\/\/www.czechcyclingfederation.com\/en\/wp-json\/wp\/v2\/users\/8"}],"replies":[{"embeddable":true,"href":"https:\/\/www.czechcyclingfederation.com\/en\/wp-json\/wp\/v2\/comments?post=12957"}],"version-history":[{"count":2,"href":"https:\/\/www.czechcyclingfederation.com\/en\/wp-json\/wp\/v2\/posts\/12957\/revisions"}],"predecessor-version":[{"id":12991,"href":"https:\/\/www.czechcyclingfederation.com\/en\/wp-json\/wp\/v2\/posts\/12957\/revisions\/12991"}],"wp:featuredmedia":[{"embeddable":true,"href":"https:\/\/www.czechcyclingfederation.com\/en\/wp-json\/wp\/v2\/media\/12958"}],"wp:attachment":[{"href":"https:\/\/www.czechcyclingfederation.com\/en\/wp-json\/wp\/v2\/media?parent=12957"}],"wp:term":[{"taxonomy":"category","embeddable":true,"href":"https:\/\/www.czechcyclingfederation.com\/en\/wp-json\/wp\/v2\/categories?post=12957"},{"taxonomy":"post_tag","embeddable":true,"href":"https:\/\/www.czechcyclingfederation.com\/en\/wp-json\/wp\/v2\/tags?post=12957"}],"curies":[{"name":"wp","href":"https:\/\/api.w.org\/{rel}","templated":true}]}}