{"id":12951,"date":"2022-07-29T22:06:56","date_gmt":"2022-07-29T20:06:56","guid":{"rendered":"https:\/\/www.czechcyclingfederation.com\/?p=12951"},"modified":"2022-08-01T22:40:07","modified_gmt":"2022-08-01T20:40:07","slug":"uvodni-etapa-regionem-orlicka-pro-matyase-koblizka","status":"publish","type":"post","link":"https:\/\/www.czechcyclingfederation.com\/en\/uvodni-etapa-regionem-orlicka-pro-matyase-koblizka\/","title":{"rendered":"\u00davodn\u00ed etapa Regionem Orlicka pro Maty\u00e1\u0161e Kobl\u00ed\u017eka"},"content":{"rendered":"\n<p>Prvn\u00ed etapu 36. ro\u010dn\u00edku mezin\u00e1rodn\u00edho cyklistick\u00e9ho z\u00e1vodu junior\u016f Regionem Orlicka Lan\u0161kroun 2022 ovl\u00e1dli dom\u00e1c\u00ed jezdci. Po 76,8 kilometrech se rozhodovalo ve spurtu hlavn\u00edho pole 59 jezdc\u016f a na p\u00e1sce byl prvn\u00ed Maty\u00e1\u0161 Kobl\u00ed\u017eek z TUFO Pardus Prost\u011bjov.<\/p>\n\n\n\n<p>Ned\u00e1vn\u00fd mistr Evropy z madisonu nechal za sebou Richarda Kobra (Roman Kreuziger Academy)a t\u0159et\u00ed skon\u010dil jeho partner ze zlat\u00e9 dvojice z madisonu Milan Kadlec z Dukly Praha.<\/p>\n\n\n\n<p>V\u00fdsledky:<\/p>\n\n\n\n<p>1. etapa (76,8 km):<\/p>\n\n\n\n<p>1. Maty\u00e1\u0161 Kobl\u00ed\u017eek (TUFO Pardus Prost\u011bjov) 1:52:54, 2. Rich. Kobr (Roman Kreuziger Academy), 3. Kadlec (Dukla Praha), 4. Rob. Kobr (Roman Kreuziger Academy), 5. Cuelemenas (Belg.), 6. Vrb\u00edk (SR) v\u0161ichni stejn\u00fd \u010das.<\/p>\n\n\n\n<p>FOTO Jan Brychta<\/p>\n\n\n\n<figure class=\"wp-block-image size-large\"><img loading=\"lazy\" decoding=\"async\" width=\"1024\" height=\"684\" src=\"https:\/\/www.czechcyclingfederation.com\/wp-content\/uploads\/2022\/07\/BrychtaJan_Regionem_Orlicka_20220729_164913_DSC_7575-1024x684.jpg\" alt=\"\" class=\"wp-image-12953\" srcset=\"https:\/\/www.czechcyclingfederation.com\/wp-content\/uploads\/2022\/07\/BrychtaJan_Regionem_Orlicka_20220729_164913_DSC_7575-1024x684.jpg 1024w, https:\/\/www.czechcyclingfederation.com\/wp-content\/uploads\/2022\/07\/BrychtaJan_Regionem_Orlicka_20220729_164913_DSC_7575-300x200.jpg 300w, https:\/\/www.czechcyclingfederation.com\/wp-content\/uploads\/2022\/07\/BrychtaJan_Regionem_Orlicka_20220729_164913_DSC_7575-768x513.jpg 768w, https:\/\/www.czechcyclingfederation.com\/wp-content\/uploads\/2022\/07\/BrychtaJan_Regionem_Orlicka_20220729_164913_DSC_7575-1536x1025.jpg 1536w, https:\/\/www.czechcyclingfederation.com\/wp-content\/uploads\/2022\/07\/BrychtaJan_Regionem_Orlicka_20220729_164913_DSC_7575-2048x1367.jpg 2048w, https:\/\/www.czechcyclingfederation.com\/wp-content\/uploads\/2022\/07\/BrychtaJan_Regionem_Orlicka_20220729_164913_DSC_7575-1320x881.jpg 1320w\" sizes=\"auto, (max-width: 1024px) 100vw, 1024px\" \/><\/figure>\n\n\n\n<figure class=\"wp-block-image size-large\"><img loading=\"lazy\" decoding=\"async\" width=\"1024\" height=\"681\" src=\"https:\/\/www.czechcyclingfederation.com\/wp-content\/uploads\/2022\/07\/BrychtaJan_Regionem_Orlicka_20220729_170121_DSC_9496-1024x681.jpg\" alt=\"\" class=\"wp-image-12954\" srcset=\"https:\/\/www.czechcyclingfederation.com\/wp-content\/uploads\/2022\/07\/BrychtaJan_Regionem_Orlicka_20220729_170121_DSC_9496-1024x681.jpg 1024w, https:\/\/www.czechcyclingfederation.com\/wp-content\/uploads\/2022\/07\/BrychtaJan_Regionem_Orlicka_20220729_170121_DSC_9496-300x200.jpg 300w, https:\/\/www.czechcyclingfederation.com\/wp-content\/uploads\/2022\/07\/BrychtaJan_Regionem_Orlicka_20220729_170121_DSC_9496-768x511.jpg 768w, https:\/\/www.czechcyclingfederation.com\/wp-content\/uploads\/2022\/07\/BrychtaJan_Regionem_Orlicka_20220729_170121_DSC_9496-1536x1022.jpg 1536w, https:\/\/www.czechcyclingfederation.com\/wp-content\/uploads\/2022\/07\/BrychtaJan_Regionem_Orlicka_20220729_170121_DSC_9496-2048x1363.jpg 2048w, https:\/\/www.czechcyclingfederation.com\/wp-content\/uploads\/2022\/07\/BrychtaJan_Regionem_Orlicka_20220729_170121_DSC_9496-1320x878.jpg 1320w\" sizes=\"auto, (max-width: 1024px) 100vw, 1024px\" \/><\/figure>\n\n\n\n<figure class=\"wp-block-image size-large\"><img loading=\"lazy\" decoding=\"async\" width=\"1024\" height=\"681\" src=\"https:\/\/www.czechcyclingfederation.com\/wp-content\/uploads\/2022\/07\/BrychtaJan_Regionem_Orlicka_20220729_185249_DSC_9928-1024x681.jpg\" alt=\"\" class=\"wp-image-12955\" srcset=\"https:\/\/www.czechcyclingfederation.com\/wp-content\/uploads\/2022\/07\/BrychtaJan_Regionem_Orlicka_20220729_185249_DSC_9928-1024x681.jpg 1024w, https:\/\/www.czechcyclingfederation.com\/wp-content\/uploads\/2022\/07\/BrychtaJan_Regionem_Orlicka_20220729_185249_DSC_9928-300x200.jpg 300w, https:\/\/www.czechcyclingfederation.com\/wp-content\/uploads\/2022\/07\/BrychtaJan_Regionem_Orlicka_20220729_185249_DSC_9928-768x511.jpg 768w, https:\/\/www.czechcyclingfederation.com\/wp-content\/uploads\/2022\/07\/BrychtaJan_Regionem_Orlicka_20220729_185249_DSC_9928-1536x1022.jpg 1536w, https:\/\/www.czechcyclingfederation.com\/wp-content\/uploads\/2022\/07\/BrychtaJan_Regionem_Orlicka_20220729_185249_DSC_9928-2048x1363.jpg 2048w, https:\/\/www.czechcyclingfederation.com\/wp-content\/uploads\/2022\/07\/BrychtaJan_Regionem_Orlicka_20220729_185249_DSC_9928-1320x878.jpg 1320w\" sizes=\"auto, (max-width: 1024px) 100vw, 1024px\" \/><\/figure>\n","protected":false},"excerpt":{"rendered":"<p>Prvn\u00ed etapu 36. ro\u010dn\u00edku mezin\u00e1rodn\u00edho cyklistick\u00e9ho z\u00e1vodu junior\u016f Regionem Orlicka Lan\u0161kroun 2022 ovl\u00e1dli dom\u00e1c\u00ed jezdci. Po 76,8 kilometrech se rozhodovalo ve spurtu hlavn\u00edho pole 59 jezdc\u016f a na p\u00e1sce byl prvn\u00ed Maty\u00e1\u0161 Kobl\u00ed\u017eek z TUFO Pardus Prost\u011bjov. Ned\u00e1vn\u00fd mistr Evropy z madisonu nechal za sebou Richarda Kobra (Roman Kreuziger Academy)a t\u0159et\u00ed skon\u010dil jeho partner ze [&hellip;]<\/p>\n","protected":false},"author":8,"featured_media":12952,"comment_status":"closed","ping_status":"open","sticky":false,"template":"","format":"standard","meta":{"footnotes":""},"categories":[2,18],"tags":[11],"class_list":["post-12951","post","type-post","status-publish","format-standard","has-post-thumbnail","hentry","category-novinky","category-silnice","tag-silnice"],"_links":{"self":[{"href":"https:\/\/www.czechcyclingfederation.com\/en\/wp-json\/wp\/v2\/posts\/12951","targetHints":{"allow":["GET"]}}],"collection":[{"href":"https:\/\/www.czechcyclingfederation.com\/en\/wp-json\/wp\/v2\/posts"}],"about":[{"href":"https:\/\/www.czechcyclingfederation.com\/en\/wp-json\/wp\/v2\/types\/post"}],"author":[{"embeddable":true,"href":"https:\/\/www.czechcyclingfederation.com\/en\/wp-json\/wp\/v2\/users\/8"}],"replies":[{"embeddable":true,"href":"https:\/\/www.czechcyclingfederation.com\/en\/wp-json\/wp\/v2\/comments?post=12951"}],"version-history":[{"count":1,"href":"https:\/\/www.czechcyclingfederation.com\/en\/wp-json\/wp\/v2\/posts\/12951\/revisions"}],"predecessor-version":[{"id":12956,"href":"https:\/\/www.czechcyclingfederation.com\/en\/wp-json\/wp\/v2\/posts\/12951\/revisions\/12956"}],"wp:featuredmedia":[{"embeddable":true,"href":"https:\/\/www.czechcyclingfederation.com\/en\/wp-json\/wp\/v2\/media\/12952"}],"wp:attachment":[{"href":"https:\/\/www.czechcyclingfederation.com\/en\/wp-json\/wp\/v2\/media?parent=12951"}],"wp:term":[{"taxonomy":"category","embeddable":true,"href":"https:\/\/www.czechcyclingfederation.com\/en\/wp-json\/wp\/v2\/categories?post=12951"},{"taxonomy":"post_tag","embeddable":true,"href":"https:\/\/www.czechcyclingfederation.com\/en\/wp-json\/wp\/v2\/tags?post=12951"}],"curies":[{"name":"wp","href":"https:\/\/api.w.org\/{rel}","templated":true}]}}