{"id":12925,"date":"2022-07-28T07:00:00","date_gmt":"2022-07-28T05:00:00","guid":{"rendered":"https:\/\/www.czechcyclingfederation.com\/?p=12925"},"modified":"2022-07-27T12:10:40","modified_gmt":"2022-07-27T10:10:40","slug":"sazka-tour-pojedou-tymy-z-world-tour-organizatori-chteji-nejlepsi-cechy-vcetne-hirta","status":"publish","type":"post","link":"https:\/\/www.czechcyclingfederation.com\/en\/sazka-tour-pojedou-tymy-z-world-tour-organizatori-chteji-nejlepsi-cechy-vcetne-hirta\/","title":{"rendered":"Sazka Tour pojedou t\u00fdmy z World Tour, organiz\u00e1to\u0159i cht\u011bj\u00ed nejlep\u0161\u00ed \u010cechy v\u010detn\u011b Hirta"},"content":{"rendered":"\n<p><strong>Dvaadvacet t\u00fdm\u016f v\u010detn\u011b dvou z&nbsp;World Tour p\u0159ijede na Sazka Tour, nejpresti\u017en\u011bj\u0161\u00ed silni\u010dn\u00ed cyklistick\u00fd z\u00e1vod na \u010desk\u00e9m \u00fazem\u00ed, kter\u00fd se pojede od 4. do 7. srpna p\u0159ev\u00e1\u017en\u011b na Olomoucku a&nbsp;v Moravskoslezsk\u00e9m kraji. C\u00edlem organiz\u00e1tor\u016f je dostat na start nejlep\u0161\u00ed \u010desk\u00e9 reprezentanty v\u010detn\u011b aktu\u00e1ln\u00ed tuzemsk\u00e9 jedni\u010dky Jana Hirta, v\u00edt\u011bze jedn\u00e9 z&nbsp;etap leto\u0161n\u00edho Giro d\u2019Italia, ve h\u0159e je tak\u00e9 jedno slavn\u00e9 jm\u00e9no ze zahrani\u010d\u00ed. Z&nbsp;World Tour jsou p\u0159ihl\u00e1\u0161eny t\u00fdmy Team BikeExchange \u2013 Jayco a&nbsp;BORA \u2013 hansgrohe.<\/strong><\/p>\n\n\n\n<p><img loading=\"lazy\" decoding=\"async\" width=\"454\" height=\"302\" src=\"blob:https:\/\/www.czechcyclingfederation.com\/2b0448f3-aa21-4085-ab3c-0056ce7a5ff1\"><br><br>\u201eChceme m\u00edt na startu co nejv\u00edce \u0161pi\u010dkov\u00fdch \u010cech\u016f v\u010detn\u011b Jana Hirta, intenzivn\u011b jedn\u00e1me s&nbsp;veden\u00edm jeho t\u00fdmu Intermarch\u00e9-Wanty-Gobert Mat\u00e9riaux,\u201c prozrazuje \u0159editel z\u00e1vodu Leopold K\u00f6nig, kter\u00fd z\u00e1vod vyhr\u00e1l jako jedin\u00fd dvakr\u00e1t v&nbsp;letech 2010 a&nbsp;2013.<\/p>\n\n\n\n<p>Sazka Tour bude m\u00edt \u010dty\u0159i etapy na Olomoucku, po Moravskoslezsk\u00e9m, Pardubick\u00e9m, Jihomoravsk\u00e9m, Zl\u00ednsk\u00e9m kraji s&nbsp;n\u011bkolika vrcha\u0159sk\u00fdmi a&nbsp;sprintersk\u00fdmi pr\u00e9miemi. Prvn\u00ed etapa povede z&nbsp;Uni\u010dova do Prost\u011bjova, druh\u00e1 m\u00e1 start v&nbsp;Olomouci a&nbsp;c\u00edl na Pustevn\u00e1ch, ve t\u0159et\u00ed \u010d\u00e1sti pojedou cyklist\u00e9 z&nbsp;Moravsk\u00e9 T\u0159ebov\u00e9 na Dlouh\u00e9 str\u00e1n\u011b, fin\u00e1le vede ze \u0160umperka do \u0160ternberka.<\/p>\n\n\n\n<p>Ve m\u011bstech je v&nbsp;den z\u00e1vodu pot\u0159eba po\u010d\u00edtat s&nbsp;uzav\u00edrkami center a&nbsp;s pr\u016fb\u011b\u017en\u00fdmi uzav\u00edrkami na trati, kudy cyklist\u00e9 pojedou. \u201eSamoz\u0159ejm\u011b se sna\u017e\u00edme, aby dopad na omezen\u00ed dopravy v&nbsp;regionu byl co nejmen\u0161\u00ed,\u201c ujistil K\u00f6nig. Parkov\u00e1n\u00ed a&nbsp;\u010d\u00e1ste\u010dn\u011b tak\u00e9 v\u00fdjezd bude omezen na Pustevn\u00e1ch, kde je c\u00edl druh\u00e9 etapy. Dlouh\u00e9 str\u00e1n\u011b budou v&nbsp;pr\u016fb\u011bhu t\u0159et\u00edho dne uzav\u0159en\u00e9 z&nbsp;obou stran.&nbsp;<\/p>\n\n\n\n<p>Z\u00e1vod je sou\u010d\u00e1st\u00ed UCI Europe Tour, co\u017e znamen\u00e1, \u017ee sout\u011b\u017e\u00edc\u00ed mus\u00ed m\u00edt licenci UCI (Sv\u011btov\u00e9 cyklistick\u00e9 federace). Dohromady bude na startu p\u0159es 150 cyklist\u016f, vybran\u00fdch z&nbsp;nejlep\u0161\u00edch sedmi\u010dlenn\u00fdch sv\u011btov\u00fdch a&nbsp;\u010desk\u00fdch profesion\u00e1ln\u00edch cyklistick\u00fdch dru\u017estev (World Team, ProTeam, Continental), t\u00fdm\u016f a&nbsp;n\u00e1rodn\u00edch v\u00fdb\u011br\u016f slo\u017een\u00fdch ze z\u00e1vodn\u00edk\u016f v\u011bkov\u00e9 kategorie Elite a&nbsp;U23.&nbsp;<\/p>\n\n\n\n<p><strong>SAZKA Tour Challenge pro hobby cyklisty&nbsp;<\/strong><\/p>\n\n\n\n<p>Nov\u011b bude vlo\u017een\u00fd z\u00e1vod pro hobby sportovce, kter\u00fd se pojede 6. srpna p\u0159ed hlavn\u00edm pelotonem a&nbsp;bude m\u011b\u0159it 12 kilometr\u016f. Odv\u00e1\u017elivci si vyzkou\u0161\u00ed drastick\u00e9 stoup\u00e1n\u00ed z&nbsp;Lou\u010dn\u00e9 nad Desnou na Dlouh\u00e9 str\u00e1n\u011b s&nbsp;celkov\u00fdm p\u0159ev\u00fd\u0161en\u00edm 800 metr\u016f. K&nbsp;dispozici je omezen\u00fd po\u010det startovn\u00edch \u010d\u00edsel, z\u00e1jemci se mohou hl\u00e1sit na&nbsp;<a href=\"https:\/\/championchip.cz\/RegSystem\/akce\/CCT2022\">www.sazkatour.cz<\/a>. A&nbsp;kdo rad\u011bji jezd\u00ed s\u00e1m, m\u016f\u017ee ji\u017e nyn\u00ed v&nbsp;aplikaci Strava vyzkou\u0161et vybran\u00e9 segmenty etap SAZKA Tour i&nbsp;Z\u00e1vodu m\u00edru.&nbsp;<\/p>\n\n\n\n<p>P\u0159ihl\u00e1\u0161en\u00e9 t\u00fdmy:<br>Team BikeExchange \u2013 Jayco, BORA \u2013 hansgrohe, Sport Vlaanderen \u2013 Baloise, Drone Hopper &#8211; Androni Giocattoli, Bingoal Pauwels Sauces WB, Uno-X Pro Cycling Team, Bardiani-CSF-Faizan\u00e8, Human Powered Health, Elkov \u2013 Kasper, Team Felbermayr &#8211; Simplon Wels, Team Vorarlberg, ABLOC CT, Jumbo-Visma Development Team, Dukla Bansk\u00e1 Bystrica, Development Team DSM, Maloja Pushbikers, Adria Mobil, Voster ATS Team, Santic \u2013 Wibatech, Team Lotto &#8211; Kern Haus, ATT Investments.<\/p>\n\n\n\n<figure class=\"wp-block-image size-large\"><img loading=\"lazy\" decoding=\"async\" width=\"723\" height=\"1024\" src=\"http:\/\/www.czechcyclingfederation.com\/wp-content\/uploads\/2022\/07\/Snimek-obrazovky-2022-07-27-v-12.04.28-e1658916381960-723x1024.png\" alt=\"\" class=\"wp-image-12927\" srcset=\"https:\/\/www.czechcyclingfederation.com\/wp-content\/uploads\/2022\/07\/Snimek-obrazovky-2022-07-27-v-12.04.28-e1658916381960-723x1024.png 723w, https:\/\/www.czechcyclingfederation.com\/wp-content\/uploads\/2022\/07\/Snimek-obrazovky-2022-07-27-v-12.04.28-e1658916381960-141x200.png 141w, https:\/\/www.czechcyclingfederation.com\/wp-content\/uploads\/2022\/07\/Snimek-obrazovky-2022-07-27-v-12.04.28-e1658916381960-768x1088.png 768w, https:\/\/www.czechcyclingfederation.com\/wp-content\/uploads\/2022\/07\/Snimek-obrazovky-2022-07-27-v-12.04.28-e1658916381960.png 876w\" sizes=\"auto, (max-width: 723px) 100vw, 723px\" \/><\/figure>\n","protected":false},"excerpt":{"rendered":"<p>Dvaadvacet t\u00fdm\u016f v\u010detn\u011b dvou z&nbsp;World Tour p\u0159ijede na Sazka Tour, nejpresti\u017en\u011bj\u0161\u00ed silni\u010dn\u00ed cyklistick\u00fd z\u00e1vod na \u010desk\u00e9m \u00fazem\u00ed, kter\u00fd se pojede od 4. do 7. srpna p\u0159ev\u00e1\u017en\u011b na Olomoucku a&nbsp;v Moravskoslezsk\u00e9m kraji. C\u00edlem organiz\u00e1tor\u016f je dostat na start nejlep\u0161\u00ed \u010desk\u00e9 reprezentanty v\u010detn\u011b aktu\u00e1ln\u00ed tuzemsk\u00e9 jedni\u010dky Jana Hirta, v\u00edt\u011bze jedn\u00e9 z&nbsp;etap leto\u0161n\u00edho Giro d\u2019Italia, ve h\u0159e je [&hellip;]<\/p>\n","protected":false},"author":1,"featured_media":12928,"comment_status":"closed","ping_status":"open","sticky":false,"template":"","format":"standard","meta":{"footnotes":""},"categories":[17,2,18],"tags":[11],"class_list":["post-12925","post","type-post","status-publish","format-standard","has-post-thumbnail","hentry","category-discipliny","category-novinky","category-silnice","tag-silnice"],"_links":{"self":[{"href":"https:\/\/www.czechcyclingfederation.com\/en\/wp-json\/wp\/v2\/posts\/12925","targetHints":{"allow":["GET"]}}],"collection":[{"href":"https:\/\/www.czechcyclingfederation.com\/en\/wp-json\/wp\/v2\/posts"}],"about":[{"href":"https:\/\/www.czechcyclingfederation.com\/en\/wp-json\/wp\/v2\/types\/post"}],"author":[{"embeddable":true,"href":"https:\/\/www.czechcyclingfederation.com\/en\/wp-json\/wp\/v2\/users\/1"}],"replies":[{"embeddable":true,"href":"https:\/\/www.czechcyclingfederation.com\/en\/wp-json\/wp\/v2\/comments?post=12925"}],"version-history":[{"count":1,"href":"https:\/\/www.czechcyclingfederation.com\/en\/wp-json\/wp\/v2\/posts\/12925\/revisions"}],"predecessor-version":[{"id":12929,"href":"https:\/\/www.czechcyclingfederation.com\/en\/wp-json\/wp\/v2\/posts\/12925\/revisions\/12929"}],"wp:featuredmedia":[{"embeddable":true,"href":"https:\/\/www.czechcyclingfederation.com\/en\/wp-json\/wp\/v2\/media\/12928"}],"wp:attachment":[{"href":"https:\/\/www.czechcyclingfederation.com\/en\/wp-json\/wp\/v2\/media?parent=12925"}],"wp:term":[{"taxonomy":"category","embeddable":true,"href":"https:\/\/www.czechcyclingfederation.com\/en\/wp-json\/wp\/v2\/categories?post=12925"},{"taxonomy":"post_tag","embeddable":true,"href":"https:\/\/www.czechcyclingfederation.com\/en\/wp-json\/wp\/v2\/tags?post=12925"}],"curies":[{"name":"wp","href":"https:\/\/api.w.org\/{rel}","templated":true}]}}