{"id":12897,"date":"2022-07-23T21:54:07","date_gmt":"2022-07-23T19:54:07","guid":{"rendered":"https:\/\/www.czechcyclingfederation.com\/?p=12897"},"modified":"2022-07-23T21:54:09","modified_gmt":"2022-07-23T19:54:09","slug":"adam-toupalik-vitezem-zavodu-visegrad-4-v-madarsku","status":"publish","type":"post","link":"https:\/\/www.czechcyclingfederation.com\/en\/adam-toupalik-vitezem-zavodu-visegrad-4-v-madarsku\/","title":{"rendered":"Adam \u0164oupal\u00edk v\u00edt\u011bzem z\u00e1vodu Visegrad 4 v Ma\u010farsku"},"content":{"rendered":"\n<p>Po poveden\u00e9m \u00fatoku v c\u00edlov\u00e9m stoup\u00e1n\u00ed vyhr\u00e1l cyklista st\u00e1je Elkov Kasper Adam \u0164oupal\u00edk s patn\u00e1ctivte\u0159inov\u00fdm n\u00e1skokem GP Hungary. V Ma\u010farsku pokra\u010doval t\u0159et\u00edm z\u00e1vodem seri\u00e1l Visegrad 4 Bicycle Race GP Hungary UCI 1.2, kter\u00fd se jel na tradi\u010dn\u00ed 150 km dlouh\u00e9 trase se startem v Budape\u0161ti a c\u00edlem na vrcholu Pannonhalma.<\/p>\n\n\n\n<p>Po \u010dty\u0159iceti kilometrech z pelotonu odjela skupina \u010dty\u0159 z\u00e1vodn\u00edk\u016f, kte\u0159\u00ed si vybudovali maxim\u00e1ln\u00ed n\u00e1skok p\u011bt a p\u016fl minuty. Peloton situaci ale kontroloval pozici a pades\u00e1t kilometr\u016f p\u0159ed c\u00edlem najeli na \u010delo Jan B\u00e1rta a Michael Kukrle (Elkov Kasper) a za\u010dali n\u00e1skok velmi rychle likvidovat.<\/p>\n\n\n\n<p>Dva z\u00e1v\u011bre\u010dn\u00e9 okruhy, kter\u00e9 \u010dekaly z\u00e1vodn\u00edky p\u0159ed c\u00edlem, u\u017e byl n\u00e1skok zlikvidov\u00e1n a v\u0161ichni se sna\u017eili vytvo\u0159it si co nejlep\u0161\u00ed pozice pro posledn\u00ed stoup\u00e1n\u00ed.<\/p>\n\n\n\n<p>\u201eV c\u00edlov\u00fdch okruz\u00edch jsme se sna\u017eili dr\u017eet si \u010deln\u00ed pozici. To se poda\u0159ilo a v posledn\u00edm kilometrov\u00e9m stoup\u00e1n\u00ed jsem nastoupil hned od za\u010d\u00e1tklu, proto\u017ee jsem v\u011bd\u011bl, \u017ee do c\u00edle bude lep\u0161\u00ed dojet v men\u0161\u00ed skupin\u011b. Nakonec to ale dalo a\u017e na c\u00edlovou p\u00e1sku, tak jsem za cel\u00fd t\u00fdm spokojen,\u201c \u0159ekl Adam \u0164oupal\u00edk, kter\u00fd tak nav\u00e1zal na sv\u00e9 prvenstv\u00ed v \u00favodn\u00edm z\u00e1vod\u011b s\u00e9rie Visegrad 4 Bicycle Race v Brn\u011b.<\/p>\n\n\n\n<p>o elitn\u00ed des\u00edtky se dostal je\u0161t\u011b na \u0161est\u00e9m m\u00edst\u011b z&nbsp;\u010cech\u016f Karel Camrda z t\u00fdmu ATT Investments.<\/p>\n\n\n\n<p>V\u00fdsledky:<\/p>\n\n\n\n<p>1.A. \u0164oupal\u00edk (Elkov Kasper) 3:43:10, 2. Thomas Pisentimi (It.) +15, 3. Barnab\u00e1s Pe\u00e1k (Ma\u010f.) +22, 4. Kubi\u0161 (SR) +26, 5. Heming (N\u011bm.\/ATT Investments) +31, 6. Camrda +32, &#8230;14. Jakoubek (oba ATT Investments) +41, 15. Otruba +43, 17. \u0158eha (oba Elkov Kasper) +46, 18. Schuran (ATT Investments) +47, 19. J. \u0164oupal\u00edk (Elkov Kasper) +51, 23. Bruber (TUFO &#8211; Pardus Prost\u011bjov) +1:03.<\/p>\n\n\n\n<p>FOTO Otakar Fiala<\/p>\n\n\n\n<figure class=\"wp-block-image size-large\"><img loading=\"lazy\" decoding=\"async\" width=\"768\" height=\"579\" src=\"http:\/\/www.czechcyclingfederation.com\/wp-content\/uploads\/2022\/07\/email.seznam.jpg\" alt=\"\" class=\"wp-image-12899\" srcset=\"https:\/\/www.czechcyclingfederation.com\/wp-content\/uploads\/2022\/07\/email.seznam.jpg 768w, https:\/\/www.czechcyclingfederation.com\/wp-content\/uploads\/2022\/07\/email.seznam-265x200.jpg 265w\" sizes=\"auto, (max-width: 768px) 100vw, 768px\" \/><\/figure>\n","protected":false},"excerpt":{"rendered":"<p>Po poveden\u00e9m \u00fatoku v c\u00edlov\u00e9m stoup\u00e1n\u00ed vyhr\u00e1l cyklista st\u00e1je Elkov Kasper Adam \u0164oupal\u00edk s patn\u00e1ctivte\u0159inov\u00fdm n\u00e1skokem GP Hungary. V Ma\u010farsku pokra\u010doval t\u0159et\u00edm z\u00e1vodem seri\u00e1l Visegrad 4 Bicycle Race GP Hungary UCI 1.2, kter\u00fd se jel na tradi\u010dn\u00ed 150 km dlouh\u00e9 trase se startem v Budape\u0161ti a c\u00edlem na vrcholu Pannonhalma. Po \u010dty\u0159iceti kilometrech z pelotonu [&hellip;]<\/p>\n","protected":false},"author":8,"featured_media":12898,"comment_status":"closed","ping_status":"open","sticky":false,"template":"","format":"standard","meta":{"footnotes":""},"categories":[2,18],"tags":[11],"class_list":["post-12897","post","type-post","status-publish","format-standard","has-post-thumbnail","hentry","category-novinky","category-silnice","tag-silnice"],"_links":{"self":[{"href":"https:\/\/www.czechcyclingfederation.com\/en\/wp-json\/wp\/v2\/posts\/12897","targetHints":{"allow":["GET"]}}],"collection":[{"href":"https:\/\/www.czechcyclingfederation.com\/en\/wp-json\/wp\/v2\/posts"}],"about":[{"href":"https:\/\/www.czechcyclingfederation.com\/en\/wp-json\/wp\/v2\/types\/post"}],"author":[{"embeddable":true,"href":"https:\/\/www.czechcyclingfederation.com\/en\/wp-json\/wp\/v2\/users\/8"}],"replies":[{"embeddable":true,"href":"https:\/\/www.czechcyclingfederation.com\/en\/wp-json\/wp\/v2\/comments?post=12897"}],"version-history":[{"count":1,"href":"https:\/\/www.czechcyclingfederation.com\/en\/wp-json\/wp\/v2\/posts\/12897\/revisions"}],"predecessor-version":[{"id":12900,"href":"https:\/\/www.czechcyclingfederation.com\/en\/wp-json\/wp\/v2\/posts\/12897\/revisions\/12900"}],"wp:featuredmedia":[{"embeddable":true,"href":"https:\/\/www.czechcyclingfederation.com\/en\/wp-json\/wp\/v2\/media\/12898"}],"wp:attachment":[{"href":"https:\/\/www.czechcyclingfederation.com\/en\/wp-json\/wp\/v2\/media?parent=12897"}],"wp:term":[{"taxonomy":"category","embeddable":true,"href":"https:\/\/www.czechcyclingfederation.com\/en\/wp-json\/wp\/v2\/categories?post=12897"},{"taxonomy":"post_tag","embeddable":true,"href":"https:\/\/www.czechcyclingfederation.com\/en\/wp-json\/wp\/v2\/tags?post=12897"}],"curies":[{"name":"wp","href":"https:\/\/api.w.org\/{rel}","templated":true}]}}