{"id":12838,"date":"2022-07-16T19:18:29","date_gmt":"2022-07-16T17:18:29","guid":{"rendered":"https:\/\/www.czechcyclingfederation.com\/?p=12838"},"modified":"2022-07-16T19:18:31","modified_gmt":"2022-07-16T17:18:31","slug":"silnicnim-mistrem-kategorie-u23-se-stal-petr-kelemen","status":"publish","type":"post","link":"https:\/\/www.czechcyclingfederation.com\/en\/silnicnim-mistrem-kategorie-u23-se-stal-petr-kelemen\/","title":{"rendered":"Silni\u010dn\u00edm mistrem kategorie U23 se stal Petr Kelemen"},"content":{"rendered":"\n<p>Jednozna\u010dn\u00fdm v\u00edt\u011bzem, naprosto zaslou\u017een\u00fdm, na spole\u010dn\u00e9m silni\u010dn\u00edm \u0161ampion\u00e1tu \u010desk\u00fdch a slovensk\u00fdch cyklist\u016f kategorie U23 se v\u00a0\u010cesk\u00e9 T\u0159ebov\u00e9 stal Petr Kelemen jezd\u00edc\u00ed ve st\u00e1ji Tudor Pro Cycling. Pro dal\u0161\u00ed dv\u011b medaile si dojeli st\u0159\u00edbrn\u00fd Jakub \u0164oupal\u00edk (Elkov Kasper) a bronz vybojoval Jan Ka\u0161par z ATT Investments. Slovensk\u00fdm mistrem se stal Luk\u00e1\u0161 Kubi\u0161 (Dukla B\u00e1nsk\u00e1 Bystrica).<\/p>\n\n\n\n<p>Kelemen si z\u00e1vod doslova podmanil, se v\u0161emi soupe\u0159i si pohr\u00e1l. Hned v&nbsp;prvn\u00edm ze sedmi okruh\u016f, z&nbsp;nich\u017e ka\u017ed\u00fd m\u011b\u0159il 21,3 kilometru, odjel v\u0161em soupe\u0159\u016fm a ti jej op\u011bt vid\u011bli a\u017e v&nbsp;c\u00edli. Za n\u00edm se vydala deseti\u010dlenn\u00e1 skupina, ale z&nbsp;jeho nejv\u011bt\u0161\u00edho n\u00e1skoku, kter\u00fd se vy\u0161plhal a\u017e na \u010dty\u0159i a p\u016fl minuty, dok\u00e1zala jen odstup sn\u00ed\u017eit na dv\u011b minuty. Potom se i tato skupina rozd\u011blila a do c\u00edle doj\u00ed\u017ed\u011bli z\u00e1vodn\u00edci prakticky po jednom.<\/p>\n\n\n\n<p>&#8220;Bylo to takov\u00e9 zaj\u00edmav\u00e9. V\u017edy na za\u010d\u00e1tku d\u011bl\u00e1m takov\u00e9 srandy a nastoup\u00edm. V prvn\u00edm kopci byly dva n\u00e1stupy a potom jsem se zvedl j\u00e1 a kdy\u017e se oto\u010dil, tak za mnou nikdo. Kdy\u017e u\u017e jsem m\u011bl t\u0159i minuty, tak si \u0159ekl, \u017ee pojedu. Byl ale dost velk\u00fd v\u00edtr a o to, to bylo t\u011b\u017e\u0161\u00ed, ale zvl\u00e1dl jsem to. Kdy\u017e jsem naj\u00ed\u017ed\u011bl do posledn\u00edch t\u0159\u00ed kol, tak jsem si \u0159\u00edkal, \u017ee u\u017e opravdu mus\u00edm jet, i kdy\u017e jednu chv\u00edli jsem tak trochu \u010dekal na des\u00edtku jezdc\u016f za mnou, ale nep\u0159ibli\u017eovali se. Posledn\u00ed dv\u011b kola byla hodn\u011b n\u00e1ro\u010dn\u00e9, byl jsem ji\u017e dost mrtv\u00fd, ale vy\u0161lo to a z\u00e1v\u011bre\u010dn\u00fd fini\u0161 jsem si u\u017eil,&#8221; \u0159ekl Petr Kelemen, kter\u00fd v silni\u010dn\u00edm z\u00e1vodu vybojoval svoji prvn\u00ed medaili, kdy\u017e na stupn\u00edch v\u00edt\u011bz\u016f byl ji\u017e v \u010dasovce.<\/p>\n\n\n\n<p>&#8220;Nem\u00e1m moc r\u00e1d z\u00e1vody na rovin\u011b, letos to bylo kone\u010dn\u011b n\u011bco t\u011b\u017e\u0161\u00edho a to mi vyhovuje,&#8221; dodal nov\u00fd \u010desk\u00fd mistr.<\/p>\n\n\n\n<p>V\u00fdsledky:<\/p>\n\n\n\n<p>1. P. Kelemen (Tudor Pro Cycling) 3:53:10, 2. J. \u0164oupal\u00edk (Elkov Kasper) +1:21, 3. Ka\u0161par (ATT Investments) +1:22, 4. Voltr (Favorit Brno) +1:27, 5. Bittner (Development Team&nbsp; DSM) +2:47, 6. \u0158eha (Elkov Kasper) +4:31.<\/p>\n\n\n\n<p>FOTO Jan Brychta<\/p>\n\n\n\n<figure class=\"wp-block-image size-large\"><img loading=\"lazy\" decoding=\"async\" width=\"1024\" height=\"684\" src=\"http:\/\/www.czechcyclingfederation.com\/wp-content\/uploads\/2022\/07\/BrychtaJan_MR_MCR_MSR_U23_Ceska_Trebova_20220716_125621_DSC_7294-2-1024x684.jpg\" alt=\"\" class=\"wp-image-12845\" srcset=\"https:\/\/www.czechcyclingfederation.com\/wp-content\/uploads\/2022\/07\/BrychtaJan_MR_MCR_MSR_U23_Ceska_Trebova_20220716_125621_DSC_7294-2-1024x684.jpg 1024w, https:\/\/www.czechcyclingfederation.com\/wp-content\/uploads\/2022\/07\/BrychtaJan_MR_MCR_MSR_U23_Ceska_Trebova_20220716_125621_DSC_7294-2-300x200.jpg 300w, https:\/\/www.czechcyclingfederation.com\/wp-content\/uploads\/2022\/07\/BrychtaJan_MR_MCR_MSR_U23_Ceska_Trebova_20220716_125621_DSC_7294-2-768x513.jpg 768w, https:\/\/www.czechcyclingfederation.com\/wp-content\/uploads\/2022\/07\/BrychtaJan_MR_MCR_MSR_U23_Ceska_Trebova_20220716_125621_DSC_7294-2-1536x1025.jpg 1536w\" sizes=\"auto, (max-width: 1024px) 100vw, 1024px\" \/><\/figure>\n\n\n\n<figure class=\"wp-block-image size-large\"><img loading=\"lazy\" decoding=\"async\" width=\"1024\" height=\"684\" src=\"http:\/\/www.czechcyclingfederation.com\/wp-content\/uploads\/2022\/07\/Kelemen-BrychtaJan_MR_MCR_MSR_U23_Ceska_Trebova_20220716_161520_DSC_7431-1024x684.jpg\" alt=\"\" class=\"wp-image-12841\" srcset=\"https:\/\/www.czechcyclingfederation.com\/wp-content\/uploads\/2022\/07\/Kelemen-BrychtaJan_MR_MCR_MSR_U23_Ceska_Trebova_20220716_161520_DSC_7431-1024x684.jpg 1024w, https:\/\/www.czechcyclingfederation.com\/wp-content\/uploads\/2022\/07\/Kelemen-BrychtaJan_MR_MCR_MSR_U23_Ceska_Trebova_20220716_161520_DSC_7431-300x200.jpg 300w, https:\/\/www.czechcyclingfederation.com\/wp-content\/uploads\/2022\/07\/Kelemen-BrychtaJan_MR_MCR_MSR_U23_Ceska_Trebova_20220716_161520_DSC_7431-768x513.jpg 768w, https:\/\/www.czechcyclingfederation.com\/wp-content\/uploads\/2022\/07\/Kelemen-BrychtaJan_MR_MCR_MSR_U23_Ceska_Trebova_20220716_161520_DSC_7431-1536x1025.jpg 1536w, https:\/\/www.czechcyclingfederation.com\/wp-content\/uploads\/2022\/07\/Kelemen-BrychtaJan_MR_MCR_MSR_U23_Ceska_Trebova_20220716_161520_DSC_7431-2048x1367.jpg 2048w, https:\/\/www.czechcyclingfederation.com\/wp-content\/uploads\/2022\/07\/Kelemen-BrychtaJan_MR_MCR_MSR_U23_Ceska_Trebova_20220716_161520_DSC_7431-1320x881.jpg 1320w\" sizes=\"auto, (max-width: 1024px) 100vw, 1024px\" \/><\/figure>\n\n\n\n<figure class=\"wp-block-image size-large\"><img loading=\"lazy\" decoding=\"async\" width=\"1024\" height=\"682\" src=\"http:\/\/www.czechcyclingfederation.com\/wp-content\/uploads\/2022\/07\/Bittner-BrychtaJan_MR_MCR_MSR_U23_Ceska_Trebova_20220716_160456_DSC_9116-1024x682.jpg\" alt=\"\" class=\"wp-image-12844\" srcset=\"https:\/\/www.czechcyclingfederation.com\/wp-content\/uploads\/2022\/07\/Bittner-BrychtaJan_MR_MCR_MSR_U23_Ceska_Trebova_20220716_160456_DSC_9116-1024x682.jpg 1024w, https:\/\/www.czechcyclingfederation.com\/wp-content\/uploads\/2022\/07\/Bittner-BrychtaJan_MR_MCR_MSR_U23_Ceska_Trebova_20220716_160456_DSC_9116-300x200.jpg 300w, https:\/\/www.czechcyclingfederation.com\/wp-content\/uploads\/2022\/07\/Bittner-BrychtaJan_MR_MCR_MSR_U23_Ceska_Trebova_20220716_160456_DSC_9116-768x511.jpg 768w, https:\/\/www.czechcyclingfederation.com\/wp-content\/uploads\/2022\/07\/Bittner-BrychtaJan_MR_MCR_MSR_U23_Ceska_Trebova_20220716_160456_DSC_9116-1536x1022.jpg 1536w, https:\/\/www.czechcyclingfederation.com\/wp-content\/uploads\/2022\/07\/Bittner-BrychtaJan_MR_MCR_MSR_U23_Ceska_Trebova_20220716_160456_DSC_9116-2048x1363.jpg 2048w, https:\/\/www.czechcyclingfederation.com\/wp-content\/uploads\/2022\/07\/Bittner-BrychtaJan_MR_MCR_MSR_U23_Ceska_Trebova_20220716_160456_DSC_9116-1320x879.jpg 1320w\" sizes=\"auto, (max-width: 1024px) 100vw, 1024px\" \/><\/figure>\n\n\n\n<figure class=\"wp-block-image size-large\"><img loading=\"lazy\" decoding=\"async\" width=\"1024\" height=\"682\" src=\"https:\/\/www.czechcyclingfederation.com\/wp-content\/uploads\/2022\/07\/BrychtaJan_MR_MCR_MSR_U23_Ceska_Trebova_20220716_173439_DSC_9383-1024x682.jpg\" alt=\"\" class=\"wp-image-12846\" srcset=\"https:\/\/www.czechcyclingfederation.com\/wp-content\/uploads\/2022\/07\/BrychtaJan_MR_MCR_MSR_U23_Ceska_Trebova_20220716_173439_DSC_9383-1024x682.jpg 1024w, https:\/\/www.czechcyclingfederation.com\/wp-content\/uploads\/2022\/07\/BrychtaJan_MR_MCR_MSR_U23_Ceska_Trebova_20220716_173439_DSC_9383-300x200.jpg 300w, https:\/\/www.czechcyclingfederation.com\/wp-content\/uploads\/2022\/07\/BrychtaJan_MR_MCR_MSR_U23_Ceska_Trebova_20220716_173439_DSC_9383-768x511.jpg 768w, https:\/\/www.czechcyclingfederation.com\/wp-content\/uploads\/2022\/07\/BrychtaJan_MR_MCR_MSR_U23_Ceska_Trebova_20220716_173439_DSC_9383-1536x1022.jpg 1536w, https:\/\/www.czechcyclingfederation.com\/wp-content\/uploads\/2022\/07\/BrychtaJan_MR_MCR_MSR_U23_Ceska_Trebova_20220716_173439_DSC_9383-2048x1363.jpg 2048w, https:\/\/www.czechcyclingfederation.com\/wp-content\/uploads\/2022\/07\/BrychtaJan_MR_MCR_MSR_U23_Ceska_Trebova_20220716_173439_DSC_9383-1320x879.jpg 1320w\" sizes=\"auto, (max-width: 1024px) 100vw, 1024px\" \/><\/figure>\n\n\n\n<figure class=\"wp-block-image size-large\"><img loading=\"lazy\" decoding=\"async\" width=\"1024\" height=\"682\" src=\"https:\/\/www.czechcyclingfederation.com\/wp-content\/uploads\/2022\/07\/BrychtaJan_MR_MCR_MSR_U23_Ceska_Trebova_20220716_161020_DSC_9125-1024x682.jpg\" alt=\"\" class=\"wp-image-12847\" srcset=\"https:\/\/www.czechcyclingfederation.com\/wp-content\/uploads\/2022\/07\/BrychtaJan_MR_MCR_MSR_U23_Ceska_Trebova_20220716_161020_DSC_9125-1024x682.jpg 1024w, https:\/\/www.czechcyclingfederation.com\/wp-content\/uploads\/2022\/07\/BrychtaJan_MR_MCR_MSR_U23_Ceska_Trebova_20220716_161020_DSC_9125-300x200.jpg 300w, https:\/\/www.czechcyclingfederation.com\/wp-content\/uploads\/2022\/07\/BrychtaJan_MR_MCR_MSR_U23_Ceska_Trebova_20220716_161020_DSC_9125-768x511.jpg 768w, https:\/\/www.czechcyclingfederation.com\/wp-content\/uploads\/2022\/07\/BrychtaJan_MR_MCR_MSR_U23_Ceska_Trebova_20220716_161020_DSC_9125-1536x1022.jpg 1536w, https:\/\/www.czechcyclingfederation.com\/wp-content\/uploads\/2022\/07\/BrychtaJan_MR_MCR_MSR_U23_Ceska_Trebova_20220716_161020_DSC_9125-2048x1363.jpg 2048w, https:\/\/www.czechcyclingfederation.com\/wp-content\/uploads\/2022\/07\/BrychtaJan_MR_MCR_MSR_U23_Ceska_Trebova_20220716_161020_DSC_9125-1320x879.jpg 1320w\" sizes=\"auto, (max-width: 1024px) 100vw, 1024px\" \/><\/figure>\n","protected":false},"excerpt":{"rendered":"<p>Jednozna\u010dn\u00fdm v\u00edt\u011bzem, naprosto zaslou\u017een\u00fdm, na spole\u010dn\u00e9m silni\u010dn\u00edm \u0161ampion\u00e1tu \u010desk\u00fdch a slovensk\u00fdch cyklist\u016f kategorie U23 se v\u00a0\u010cesk\u00e9 T\u0159ebov\u00e9 stal Petr Kelemen jezd\u00edc\u00ed ve st\u00e1ji Tudor Pro Cycling. Pro dal\u0161\u00ed dv\u011b medaile si dojeli st\u0159\u00edbrn\u00fd Jakub \u0164oupal\u00edk (Elkov Kasper) a bronz vybojoval Jan Ka\u0161par z ATT Investments. Slovensk\u00fdm mistrem se stal Luk\u00e1\u0161 Kubi\u0161 (Dukla B\u00e1nsk\u00e1 Bystrica). Kelemen [&hellip;]<\/p>\n","protected":false},"author":8,"featured_media":12839,"comment_status":"closed","ping_status":"open","sticky":false,"template":"","format":"standard","meta":{"footnotes":""},"categories":[2,18],"tags":[11],"class_list":["post-12838","post","type-post","status-publish","format-standard","has-post-thumbnail","hentry","category-novinky","category-silnice","tag-silnice"],"_links":{"self":[{"href":"https:\/\/www.czechcyclingfederation.com\/en\/wp-json\/wp\/v2\/posts\/12838","targetHints":{"allow":["GET"]}}],"collection":[{"href":"https:\/\/www.czechcyclingfederation.com\/en\/wp-json\/wp\/v2\/posts"}],"about":[{"href":"https:\/\/www.czechcyclingfederation.com\/en\/wp-json\/wp\/v2\/types\/post"}],"author":[{"embeddable":true,"href":"https:\/\/www.czechcyclingfederation.com\/en\/wp-json\/wp\/v2\/users\/8"}],"replies":[{"embeddable":true,"href":"https:\/\/www.czechcyclingfederation.com\/en\/wp-json\/wp\/v2\/comments?post=12838"}],"version-history":[{"count":1,"href":"https:\/\/www.czechcyclingfederation.com\/en\/wp-json\/wp\/v2\/posts\/12838\/revisions"}],"predecessor-version":[{"id":12848,"href":"https:\/\/www.czechcyclingfederation.com\/en\/wp-json\/wp\/v2\/posts\/12838\/revisions\/12848"}],"wp:featuredmedia":[{"embeddable":true,"href":"https:\/\/www.czechcyclingfederation.com\/en\/wp-json\/wp\/v2\/media\/12839"}],"wp:attachment":[{"href":"https:\/\/www.czechcyclingfederation.com\/en\/wp-json\/wp\/v2\/media?parent=12838"}],"wp:term":[{"taxonomy":"category","embeddable":true,"href":"https:\/\/www.czechcyclingfederation.com\/en\/wp-json\/wp\/v2\/categories?post=12838"},{"taxonomy":"post_tag","embeddable":true,"href":"https:\/\/www.czechcyclingfederation.com\/en\/wp-json\/wp\/v2\/tags?post=12838"}],"curies":[{"name":"wp","href":"https:\/\/api.w.org\/{rel}","templated":true}]}}