{"id":12825,"date":"2022-07-15T11:57:00","date_gmt":"2022-07-15T09:57:00","guid":{"rendered":"https:\/\/www.czechcyclingfederation.com\/?p=12825"},"modified":"2022-07-15T20:59:21","modified_gmt":"2022-07-15T18:59:21","slug":"cabelicka-zahajila-sp-v-andore-19-mistem-cink-24","status":"publish","type":"post","link":"https:\/\/www.czechcyclingfederation.com\/en\/cabelicka-zahajila-sp-v-andore-19-mistem-cink-24\/","title":{"rendered":"\u010c\u00e1belick\u00e1 zah\u00e1jila SP v Ando\u0159e 19. m\u00edstem, Cink 24."},"content":{"rendered":"\n<p><strong>Sv\u011btov\u00fd poh\u00e1r horsk\u00fdch kol ve Vallnordu v Ando\u0159e odstartoval tradi\u010dn\u011b Short Trackem.\u00a0<\/strong><\/p>\n\n\n\n<p>Nejv\u00fdrazn\u011bj\u0161\u00ed v\u00fdsledek zajela mezi \u017eenami Jitka \u010c\u00e1belick\u00e1 na 19. m\u00edst\u011b a 37. m\u00edsto obsadila Jana Czeczinkarov\u00e1. Po zdravotn\u00ed pauze odstartovala tak\u00e9 \u010desk\u00e1 jedni\u010dka Ond\u0159ej Cink, kter\u00fd dokon\u010dil na 24. m\u00edst\u011b.&nbsp;<\/p>\n\n\n\n<p>Z\u00edtra je v Ando\u0159e na programu sjezd. Z\u00e1vody cross country pokra\u010duj\u00ed z\u00e1vody U23 a elitn\u00edmi kategoriemi v ned\u011bli. Sv\u011btov\u00fd poh\u00e1r m\u016f\u017eete sledovat \u017eiv\u011b na webu \u010cT Sport nebo Red Bull TV.<\/p>\n\n\n\n<p><strong>V\u00fdsledky<\/strong>:<\/p>\n\n\n\n<p>Mu\u017ei:<\/p>\n\n\n\n<p>1. Mathias Fl\u00fcckiger (\u0160v\u00fdc., Thoemus Maxon) 20:55, 2. Alan Hatherly (RSA, Cannondale) +0:01, 3. Vlad Dascalu (Rum., Trek Factory) +0:04, &#8230; 24. Ond\u0159ej Cink (Kross Orlen) +0:44.<\/p>\n\n\n\n<p>\u017deny:<\/p>\n\n\n\n<p>1. Alessandra Keller (\u0160v\u00fdc., Thoemus Maxon) +20:50, 2. Anne Terpstra (Niz., Ghost Factory) +0:01, 3. Rebecca McConnel (Aus., Primaflor Mondraker) +0:05, &#8230; 19. Jitka \u010c\u00e1belick\u00e1 (Gapp System Kolofix) +1:32, 37. Jana Czeczinkarov\u00e1 (Liv Elmtrade) +2:49.<\/p>\n\n\n\n<p><\/p>\n","protected":false},"excerpt":{"rendered":"<p>Sv\u011btov\u00fd poh\u00e1r horsk\u00fdch kol ve Vallnordu v Ando\u0159e odstartoval tradi\u010dn\u011b Short Trackem.\u00a0 Nejv\u00fdrazn\u011bj\u0161\u00ed v\u00fdsledek zajela mezi \u017eenami Jitka \u010c\u00e1belick\u00e1 na 19. m\u00edst\u011b a 37. m\u00edsto obsadila Jana Czeczinkarov\u00e1. Po zdravotn\u00ed pauze odstartovala tak\u00e9 \u010desk\u00e1 jedni\u010dka Ond\u0159ej Cink, kter\u00fd dokon\u010dil na 24. m\u00edst\u011b.&nbsp; Z\u00edtra je v Ando\u0159e na programu sjezd. Z\u00e1vody cross country pokra\u010duj\u00ed z\u00e1vody U23 [&hellip;]<\/p>\n","protected":false},"author":9,"featured_media":0,"comment_status":"closed","ping_status":"open","sticky":false,"template":"","format":"standard","meta":{"footnotes":""},"categories":[6,2],"tags":[10],"class_list":["post-12825","post","type-post","status-publish","format-standard","hentry","category-mtb","category-novinky","tag-mtb"],"_links":{"self":[{"href":"https:\/\/www.czechcyclingfederation.com\/en\/wp-json\/wp\/v2\/posts\/12825","targetHints":{"allow":["GET"]}}],"collection":[{"href":"https:\/\/www.czechcyclingfederation.com\/en\/wp-json\/wp\/v2\/posts"}],"about":[{"href":"https:\/\/www.czechcyclingfederation.com\/en\/wp-json\/wp\/v2\/types\/post"}],"author":[{"embeddable":true,"href":"https:\/\/www.czechcyclingfederation.com\/en\/wp-json\/wp\/v2\/users\/9"}],"replies":[{"embeddable":true,"href":"https:\/\/www.czechcyclingfederation.com\/en\/wp-json\/wp\/v2\/comments?post=12825"}],"version-history":[{"count":2,"href":"https:\/\/www.czechcyclingfederation.com\/en\/wp-json\/wp\/v2\/posts\/12825\/revisions"}],"predecessor-version":[{"id":12828,"href":"https:\/\/www.czechcyclingfederation.com\/en\/wp-json\/wp\/v2\/posts\/12825\/revisions\/12828"}],"wp:attachment":[{"href":"https:\/\/www.czechcyclingfederation.com\/en\/wp-json\/wp\/v2\/media?parent=12825"}],"wp:term":[{"taxonomy":"category","embeddable":true,"href":"https:\/\/www.czechcyclingfederation.com\/en\/wp-json\/wp\/v2\/categories?post=12825"},{"taxonomy":"post_tag","embeddable":true,"href":"https:\/\/www.czechcyclingfederation.com\/en\/wp-json\/wp\/v2\/tags?post=12825"}],"curies":[{"name":"wp","href":"https:\/\/api.w.org\/{rel}","templated":true}]}}